{"id":961,"date":"2022-09-15T16:01:00","date_gmt":"2022-09-15T16:01:00","guid":{"rendered":"https:\/\/www.belvilla.de\/blog\/?p=961"},"modified":"2023-08-28T21:00:05","modified_gmt":"2023-08-28T21:00:05","slug":"urlaubimherbst-deutschland","status":"publish","type":"post","link":"https:\/\/www.belvilla.de\/blog\/urlaubimherbst-deutschland\/","title":{"rendered":"Die sch\u00f6nsten Orte f\u00fcr einen St\u00e4dtetrip im Herbst"},"content":{"rendered":"\n<p>Im Herbst werden die Tage k\u00fcrzer und die Temperaturen k\u00fchler, das Leben findet mehr in den H\u00e4usern und Caf\u00e9s statt, und alles wird etwas gem\u00fctlicher. Gerade deshalb halten wir es f\u00fcr wichtig, aktiv zu bleiben, und Deutschland bietet im goldenen Herbst zahlreiche sch\u00f6ne Orte, die zu einem Kurzurlaub einladen. F\u00fcr uns gibt es nichts Sch\u00f6neres, als neue Orte zu entdecken und neue Energie f\u00fcr den Alltag zu sammeln. 7 der sch\u00f6nsten St\u00e4dte f\u00fcr einen Herbsturlaub m\u00f6chten wir euch hier vorstellen, inklusive Tipps und Empfehlungen. Darunter die Metropolen M\u00fcnchen, Frankfurt, und Berlin, aber auch St\u00e4dte wie Flensburg, M\u00fcnster, Freiburg und Heidelberg.&nbsp;F\u00fcr noch mehr Inspiration und tolle Unterk\u00fcnfte f\u00fcr euren Herbsturlaub, schaut euch unsere Auswahl an Ferienh\u00e4usern f\u00fcr einen <a href=\"https:\/\/www.belvilla.de\/herbsturlaub-in-deutschland\">Herbsturlaub in Deutschland<\/a> an.<\/p>\n\n\n<h2>M\u00fcnchen&nbsp;<\/h2>\n\n\n<figure class=\"wp-block-image size-full\"><img loading=\"lazy\" decoding=\"async\" width=\"1024\" height=\"683\" src=\"https:\/\/www.belvilla.de\/blog\/wp-content\/uploads\/sites\/4\/2022\/09\/shutterstock_1103211416.jpg\" alt=\"Starnberger See im Herbst\" class=\"wp-image-964\" srcset=\"https:\/\/www.belvilla.de\/blog\/wp-content\/uploads\/sites\/4\/2022\/09\/shutterstock_1103211416.jpg 1024w, https:\/\/www.belvilla.de\/blog\/wp-content\/uploads\/sites\/4\/2022\/09\/shutterstock_1103211416-750x500.jpg 750w, https:\/\/www.belvilla.de\/blog\/wp-content\/uploads\/sites\/4\/2022\/09\/shutterstock_1103211416-300x200.jpg 300w\" sizes=\"auto, (max-width: 1024px) 100vw, 1024px\" \/><figcaption class=\"wp-element-caption\">Starnberger See im Herbst<\/figcaption><\/figure>\n\n\n\n<p>Die Landeshauptstadt Bayerns ist gerade im Herbst eine Attraktion f\u00fcr Touristen aller Art, denn dann, Ende September bis Oktober, findet das weltber\u00fchmte Oktoberfest statt. Brezeln und \u201eMa\u00df\u201c stehen f\u00fcr das bayrische, traditionelle Fest, ebenso wie fesche Dirndl und Lederhosen. M\u00fcnchen bietet aber nicht nur Feste, Bierg\u00e4rten und uriges Lebensgef\u00fchl, sondern auch Shoppingm\u00f6glichkeiten aller Art. Von gro\u00dfen Gesch\u00e4ften \u00fcber kleine Second-Hand-L\u00e4den und Boutiquen findet hier garantiert jeder etwas. Unweit von M\u00fcnchen liegt der Starnberger See, der einen Herbstspaziergang unvergesslich macht, Alpenblick inklusive. Abends k\u00f6nnen Kulturfreunde in M\u00fcnchen ins Theater oder in die Oper gehen.<\/p>\n\n\n<h2>Flensburg<\/h2>\n\n\n<p>Flensburg liegt hoch im Norden in Schleswig-Holstein und ist im Herbst besonders sch\u00f6n. Im Oktober findet in Gl\u00fccksburg, im n\u00f6rdlichsten Ort Deutschlands, das \u201eLichtermeer\u201c statt.&nbsp; Wandern und Radfahren l\u00e4sst es sich entlang der Flensburger F\u00f6rde, dem <a href=\"https:\/\/www.belvilla.de\/blog\/reisen-norwegische-fjorde\/\">Fjord<\/a> Flensburgs. Auch durch die Altstadt Flensburg l\u00e4sst es sich wunderbar schlendern und staunen. Von Flensburg lohnt sich \u00fcbrigens auch ein Trip ins nahe gelegene D\u00e4nemark.&nbsp;<\/p>\n\n\n\n<p>Zieht euch aber warm an, an der Ostsee kann es im Herbst sch\u00f6n windig und nass werden!&nbsp;<\/p>\n\n\n<h2>M\u00fcnster<\/h2>\n\n\n<figure class=\"wp-block-image size-full\"><img loading=\"lazy\" decoding=\"async\" width=\"1024\" height=\"683\" src=\"https:\/\/www.belvilla.de\/blog\/wp-content\/uploads\/sites\/4\/2022\/09\/shutterstock_2167035231.jpg\" alt=\"Schloss M\u00fcnster\" class=\"wp-image-965\" srcset=\"https:\/\/www.belvilla.de\/blog\/wp-content\/uploads\/sites\/4\/2022\/09\/shutterstock_2167035231.jpg 1024w, https:\/\/www.belvilla.de\/blog\/wp-content\/uploads\/sites\/4\/2022\/09\/shutterstock_2167035231-750x500.jpg 750w, https:\/\/www.belvilla.de\/blog\/wp-content\/uploads\/sites\/4\/2022\/09\/shutterstock_2167035231-300x200.jpg 300w\" sizes=\"auto, (max-width: 1024px) 100vw, 1024px\" \/><figcaption class=\"wp-element-caption\">Schloss M\u00fcnster<\/figcaption><\/figure>\n\n\n\n<p>Gotisch, romanische Architektur, niedliche Gassen, freundliche Menschen und zahlreiche gem\u00fctliche Caf\u00e9s und Einkaufsm\u00f6glichkeiten warten auf euch in M\u00fcnster, im Westen Deutschlands. Die Universit\u00e4tsstadt ist im Herbst besonders sch\u00f6n. Im Schlossgarten am F\u00fcrstbisch\u00f6flichen Schloss M\u00fcnster lohnt sich ein Spaziergang durch golden gef\u00e4rbte B\u00e4ume, und auch der Botanische Garten der Westf\u00e4lischen Wilhelms-Universit\u00e4t M\u00fcnster ist im Herbst wundersch\u00f6n. Unser Extra-Tipp: M\u00fcnster ist nicht weit entfernt von der niederl\u00e4ndischen Grenze, auch hierhin lohnt sich ein kleiner Abstecher.&nbsp;<\/p>\n\n\n<h2>Freiburg<\/h2>\n\n\n<p>Die w\u00e4rmste Stadt Deutschlands ist wohl eine der sch\u00f6nsten Orte Deutschlands. Mit seinen verwinkelten Gassen, dem <a href=\"https:\/\/www.belvilla.de\/ferienwohnung-schwarzwald-deutschland\/\">Schwarzwald<\/a>, der Weinkultur und nahe gelegenem Frankreich, erinnert es selbst sehr an eine franz\u00f6sische Kleinstadt. Die Menschen scheinen hier das s\u00fcdl\u00e4ndische Lebensgef\u00fchl verinnerlicht zu haben, und so l\u00e4sst es sich auch im Herbst wunderbar in der Alten Wache auf ein Gl\u00e4schen <a href=\"https:\/\/www.belvilla.de\/blog\/schoenste-weinregionen\/\">Wein<\/a> am M\u00fcnsterplatz sitzen. Hier lohnt sich auch ein Besuch ins nahe gelegene M\u00fcnster und auch der Universit\u00e4tscampus l\u00e4dt zu einem herbstlichen Spaziergang ein. Der nahe gelegene Kaiserstuhl verf\u00fchrt zu Wander- oder Radtouren. Mit einem Besuch in einer Strau\u00dfwirtschaft und typisch badischem Flammkuchen klingt der Tag perfekt aus.<\/p>\n\n\n<h2>Heidelberg<\/h2>\n\n\n<p>Die Universit\u00e4tsstadt am Neckar ist st\u00e4ndig in Bewegung. Gerade im Herbst l\u00e4sst es sich am Wasser und in der Innenstadt herrlich spazieren, zahlreiche Restaurants und Caf\u00e9s laden zum Verweilen ein. Im September findet der \u201eHeidelberger Herbst\u201c statt, mit Flohmarkt, St\u00e4nden mit Spezialit\u00e4ten und Kunsthandwerkermarkt, und das mitten in der sch\u00f6nen Heidelberger Altstadt. Die ehemalige Residenzstadt der Kurf\u00fcrsten ist einer der beliebtesten touristischen Orte und lockt j\u00e4hrlich Jung und Alt in den S\u00fcden.&nbsp; Auch das Theater bietet f\u00fcr <a href=\"https:\/\/www.belvilla.de\/blog\/8-strand-ferienziele-fuer-kulturliebhaber\/\">Kulturliebhaber<\/a> immer etwas Besonderes.&nbsp;<\/p>\n\n\n<h2>Frankfurt<\/h2>\n\n\n<figure class=\"wp-block-image size-full\"><img loading=\"lazy\" decoding=\"async\" width=\"1024\" height=\"683\" src=\"https:\/\/www.belvilla.de\/blog\/wp-content\/uploads\/sites\/4\/2022\/09\/shutterstock_1878176371.jpg\" alt=\"Frankfurt Panorama im Herbst\" class=\"wp-image-966\" srcset=\"https:\/\/www.belvilla.de\/blog\/wp-content\/uploads\/sites\/4\/2022\/09\/shutterstock_1878176371.jpg 1024w, https:\/\/www.belvilla.de\/blog\/wp-content\/uploads\/sites\/4\/2022\/09\/shutterstock_1878176371-750x500.jpg 750w, https:\/\/www.belvilla.de\/blog\/wp-content\/uploads\/sites\/4\/2022\/09\/shutterstock_1878176371-300x200.jpg 300w\" sizes=\"auto, (max-width: 1024px) 100vw, 1024px\" \/><figcaption class=\"wp-element-caption\">Frankfurt Panorama im Herbst<\/figcaption><\/figure>\n\n\n\n<p>Hessens gr\u00f6\u00dfte Stadt ist pulsierend und dynamisch, verbindet internationale Moderne und hessische Gem\u00fctlichkeit. Kein Wunder, hier sitzt die Europ\u00e4ische Zentralbank, das Frankfurter Bankenviertel, und im historischen Kontrast dazu, das Geburtshaus des ber\u00fchmten Dichters Goethe. Mittlerweile ist dieses ein Museum, f\u00fcr Kulturliebhaber ein absolutes Muss. Aber auch eines der Theater ist einen Besuch wert. Im Herbst lohnt sich ein Spaziergang durch die Altstadt, entlang des Main umgeben von Gold-gef\u00e4rbten B\u00e4umen und zum Tagesabschluss ein Besuch im typisch hessischen Restaurant. Mit Frankfurter Apfelwein, von Einheimischen \u201eEbbelewei\u201c oder \u201e\u00c4ppler\u201c genannt, l\u00e4sst sich dann abends herrlich der Blick auf die Frankfurter Skyline genie\u00dfen.&nbsp;<\/p>\n\n\n<h2>Berlin<\/h2>\n\n\n<p>Ein Trip nach Berlin lohnt sich immer finden wir. Hier gibt es auch im Herbst viel zu entdecken. Traumhaft l\u00e4sst es sich an der Spree entlang spazieren, nahe dem Regierungsviertel und entlang des Deutschen Doms, und der Museumsinsel, wo sich zahlreiche Museen und Ausstellungen kostenlos besuchen lassen. Auch das Nikolaiviertel in Berlin, das in den 70ern wieder aufgebaut wurde, lohnt sich f\u00fcr einen Spaziergang und anschlie\u00dfendem Besuch in einem der niedlichen Caf\u00e9s und Restaurants. Zum Shoppen und Flanieren im Herbst bieten sich Berlin-Mitte und Unter den Linden an. Entdeckt unsere <a href=\"https:\/\/www.belvilla.de\/ferienwohnung-berlin-deutschland\/\">Ferienwohnungen in Berlin<\/a>! <\/p>\n","protected":false},"excerpt":{"rendered":"<p>Der goldene Herbst sorgt f\u00fcr k\u00fchlere Temperaturen und viel Gem\u00fctlichkeit. Ein Grund mehr nochmal aktiv zu werden und die sch\u00f6nsten St\u00e4dte in Deutschland zu besuchen.<\/p>\n","protected":false},"author":6,"featured_media":962,"comment_status":"open","ping_status":"open","sticky":false,"template":"","format":"standard","meta":{"footnotes":""},"categories":[5],"tags":[60,51,59,61,16],"location":[],"class_list":["post-961","post","type-post","status-publish","format-standard","has-post-thumbnail","hentry","category-discovery","tag-deutschlandreise","tag-herbst","tag-herbsturlaub","tag-staedtereise","tag-urlaub"],"acf":[],"yoast_head":"<!-- This site is optimized with the Yoast SEO plugin v27.5 - https:\/\/yoast.com\/product\/yoast-seo-wordpress\/ -->\n<title>Sch\u00f6nste Orte Deutschlands im Herbst | Belvilla<\/title>\n<meta name=\"description\" content=\"Wir zeigen euch welche Orte ihr in Deutschland im Herbst unbedingt besuchen solltet.\" \/>\n<meta name=\"robots\" content=\"index, follow, max-snippet:-1, max-image-preview:large, max-video-preview:-1\" \/>\n<link rel=\"canonical\" href=\"https:\/\/www.belvilla.de\/blog\/urlaubimherbst-deutschland\/\" \/>\n<meta property=\"og:locale\" content=\"de_DE\" \/>\n<meta property=\"og:type\" content=\"article\" \/>\n<meta property=\"og:title\" content=\"Sch\u00f6nste Orte Deutschlands im Herbst | Belvilla\" \/>\n<meta property=\"og:description\" content=\"Wir zeigen euch welche Orte ihr in Deutschland im Herbst unbedingt besuchen solltet.\" \/>\n<meta property=\"og:url\" content=\"https:\/\/www.belvilla.de\/blog\/urlaubimherbst-deutschland\/\" \/>\n<meta property=\"og:site_name\" content=\"Belvilla Blog DE\" \/>\n<meta property=\"article:published_time\" content=\"2022-09-15T16:01:00+00:00\" \/>\n<meta property=\"article:modified_time\" content=\"2023-08-28T21:00:05+00:00\" \/>\n<meta property=\"og:image\" content=\"https:\/\/www.belvilla.de\/blog\/wp-content\/uploads\/sites\/4\/2022\/09\/shutterstock_1807973767.jpg\" \/>\n\t<meta property=\"og:image:width\" content=\"1024\" \/>\n\t<meta property=\"og:image:height\" content=\"683\" \/>\n\t<meta property=\"og:image:type\" content=\"image\/jpeg\" \/>\n<meta name=\"twitter:card\" content=\"summary_large_image\" \/>\n<meta name=\"twitter:label1\" content=\"Verfasst von\" \/>\n\t<meta name=\"twitter:data1\" content=\"\" \/>\n\t<meta name=\"twitter:label2\" content=\"Gesch\u00e4tzte Lesezeit\" \/>\n\t<meta name=\"twitter:data2\" content=\"5\u00a0Minuten\" \/>\n<script type=\"application\/ld+json\" class=\"yoast-schema-graph\">{\"@context\":\"https:\\\/\\\/schema.org\",\"@graph\":[{\"@type\":\"Article\",\"@id\":\"https:\\\/\\\/www.belvilla.de\\\/blog\\\/urlaubimherbst-deutschland\\\/#article\",\"isPartOf\":{\"@id\":\"https:\\\/\\\/www.belvilla.de\\\/blog\\\/urlaubimherbst-deutschland\\\/\"},\"author\":{\"name\":\"\",\"@id\":\"\"},\"headline\":\"Die sch\u00f6nsten Orte f\u00fcr einen St\u00e4dtetrip im Herbst\",\"datePublished\":\"2022-09-15T16:01:00+00:00\",\"dateModified\":\"2023-08-28T21:00:05+00:00\",\"mainEntityOfPage\":{\"@id\":\"https:\\\/\\\/www.belvilla.de\\\/blog\\\/urlaubimherbst-deutschland\\\/\"},\"wordCount\":882,\"commentCount\":0,\"image\":{\"@id\":\"https:\\\/\\\/www.belvilla.de\\\/blog\\\/urlaubimherbst-deutschland\\\/#primaryimage\"},\"thumbnailUrl\":\"https:\\\/\\\/www.belvilla.de\\\/blog\\\/wp-content\\\/uploads\\\/sites\\\/4\\\/2022\\\/09\\\/shutterstock_1807973767.jpg\",\"keywords\":[\"deutschlandreise\",\"herbst\",\"herbsturlaub\",\"st\u00e4dtereise\",\"Urlaub\"],\"articleSection\":[\"Discovery\"],\"inLanguage\":\"de\",\"potentialAction\":[{\"@type\":\"CommentAction\",\"name\":\"Comment\",\"target\":[\"https:\\\/\\\/www.belvilla.de\\\/blog\\\/urlaubimherbst-deutschland\\\/#respond\"]}]},{\"@type\":\"WebPage\",\"@id\":\"https:\\\/\\\/www.belvilla.de\\\/blog\\\/urlaubimherbst-deutschland\\\/\",\"url\":\"https:\\\/\\\/www.belvilla.de\\\/blog\\\/urlaubimherbst-deutschland\\\/\",\"name\":\"Sch\u00f6nste Orte Deutschlands im Herbst | Belvilla\",\"isPartOf\":{\"@id\":\"https:\\\/\\\/www.belvilla.de\\\/blog\\\/#website\"},\"primaryImageOfPage\":{\"@id\":\"https:\\\/\\\/www.belvilla.de\\\/blog\\\/urlaubimherbst-deutschland\\\/#primaryimage\"},\"image\":{\"@id\":\"https:\\\/\\\/www.belvilla.de\\\/blog\\\/urlaubimherbst-deutschland\\\/#primaryimage\"},\"thumbnailUrl\":\"https:\\\/\\\/www.belvilla.de\\\/blog\\\/wp-content\\\/uploads\\\/sites\\\/4\\\/2022\\\/09\\\/shutterstock_1807973767.jpg\",\"datePublished\":\"2022-09-15T16:01:00+00:00\",\"dateModified\":\"2023-08-28T21:00:05+00:00\",\"author\":{\"@id\":\"\"},\"description\":\"Wir zeigen euch welche Orte ihr in Deutschland im Herbst unbedingt besuchen solltet.\",\"breadcrumb\":{\"@id\":\"https:\\\/\\\/www.belvilla.de\\\/blog\\\/urlaubimherbst-deutschland\\\/#breadcrumb\"},\"inLanguage\":\"de\",\"potentialAction\":[{\"@type\":\"ReadAction\",\"target\":[\"https:\\\/\\\/www.belvilla.de\\\/blog\\\/urlaubimherbst-deutschland\\\/\"]}]},{\"@type\":\"ImageObject\",\"inLanguage\":\"de\",\"@id\":\"https:\\\/\\\/www.belvilla.de\\\/blog\\\/urlaubimherbst-deutschland\\\/#primaryimage\",\"url\":\"https:\\\/\\\/www.belvilla.de\\\/blog\\\/wp-content\\\/uploads\\\/sites\\\/4\\\/2022\\\/09\\\/shutterstock_1807973767.jpg\",\"contentUrl\":\"https:\\\/\\\/www.belvilla.de\\\/blog\\\/wp-content\\\/uploads\\\/sites\\\/4\\\/2022\\\/09\\\/shutterstock_1807973767.jpg\",\"width\":1024,\"height\":683,\"caption\":\"Herbstliches Heidelberg\"},{\"@type\":\"BreadcrumbList\",\"@id\":\"https:\\\/\\\/www.belvilla.de\\\/blog\\\/urlaubimherbst-deutschland\\\/#breadcrumb\",\"itemListElement\":[{\"@type\":\"ListItem\",\"position\":1,\"name\":\"Home\",\"item\":\"https:\\\/\\\/www.belvilla.de\\\/blog\\\/\"},{\"@type\":\"ListItem\",\"position\":2,\"name\":\"Die sch\u00f6nsten Orte f\u00fcr einen St\u00e4dtetrip im Herbst\"}]},{\"@type\":\"WebSite\",\"@id\":\"https:\\\/\\\/www.belvilla.de\\\/blog\\\/#website\",\"url\":\"https:\\\/\\\/www.belvilla.de\\\/blog\\\/\",\"name\":\"Belvilla Blog DE\",\"description\":\"\",\"potentialAction\":[{\"@type\":\"SearchAction\",\"target\":{\"@type\":\"EntryPoint\",\"urlTemplate\":\"https:\\\/\\\/www.belvilla.de\\\/blog\\\/?s={search_term_string}\"},\"query-input\":{\"@type\":\"PropertyValueSpecification\",\"valueRequired\":true,\"valueName\":\"search_term_string\"}}],\"inLanguage\":\"de\"},{\"@type\":\"Person\",\"@id\":\"\"}]}<\/script>\n<!-- \/ Yoast SEO plugin. -->","yoast_head_json":{"title":"Sch\u00f6nste Orte Deutschlands im Herbst | Belvilla","description":"Wir zeigen euch welche Orte ihr in Deutschland im Herbst unbedingt besuchen solltet.","robots":{"index":"index","follow":"follow","max-snippet":"max-snippet:-1","max-image-preview":"max-image-preview:large","max-video-preview":"max-video-preview:-1"},"canonical":"https:\/\/www.belvilla.de\/blog\/urlaubimherbst-deutschland\/","og_locale":"de_DE","og_type":"article","og_title":"Sch\u00f6nste Orte Deutschlands im Herbst | Belvilla","og_description":"Wir zeigen euch welche Orte ihr in Deutschland im Herbst unbedingt besuchen solltet.","og_url":"https:\/\/www.belvilla.de\/blog\/urlaubimherbst-deutschland\/","og_site_name":"Belvilla Blog DE","article_published_time":"2022-09-15T16:01:00+00:00","article_modified_time":"2023-08-28T21:00:05+00:00","og_image":[{"width":1024,"height":683,"url":"https:\/\/www.belvilla.de\/blog\/wp-content\/uploads\/sites\/4\/2022\/09\/shutterstock_1807973767.jpg","type":"image\/jpeg"}],"twitter_card":"summary_large_image","twitter_misc":{"Verfasst von":"","Gesch\u00e4tzte Lesezeit":"5\u00a0Minuten"},"schema":{"@context":"https:\/\/schema.org","@graph":[{"@type":"Article","@id":"https:\/\/www.belvilla.de\/blog\/urlaubimherbst-deutschland\/#article","isPartOf":{"@id":"https:\/\/www.belvilla.de\/blog\/urlaubimherbst-deutschland\/"},"author":{"name":"","@id":""},"headline":"Die sch\u00f6nsten Orte f\u00fcr einen St\u00e4dtetrip im Herbst","datePublished":"2022-09-15T16:01:00+00:00","dateModified":"2023-08-28T21:00:05+00:00","mainEntityOfPage":{"@id":"https:\/\/www.belvilla.de\/blog\/urlaubimherbst-deutschland\/"},"wordCount":882,"commentCount":0,"image":{"@id":"https:\/\/www.belvilla.de\/blog\/urlaubimherbst-deutschland\/#primaryimage"},"thumbnailUrl":"https:\/\/www.belvilla.de\/blog\/wp-content\/uploads\/sites\/4\/2022\/09\/shutterstock_1807973767.jpg","keywords":["deutschlandreise","herbst","herbsturlaub","st\u00e4dtereise","Urlaub"],"articleSection":["Discovery"],"inLanguage":"de","potentialAction":[{"@type":"CommentAction","name":"Comment","target":["https:\/\/www.belvilla.de\/blog\/urlaubimherbst-deutschland\/#respond"]}]},{"@type":"WebPage","@id":"https:\/\/www.belvilla.de\/blog\/urlaubimherbst-deutschland\/","url":"https:\/\/www.belvilla.de\/blog\/urlaubimherbst-deutschland\/","name":"Sch\u00f6nste Orte Deutschlands im Herbst | Belvilla","isPartOf":{"@id":"https:\/\/www.belvilla.de\/blog\/#website"},"primaryImageOfPage":{"@id":"https:\/\/www.belvilla.de\/blog\/urlaubimherbst-deutschland\/#primaryimage"},"image":{"@id":"https:\/\/www.belvilla.de\/blog\/urlaubimherbst-deutschland\/#primaryimage"},"thumbnailUrl":"https:\/\/www.belvilla.de\/blog\/wp-content\/uploads\/sites\/4\/2022\/09\/shutterstock_1807973767.jpg","datePublished":"2022-09-15T16:01:00+00:00","dateModified":"2023-08-28T21:00:05+00:00","author":{"@id":""},"description":"Wir zeigen euch welche Orte ihr in Deutschland im Herbst unbedingt besuchen solltet.","breadcrumb":{"@id":"https:\/\/www.belvilla.de\/blog\/urlaubimherbst-deutschland\/#breadcrumb"},"inLanguage":"de","potentialAction":[{"@type":"ReadAction","target":["https:\/\/www.belvilla.de\/blog\/urlaubimherbst-deutschland\/"]}]},{"@type":"ImageObject","inLanguage":"de","@id":"https:\/\/www.belvilla.de\/blog\/urlaubimherbst-deutschland\/#primaryimage","url":"https:\/\/www.belvilla.de\/blog\/wp-content\/uploads\/sites\/4\/2022\/09\/shutterstock_1807973767.jpg","contentUrl":"https:\/\/www.belvilla.de\/blog\/wp-content\/uploads\/sites\/4\/2022\/09\/shutterstock_1807973767.jpg","width":1024,"height":683,"caption":"Herbstliches Heidelberg"},{"@type":"BreadcrumbList","@id":"https:\/\/www.belvilla.de\/blog\/urlaubimherbst-deutschland\/#breadcrumb","itemListElement":[{"@type":"ListItem","position":1,"name":"Home","item":"https:\/\/www.belvilla.de\/blog\/"},{"@type":"ListItem","position":2,"name":"Die sch\u00f6nsten Orte f\u00fcr einen St\u00e4dtetrip im Herbst"}]},{"@type":"WebSite","@id":"https:\/\/www.belvilla.de\/blog\/#website","url":"https:\/\/www.belvilla.de\/blog\/","name":"Belvilla Blog DE","description":"","potentialAction":[{"@type":"SearchAction","target":{"@type":"EntryPoint","urlTemplate":"https:\/\/www.belvilla.de\/blog\/?s={search_term_string}"},"query-input":{"@type":"PropertyValueSpecification","valueRequired":true,"valueName":"search_term_string"}}],"inLanguage":"de"},{"@type":"Person","@id":""}]}},"_links":{"self":[{"href":"https:\/\/www.belvilla.de\/blog\/wp-json\/wp\/v2\/posts\/961","targetHints":{"allow":["GET"]}}],"collection":[{"href":"https:\/\/www.belvilla.de\/blog\/wp-json\/wp\/v2\/posts"}],"about":[{"href":"https:\/\/www.belvilla.de\/blog\/wp-json\/wp\/v2\/types\/post"}],"author":[{"embeddable":true,"href":"https:\/\/www.belvilla.de\/blog\/wp-json\/wp\/v2\/users\/6"}],"replies":[{"embeddable":true,"href":"https:\/\/www.belvilla.de\/blog\/wp-json\/wp\/v2\/comments?post=961"}],"version-history":[{"count":9,"href":"https:\/\/www.belvilla.de\/blog\/wp-json\/wp\/v2\/posts\/961\/revisions"}],"predecessor-version":[{"id":3230,"href":"https:\/\/www.belvilla.de\/blog\/wp-json\/wp\/v2\/posts\/961\/revisions\/3230"}],"wp:featuredmedia":[{"embeddable":true,"href":"https:\/\/www.belvilla.de\/blog\/wp-json\/wp\/v2\/media\/962"}],"wp:attachment":[{"href":"https:\/\/www.belvilla.de\/blog\/wp-json\/wp\/v2\/media?parent=961"}],"wp:term":[{"taxonomy":"category","embeddable":true,"href":"https:\/\/www.belvilla.de\/blog\/wp-json\/wp\/v2\/categories?post=961"},{"taxonomy":"post_tag","embeddable":true,"href":"https:\/\/www.belvilla.de\/blog\/wp-json\/wp\/v2\/tags?post=961"},{"taxonomy":"location","embeddable":true,"href":"https:\/\/www.belvilla.de\/blog\/wp-json\/wp\/v2\/location?post=961"}],"curies":[{"name":"wp","href":"https:\/\/api.w.org\/{rel}","templated":true}]}}