{"id":809,"date":"2022-07-22T14:10:18","date_gmt":"2022-07-22T14:10:18","guid":{"rendered":"https:\/\/www.belvilla.de\/blog\/?p=809"},"modified":"2023-08-28T21:00:57","modified_gmt":"2023-08-28T21:00:57","slug":"autourlaub-europa","status":"publish","type":"post","link":"https:\/\/www.belvilla.de\/blog\/autourlaub-europa\/","title":{"rendered":"Autourlaub in Europa: Fahrzeiten zu beliebten Zielen"},"content":{"rendered":"\n<p>Es ist wieder so weit, der n\u00e4chste Urlaub steht an, doch wohin soll die Reise gehen? Eine hervorragende Abwechslung kann ein Autourlaub in Europa bieten. Hierf\u00fcr stehen eine Vielzahl attraktiver Reiseziele mit dem Auto zur Verf\u00fcgung. Gerade in den Zeiten der Covid-Pandemie herrscht immer noch Chaos an den Flugh\u00e4fen und ein Autourlaub stellt eine geeignete Alternative dar. In diesem Artikel m\u00f6chten wir euch ein paar Reiseziele vorstellen, die durchaus einen Besuch wert sind. Dabei beziehen wir uns auf einige Fahrtzeiten zu beliebten Reisezielen.&nbsp;<\/p>\n\n\n\n<h2 class=\"wp-block-heading\">Ferienh\u00e4user sind sehr beliebt in diesem Sommer<\/h2>\n\n\n\n<p>Anhand der Buchungen bei <a href=\"https:\/\/www.belvilla.de\/blog\/10-gruende-belvilla-zu-waehlen\/\">Belvilla<\/a> stellen wir fest, dass sich immer mehr Deutsche f\u00fcr einen Urlaub mit dem Auto in Europa entscheiden. Das ist darauf zur\u00fcckzuf\u00fchren, dass bei einem Flug-Urlaub oftmals ein Hotel, oder eine Ferienanlage zusammen mit dem Flug als Pauschalreise angeboten wird. Bei einem Urlaub mit dem Auto entscheidet man sich vorwiegend f\u00fcr ein Ferienhaus, oder eine Ferienwohnung. Zum Gl\u00fcck ist unser Angebot bei Belvilla so umfangreich, dass ihr in s\u00e4mtlichen Urlaubsregionen ein Ferienhaus finden k\u00f6nnen, welches genau euren individuellen Bed\u00fcrfnissen entspricht.<\/p>\n\n\n\n<h2 class=\"wp-block-heading\">Autourlaub in Deutschland<\/h2>\n\n\n\n<p>Gerade jetzt bietet es sich an, auch mal das eigene Land zu erkunden. Da eignet sich der Urlaub mit dem Auto am besten, da so die sch\u00f6ne Landschaft genossen werden kann. Falls man unterwegs einen interessanten Ort entdeckt, kann man dort ganz einfach anhalten. Gerade in Deutschland lassen sich auch in der N\u00e4he Ihres Wohnortes ausgedehnte Wandergebiete, historische St\u00e4dte und gut ausgestattete Ferienparks finden. Vom <a href=\"https:\/\/www.belvilla.de\/ferienhaus-bodensee-deutschland\/\">Bodensee<\/a> zur Ostsee handelt es sich zwar um eine ziemlich lange Reise, aber es kann unterwegs an sch\u00f6nen Orten anhalten werden. Unterdessen mal eine Pause einzulegen, geh\u00f6rt ohnehin dazu, besonders wenn man Kinder dabei hat. Bei der Ankunft am Reiseziel kann dann entspannt der Urlaub begonnen werden.<\/p>\n\n\n\n<h2 class=\"wp-block-heading\">Unterwegs: Fahrtzeiten zu beliebten europ\u00e4ischen Urlaubsregionen<\/h2>\n\n\n\n<p>In den nachfolgenden Tabellen sehen Sie einige Reiseziele mit Start in Berlin. Zu den angegebenen Zeiten m\u00fcssen noch Zwischenstopps hinzugerechnet werden, da es sich dabei nur um die reinen Fahrzeiten handelt.&nbsp;<\/p>\n\n\n\n<h3 class=\"wp-block-heading\">Deutschland<\/h3>\n\n\n<a class=\"wp-block-button__link-shortcode \" href=\"https:\/\/www.belvilla.de\/search\/?searchType=REGION&#038;filters%5Blocation_id%5D=29727\" class=\"custombutton\">Ferienh\u00e4user an der Ostsee<\/a>\n\n\n<a class=\"wp-block-button__link-shortcode \" href=\"https:\/\/www.belvilla.de\/search\/?searchType=REGION&#038;filters%5Blocation_id%5D=29213\" class=\"custombutton\">Ferienh\u00e4user in den Deutsche Alpen<\/a>\n\n\n<a class=\"wp-block-button__link-shortcode \" href=\"https:\/\/www.belvilla.de\/search\/?searchType=REGION&#038;filters%5Blocation_id%5D=29149\" class=\"custombutton\">Ferienh\u00e4user am Bodensee<\/a>\n\n\n\n<h3 class=\"wp-block-heading\">Niederlande<\/h3>\n\n\n<a class=\"wp-block-button__link-shortcode \" href=\"https:\/\/www.belvilla.de\/search\/?searchType=REGION&#038;filters%5Blocation_id%5D=29700\" class=\"custombutton\">Ferienh\u00e4user in Nordholland<\/a>\n\n\n<a class=\"wp-block-button__link-shortcode \" href=\"https:\/\/www.belvilla.de\/search\/?searchType=REGION&#038;filters%5Blocation_id%5D=29862\" class=\"custombutton\">Ferienh\u00e4user in S\u00fcdholland<\/a>\n\n\n<a class=\"wp-block-button__link-shortcode \" href=\"https:\/\/www.belvilla.de\/search\/?searchType=REGION&#038;filters%5Blocation_id%5D=29856\" class=\"custombutton\">Ferienh\u00e4user in Zeeland<\/a>\n\n\n\n<h3 class=\"wp-block-heading\">\u00d6sterreich<\/h3>\n\n\n<a class=\"wp-block-button__link-shortcode \" href=\"https:\/\/www.belvilla.de\/search\/?searchType=REGION&#038;filters%5Blocation_id%5D=29937\" class=\"custombutton\">Ferienh\u00e4user in Osttirol<\/a>\n\n\n<a class=\"wp-block-button__link-shortcode \" href=\"https:\/\/www.belvilla.de\/search\/?searchType=REGION&#038;filters%5Blocation_id%5D=29935\" class=\"custombutton\">Ferienh\u00e4user in Salzburg<\/a>\n\n\n<a class=\"wp-block-button__link-shortcode \" href=\"https:\/\/www.belvilla.de\/search\/?searchType=REGION&#038;filters%5Blocation_id%5D=29938\" class=\"custombutton\">Ferienh\u00e4user in Vorarlberg<\/a>\n\n\n\n<h2 class=\"wp-block-heading\">Tipps f\u00fcr einen problemlosen Urlaub mit dem Auto<\/h2>\n\n\n\n<p>In unserem Blog findet ihr weitere Informationen, die bei Reisen mit dem Auto n\u00fctzlich sein k\u00f6nnen. Sie finden unter anderem Ideen wie 7 lustige Autospiele f\u00fcr unterwegs. Somit k\u00f6nnt ihr mit euren Kindern die l\u00e4ngeren und langweiligen Fahrten schnell und mit ordentlich Spa\u00df \u00fcberbr\u00fccken. Dadurch vergeht die Zeit wie im Flug. Und bei unseren Packtipps findet ihr n\u00fctzliche Informationen, sodass ihr garantiert nicht vergesst, euch mit M\u00fcckenspray gegen etwaige Plagen zu sch\u00fctzen.<\/p>\n","protected":false},"excerpt":{"rendered":"<p>Besonders in der heutigen Zeit kann sich ein Urlaub mit dem Auto lohnen. Dabei ist nicht nur die Landschaft flexibel zu erkunden, sondern es werden auch Menschenansammlungen auf dem Weg in den Urlaub vermieden. Somit steht einem wundersch\u00f6nen Autourlaub in Europa nichts im Wege. Wir haben die Fahrtzeiten zu beliebten Reisezielen zusammengestellt.<\/p>\n","protected":false},"author":6,"featured_media":819,"comment_status":"open","ping_status":"open","sticky":false,"template":"","format":"standard","meta":{"footnotes":""},"categories":[4],"tags":[23,25,24,26],"location":[],"class_list":["post-809","post","type-post","status-publish","format-standard","has-post-thumbnail","hentry","category-events-seasonal","tag-autourlaub","tag-fahrtzeiten","tag-mit-dem-auto","tag-reiseziele-in-europa"],"acf":[],"yoast_head":"<!-- This site is optimized with the Yoast SEO plugin v27.5 - https:\/\/yoast.com\/product\/yoast-seo-wordpress\/ -->\n<title>Autourlaub in Europa: Fahrzeiten zu beliebten Zielen | Belvilla<\/title>\n<meta name=\"description\" content=\"Der n\u00e4chste Urlaub steht vor der T\u00fcr? Da bietet sich doch ein Autourlaub in Europa an. Hier findest du die Fahrtzeiten zu beliebten Zielen in Europa.\" \/>\n<meta name=\"robots\" content=\"index, follow, max-snippet:-1, max-image-preview:large, max-video-preview:-1\" \/>\n<link rel=\"canonical\" href=\"https:\/\/www.belvilla.de\/blog\/autourlaub-europa\/\" \/>\n<meta property=\"og:locale\" content=\"de_DE\" \/>\n<meta property=\"og:type\" content=\"article\" \/>\n<meta property=\"og:title\" content=\"Autourlaub in Europa: Fahrzeiten zu beliebten Zielen | Belvilla\" \/>\n<meta property=\"og:description\" content=\"Der n\u00e4chste Urlaub steht vor der T\u00fcr? Da bietet sich doch ein Autourlaub in Europa an. Hier findest du die Fahrtzeiten zu beliebten Zielen in Europa.\" \/>\n<meta property=\"og:url\" content=\"https:\/\/www.belvilla.de\/blog\/autourlaub-europa\/\" \/>\n<meta property=\"og:site_name\" content=\"Belvilla Blog DE\" \/>\n<meta property=\"article:published_time\" content=\"2022-07-22T14:10:18+00:00\" \/>\n<meta property=\"article:modified_time\" content=\"2023-08-28T21:00:57+00:00\" \/>\n<meta property=\"og:image\" content=\"https:\/\/www.belvilla.de\/blog\/wp-content\/uploads\/sites\/4\/2022\/07\/Available-homes-in-Europe_DE-1.jpg\" \/>\n\t<meta property=\"og:image:width\" content=\"750\" \/>\n\t<meta property=\"og:image:height\" content=\"846\" \/>\n\t<meta property=\"og:image:type\" content=\"image\/jpeg\" \/>\n<meta name=\"twitter:card\" content=\"summary_large_image\" \/>\n<meta name=\"twitter:label1\" content=\"Verfasst von\" \/>\n\t<meta name=\"twitter:data1\" content=\"\" \/>\n\t<meta name=\"twitter:label2\" content=\"Gesch\u00e4tzte Lesezeit\" \/>\n\t<meta name=\"twitter:data2\" content=\"3\u00a0Minuten\" \/>\n<script type=\"application\/ld+json\" class=\"yoast-schema-graph\">{\"@context\":\"https:\\\/\\\/schema.org\",\"@graph\":[{\"@type\":\"Article\",\"@id\":\"https:\\\/\\\/www.belvilla.de\\\/blog\\\/autourlaub-europa\\\/#article\",\"isPartOf\":{\"@id\":\"https:\\\/\\\/www.belvilla.de\\\/blog\\\/autourlaub-europa\\\/\"},\"author\":{\"name\":\"\",\"@id\":\"\"},\"headline\":\"Autourlaub in Europa: Fahrzeiten zu beliebten Zielen\",\"datePublished\":\"2022-07-22T14:10:18+00:00\",\"dateModified\":\"2023-08-28T21:00:57+00:00\",\"mainEntityOfPage\":{\"@id\":\"https:\\\/\\\/www.belvilla.de\\\/blog\\\/autourlaub-europa\\\/\"},\"wordCount\":623,\"commentCount\":0,\"image\":{\"@id\":\"https:\\\/\\\/www.belvilla.de\\\/blog\\\/autourlaub-europa\\\/#primaryimage\"},\"thumbnailUrl\":\"https:\\\/\\\/www.belvilla.de\\\/blog\\\/wp-content\\\/uploads\\\/sites\\\/4\\\/2022\\\/07\\\/Available-homes-in-Europe_DE-1.jpg\",\"keywords\":[\"Autourlaub\",\"Fahrtzeiten\",\"mit dem Auto\",\"Reiseziele in Europa\"],\"articleSection\":[\"Events\\\/Seasonal\"],\"inLanguage\":\"de\",\"potentialAction\":[{\"@type\":\"CommentAction\",\"name\":\"Comment\",\"target\":[\"https:\\\/\\\/www.belvilla.de\\\/blog\\\/autourlaub-europa\\\/#respond\"]}]},{\"@type\":\"WebPage\",\"@id\":\"https:\\\/\\\/www.belvilla.de\\\/blog\\\/autourlaub-europa\\\/\",\"url\":\"https:\\\/\\\/www.belvilla.de\\\/blog\\\/autourlaub-europa\\\/\",\"name\":\"Autourlaub in Europa: Fahrzeiten zu beliebten Zielen | Belvilla\",\"isPartOf\":{\"@id\":\"https:\\\/\\\/www.belvilla.de\\\/blog\\\/#website\"},\"primaryImageOfPage\":{\"@id\":\"https:\\\/\\\/www.belvilla.de\\\/blog\\\/autourlaub-europa\\\/#primaryimage\"},\"image\":{\"@id\":\"https:\\\/\\\/www.belvilla.de\\\/blog\\\/autourlaub-europa\\\/#primaryimage\"},\"thumbnailUrl\":\"https:\\\/\\\/www.belvilla.de\\\/blog\\\/wp-content\\\/uploads\\\/sites\\\/4\\\/2022\\\/07\\\/Available-homes-in-Europe_DE-1.jpg\",\"datePublished\":\"2022-07-22T14:10:18+00:00\",\"dateModified\":\"2023-08-28T21:00:57+00:00\",\"author\":{\"@id\":\"\"},\"description\":\"Der n\u00e4chste Urlaub steht vor der T\u00fcr? Da bietet sich doch ein Autourlaub in Europa an. Hier findest du die Fahrtzeiten zu beliebten Zielen in Europa.\",\"breadcrumb\":{\"@id\":\"https:\\\/\\\/www.belvilla.de\\\/blog\\\/autourlaub-europa\\\/#breadcrumb\"},\"inLanguage\":\"de\",\"potentialAction\":[{\"@type\":\"ReadAction\",\"target\":[\"https:\\\/\\\/www.belvilla.de\\\/blog\\\/autourlaub-europa\\\/\"]}]},{\"@type\":\"ImageObject\",\"inLanguage\":\"de\",\"@id\":\"https:\\\/\\\/www.belvilla.de\\\/blog\\\/autourlaub-europa\\\/#primaryimage\",\"url\":\"https:\\\/\\\/www.belvilla.de\\\/blog\\\/wp-content\\\/uploads\\\/sites\\\/4\\\/2022\\\/07\\\/Available-homes-in-Europe_DE-1.jpg\",\"contentUrl\":\"https:\\\/\\\/www.belvilla.de\\\/blog\\\/wp-content\\\/uploads\\\/sites\\\/4\\\/2022\\\/07\\\/Available-homes-in-Europe_DE-1.jpg\",\"width\":750,\"height\":846,\"caption\":\"von Berlin nach Europa\"},{\"@type\":\"BreadcrumbList\",\"@id\":\"https:\\\/\\\/www.belvilla.de\\\/blog\\\/autourlaub-europa\\\/#breadcrumb\",\"itemListElement\":[{\"@type\":\"ListItem\",\"position\":1,\"name\":\"Home\",\"item\":\"https:\\\/\\\/www.belvilla.de\\\/blog\\\/\"},{\"@type\":\"ListItem\",\"position\":2,\"name\":\"Autourlaub in Europa: Fahrzeiten zu beliebten Zielen\"}]},{\"@type\":\"WebSite\",\"@id\":\"https:\\\/\\\/www.belvilla.de\\\/blog\\\/#website\",\"url\":\"https:\\\/\\\/www.belvilla.de\\\/blog\\\/\",\"name\":\"Belvilla Blog DE\",\"description\":\"\",\"potentialAction\":[{\"@type\":\"SearchAction\",\"target\":{\"@type\":\"EntryPoint\",\"urlTemplate\":\"https:\\\/\\\/www.belvilla.de\\\/blog\\\/?s={search_term_string}\"},\"query-input\":{\"@type\":\"PropertyValueSpecification\",\"valueRequired\":true,\"valueName\":\"search_term_string\"}}],\"inLanguage\":\"de\"},{\"@type\":\"Person\",\"@id\":\"\"}]}<\/script>\n<!-- \/ Yoast SEO plugin. -->","yoast_head_json":{"title":"Autourlaub in Europa: Fahrzeiten zu beliebten Zielen | Belvilla","description":"Der n\u00e4chste Urlaub steht vor der T\u00fcr? Da bietet sich doch ein Autourlaub in Europa an. Hier findest du die Fahrtzeiten zu beliebten Zielen in Europa.","robots":{"index":"index","follow":"follow","max-snippet":"max-snippet:-1","max-image-preview":"max-image-preview:large","max-video-preview":"max-video-preview:-1"},"canonical":"https:\/\/www.belvilla.de\/blog\/autourlaub-europa\/","og_locale":"de_DE","og_type":"article","og_title":"Autourlaub in Europa: Fahrzeiten zu beliebten Zielen | Belvilla","og_description":"Der n\u00e4chste Urlaub steht vor der T\u00fcr? Da bietet sich doch ein Autourlaub in Europa an. Hier findest du die Fahrtzeiten zu beliebten Zielen in Europa.","og_url":"https:\/\/www.belvilla.de\/blog\/autourlaub-europa\/","og_site_name":"Belvilla Blog DE","article_published_time":"2022-07-22T14:10:18+00:00","article_modified_time":"2023-08-28T21:00:57+00:00","og_image":[{"width":750,"height":846,"url":"https:\/\/www.belvilla.de\/blog\/wp-content\/uploads\/sites\/4\/2022\/07\/Available-homes-in-Europe_DE-1.jpg","type":"image\/jpeg"}],"twitter_card":"summary_large_image","twitter_misc":{"Verfasst von":"","Gesch\u00e4tzte Lesezeit":"3\u00a0Minuten"},"schema":{"@context":"https:\/\/schema.org","@graph":[{"@type":"Article","@id":"https:\/\/www.belvilla.de\/blog\/autourlaub-europa\/#article","isPartOf":{"@id":"https:\/\/www.belvilla.de\/blog\/autourlaub-europa\/"},"author":{"name":"","@id":""},"headline":"Autourlaub in Europa: Fahrzeiten zu beliebten Zielen","datePublished":"2022-07-22T14:10:18+00:00","dateModified":"2023-08-28T21:00:57+00:00","mainEntityOfPage":{"@id":"https:\/\/www.belvilla.de\/blog\/autourlaub-europa\/"},"wordCount":623,"commentCount":0,"image":{"@id":"https:\/\/www.belvilla.de\/blog\/autourlaub-europa\/#primaryimage"},"thumbnailUrl":"https:\/\/www.belvilla.de\/blog\/wp-content\/uploads\/sites\/4\/2022\/07\/Available-homes-in-Europe_DE-1.jpg","keywords":["Autourlaub","Fahrtzeiten","mit dem Auto","Reiseziele in Europa"],"articleSection":["Events\/Seasonal"],"inLanguage":"de","potentialAction":[{"@type":"CommentAction","name":"Comment","target":["https:\/\/www.belvilla.de\/blog\/autourlaub-europa\/#respond"]}]},{"@type":"WebPage","@id":"https:\/\/www.belvilla.de\/blog\/autourlaub-europa\/","url":"https:\/\/www.belvilla.de\/blog\/autourlaub-europa\/","name":"Autourlaub in Europa: Fahrzeiten zu beliebten Zielen | Belvilla","isPartOf":{"@id":"https:\/\/www.belvilla.de\/blog\/#website"},"primaryImageOfPage":{"@id":"https:\/\/www.belvilla.de\/blog\/autourlaub-europa\/#primaryimage"},"image":{"@id":"https:\/\/www.belvilla.de\/blog\/autourlaub-europa\/#primaryimage"},"thumbnailUrl":"https:\/\/www.belvilla.de\/blog\/wp-content\/uploads\/sites\/4\/2022\/07\/Available-homes-in-Europe_DE-1.jpg","datePublished":"2022-07-22T14:10:18+00:00","dateModified":"2023-08-28T21:00:57+00:00","author":{"@id":""},"description":"Der n\u00e4chste Urlaub steht vor der T\u00fcr? Da bietet sich doch ein Autourlaub in Europa an. Hier findest du die Fahrtzeiten zu beliebten Zielen in Europa.","breadcrumb":{"@id":"https:\/\/www.belvilla.de\/blog\/autourlaub-europa\/#breadcrumb"},"inLanguage":"de","potentialAction":[{"@type":"ReadAction","target":["https:\/\/www.belvilla.de\/blog\/autourlaub-europa\/"]}]},{"@type":"ImageObject","inLanguage":"de","@id":"https:\/\/www.belvilla.de\/blog\/autourlaub-europa\/#primaryimage","url":"https:\/\/www.belvilla.de\/blog\/wp-content\/uploads\/sites\/4\/2022\/07\/Available-homes-in-Europe_DE-1.jpg","contentUrl":"https:\/\/www.belvilla.de\/blog\/wp-content\/uploads\/sites\/4\/2022\/07\/Available-homes-in-Europe_DE-1.jpg","width":750,"height":846,"caption":"von Berlin nach Europa"},{"@type":"BreadcrumbList","@id":"https:\/\/www.belvilla.de\/blog\/autourlaub-europa\/#breadcrumb","itemListElement":[{"@type":"ListItem","position":1,"name":"Home","item":"https:\/\/www.belvilla.de\/blog\/"},{"@type":"ListItem","position":2,"name":"Autourlaub in Europa: Fahrzeiten zu beliebten Zielen"}]},{"@type":"WebSite","@id":"https:\/\/www.belvilla.de\/blog\/#website","url":"https:\/\/www.belvilla.de\/blog\/","name":"Belvilla Blog DE","description":"","potentialAction":[{"@type":"SearchAction","target":{"@type":"EntryPoint","urlTemplate":"https:\/\/www.belvilla.de\/blog\/?s={search_term_string}"},"query-input":{"@type":"PropertyValueSpecification","valueRequired":true,"valueName":"search_term_string"}}],"inLanguage":"de"},{"@type":"Person","@id":""}]}},"_links":{"self":[{"href":"https:\/\/www.belvilla.de\/blog\/wp-json\/wp\/v2\/posts\/809","targetHints":{"allow":["GET"]}}],"collection":[{"href":"https:\/\/www.belvilla.de\/blog\/wp-json\/wp\/v2\/posts"}],"about":[{"href":"https:\/\/www.belvilla.de\/blog\/wp-json\/wp\/v2\/types\/post"}],"author":[{"embeddable":true,"href":"https:\/\/www.belvilla.de\/blog\/wp-json\/wp\/v2\/users\/6"}],"replies":[{"embeddable":true,"href":"https:\/\/www.belvilla.de\/blog\/wp-json\/wp\/v2\/comments?post=809"}],"version-history":[{"count":21,"href":"https:\/\/www.belvilla.de\/blog\/wp-json\/wp\/v2\/posts\/809\/revisions"}],"predecessor-version":[{"id":3237,"href":"https:\/\/www.belvilla.de\/blog\/wp-json\/wp\/v2\/posts\/809\/revisions\/3237"}],"wp:featuredmedia":[{"embeddable":true,"href":"https:\/\/www.belvilla.de\/blog\/wp-json\/wp\/v2\/media\/819"}],"wp:attachment":[{"href":"https:\/\/www.belvilla.de\/blog\/wp-json\/wp\/v2\/media?parent=809"}],"wp:term":[{"taxonomy":"category","embeddable":true,"href":"https:\/\/www.belvilla.de\/blog\/wp-json\/wp\/v2\/categories?post=809"},{"taxonomy":"post_tag","embeddable":true,"href":"https:\/\/www.belvilla.de\/blog\/wp-json\/wp\/v2\/tags?post=809"},{"taxonomy":"location","embeddable":true,"href":"https:\/\/www.belvilla.de\/blog\/wp-json\/wp\/v2\/location?post=809"}],"curies":[{"name":"wp","href":"https:\/\/api.w.org\/{rel}","templated":true}]}}