{"id":424,"date":"2022-06-17T16:11:22","date_gmt":"2022-06-17T16:11:22","guid":{"rendered":"https:\/\/www.belvilla.de\/blog\/?p=424"},"modified":"2023-08-28T21:03:20","modified_gmt":"2023-08-28T21:03:20","slug":"urlaub-checkliste","status":"publish","type":"post","link":"https:\/\/www.belvilla.de\/blog\/urlaub-checkliste\/","title":{"rendered":"Die Urlaubs-Checkliste: Was Du in den Urlaub mitnehmen musst"},"content":{"rendered":"\n<p>Die Vorbereitung auf deine n\u00e4chste Reise kann ein aufwendiger Prozess sein. Dabei gibt viele Dinge, an die Du denken und die du vorbereiten musst. Die Zeit bis zum n\u00e4chsten Urlaub geht manchmal sehr schnell vorbei. Umso fr\u00fcher solltest Du dir um die Planung Gedanken machen. <\/p>\n\n\n\n<p>Du musst sicherstellen, dass du alles dabei hast, was du braucht. Ebenso solltest Du daf\u00fcr sorgen, dass auch nicht zuviel eingepackt wird, was ein schwieriger Balance-Akt sein kann. Die folgende Checkliste hilft dabei, vor dem Urlaub Ordnung zu schaffen. Dann kann bei deiner n\u00e4chsten Reise nichts mehr schiefgehen. <\/p>\n\n\n\n<h2 class=\"wp-block-heading\">Allgemeine Checkliste f\u00fcr den Urlaub<\/h2>\n\n\n\n<p>Die Urlaubszeit ist eine Zeit der Entspannung, des Reflektierens und der Erholung. Jedoch bietet sie auch Gelegenheit mit Freunden und Familie Zeit zu verbringen und neue Dinge zu erleben. Doch wenn Du an einen neuen Ort reist und nicht genau weisst was Du brauchst, ist es fast unm\u00f6glich das Richtige zu packen. Deshalb haben wir f\u00fcr Dich diesen Leitfaden inklusive Checkliste zusammengestellt.<\/p>\n\n\n\n<h3 class=\"wp-block-heading\">Grundlegende Dinge f\u00fcr den Urlaub<\/h3>\n\n\n\n<p>Zun\u00e4chst einmal gibt es einige grundlegende Dinge, ohne die Du niemals in den Urlaub aufbrechen solltest:&nbsp;<\/p>\n\n\n\n<ul class=\"wp-block-list\">\n<li>Sonnencreme, nach M\u00f6glichkeit umweltvertr\u00e4glich, bei Bedarf<\/li>\n\n\n\n<li>M\u00fcckenspray<\/li>\n\n\n\n<li>Wasserflaschen<\/li>\n\n\n\n<li>ein Erste-Hilfe-Set mit Verbandszeug<\/li>\n\n\n\n<li>Reiseapotheke<\/li>\n\n\n\n<li>Snacks&nbsp;<\/li>\n\n\n\n<li>einen Adapter f\u00fcr deine elektrischen Ger\u00e4te, bei Bedarf<\/li>\n\n\n\n<li>eine Powerbank<\/li>\n\n\n\n<li>Ladekabel<\/li>\n<\/ul>\n\n\n\n<figure class=\"wp-block-image size-full\"><img loading=\"lazy\" decoding=\"async\" width=\"1024\" height=\"683\" src=\"https:\/\/www.belvilla.de\/blog\/wp-content\/uploads\/sites\/4\/2022\/06\/shutterstock_1427733932.jpg\" alt=\"Tabletten neben Koffer f\u00fcr Reiseapotheke\" class=\"wp-image-427\" srcset=\"https:\/\/www.belvilla.de\/blog\/wp-content\/uploads\/sites\/4\/2022\/06\/shutterstock_1427733932.jpg 1024w, https:\/\/www.belvilla.de\/blog\/wp-content\/uploads\/sites\/4\/2022\/06\/shutterstock_1427733932-750x500.jpg 750w, https:\/\/www.belvilla.de\/blog\/wp-content\/uploads\/sites\/4\/2022\/06\/shutterstock_1427733932-300x200.jpg 300w\" sizes=\"auto, (max-width: 1024px) 100vw, 1024px\" \/><figcaption class=\"wp-element-caption\">Tabletten neben Koffer f\u00fcr Reiseapotheke<\/figcaption><\/figure>\n\n\n\n<h3 class=\"wp-block-heading\">Unterlagen und Dokumente f\u00fcr den Urlaub<\/h3>\n\n\n\n<p>Selbstverst\u00e4ndlich geh\u00f6rt Einiges mehr in einen gut gepackten Koffer. Wohin die Reise geht, ist definitiv ein wichtiges Kriterium. Es macht einen Unterschied, ob Du an den Strand in den Badeurlaub f\u00e4hrst, oder in die Berge zum <a href=\"https:\/\/www.belvilla.de\/blog\/skipasse\/\">Skifahren<\/a>. Abgesehen von der Kleidung solltest Du &#8211; egal wohin die Reise geht &#8211; an s\u00e4mtliche notwendigen Unterlagen und Dokumente denken:<\/p>\n\n\n\n<ul class=\"wp-block-list\">\n<li>Buchungsbest\u00e4tigungen<\/li>\n\n\n\n<li>Transporttickets (zum Beispiel Flugtickets und Zugtickets)<\/li>\n\n\n\n<li>Reisepass und Personalausweis<\/li>\n\n\n\n<li>F\u00fchrerschein, bei Bedarf internationaler F\u00fchrerschein<\/li>\n\n\n\n<li>Geldb\u00f6rse (EC-Karte, Kreditkarte, Bargeld)<\/li>\n\n\n\n<li>Nachweis der Krankenversicherung (Krankenversicherungskarte oder Versicherungsbest\u00e4tigung)<\/li>\n<\/ul>\n\n\n\n<figure class=\"wp-block-image size-full\"><img loading=\"lazy\" decoding=\"async\" width=\"1024\" height=\"683\" src=\"https:\/\/www.belvilla.de\/blog\/wp-content\/uploads\/sites\/4\/2022\/06\/shutterstock_271982654.jpg\" alt=\"Kofferinhalt f\u00fcr Reise in den S\u00fcden\" class=\"wp-image-428\" srcset=\"https:\/\/www.belvilla.de\/blog\/wp-content\/uploads\/sites\/4\/2022\/06\/shutterstock_271982654.jpg 1024w, https:\/\/www.belvilla.de\/blog\/wp-content\/uploads\/sites\/4\/2022\/06\/shutterstock_271982654-750x500.jpg 750w, https:\/\/www.belvilla.de\/blog\/wp-content\/uploads\/sites\/4\/2022\/06\/shutterstock_271982654-300x200.jpg 300w\" sizes=\"auto, (max-width: 1024px) 100vw, 1024px\" \/><figcaption class=\"wp-element-caption\">Kofferinhalt f\u00fcr Reise in den S\u00fcden<\/figcaption><\/figure>\n\n\n\n<h3 class=\"wp-block-heading\">Hygieneartikel<\/h3>\n\n\n\n<p>Ebenso sollten die Hygieneprodukte des t\u00e4glichen Bedarfs nicht fehlen. Vergesst auf keinen Fall folgende Dinge: <\/p>\n\n\n\n<ul class=\"wp-block-list\">\n<li>Zahnb\u00fcrste<\/li>\n\n\n\n<li>Zahnpaste<\/li>\n\n\n\n<li>Duschgel, Shampoo und Haarsp\u00fclung<\/li>\n\n\n\n<li>Lotion<\/li>\n\n\n\n<li>Deodorant<\/li>\n\n\n\n<li>Rasierschaum und Rasierer<\/li>\n\n\n\n<li>Damenprodukte (Haargummis, Make-up, Damenhygieneprodukte)<\/li>\n<\/ul>\n\n\n\n<figure class=\"wp-block-image size-full\"><img loading=\"lazy\" decoding=\"async\" width=\"1024\" height=\"683\" src=\"https:\/\/www.belvilla.de\/blog\/wp-content\/uploads\/sites\/4\/2022\/06\/shutterstock_2090033731.jpg\" alt=\"Hygieneartikel f\u00fcr Urlaub in Koffer\" class=\"wp-image-429\" srcset=\"https:\/\/www.belvilla.de\/blog\/wp-content\/uploads\/sites\/4\/2022\/06\/shutterstock_2090033731.jpg 1024w, https:\/\/www.belvilla.de\/blog\/wp-content\/uploads\/sites\/4\/2022\/06\/shutterstock_2090033731-750x500.jpg 750w, https:\/\/www.belvilla.de\/blog\/wp-content\/uploads\/sites\/4\/2022\/06\/shutterstock_2090033731-300x200.jpg 300w\" sizes=\"auto, (max-width: 1024px) 100vw, 1024px\" \/><figcaption class=\"wp-element-caption\">Hygieneartikel f\u00fcr Urlaub in Koffer<\/figcaption><\/figure>\n\n\n\n<h3 class=\"wp-block-heading\">Elektronikartikel im Urlaub<\/h3>\n\n\n\n<p>Auch im Urlaub willst Du sicherlich nicht auf dein Smartphone oder deinen E-Book-Reader verzichten. Deshalb solltest Du bei den Elektronikartikeln lieber einmal zuviel pr\u00fcfen, ob Du denn auch das passende Ladekabel eingepackt hast. Im Folgenden findest Du unsere Checkliste f\u00fcr Elektronikartikel.<\/p>\n\n\n\n<ul class=\"wp-block-list\">\n<li>Smartphone mit passendem Ladekabel, bei Bedarf Powerbank<\/li>\n\n\n\n<li>E-Book-Reader<\/li>\n\n\n\n<li>Kamera mit passendem Ladekabel<\/li>\n\n\n\n<li>Bei Bedarf Laptop mit passendem Ladekabel<\/li>\n\n\n\n<li>Kopfh\u00f6rer, Earpods<\/li>\n<\/ul>\n\n\n\n<figure class=\"wp-block-image size-full\"><img loading=\"lazy\" decoding=\"async\" width=\"1024\" height=\"683\" src=\"https:\/\/www.belvilla.de\/blog\/wp-content\/uploads\/sites\/4\/2022\/06\/shutterstock_419678407.jpg\" alt=\"Elektroartikel f\u00fcr Urlaub neben Koffer\" class=\"wp-image-430\" srcset=\"https:\/\/www.belvilla.de\/blog\/wp-content\/uploads\/sites\/4\/2022\/06\/shutterstock_419678407.jpg 1024w, https:\/\/www.belvilla.de\/blog\/wp-content\/uploads\/sites\/4\/2022\/06\/shutterstock_419678407-750x500.jpg 750w, https:\/\/www.belvilla.de\/blog\/wp-content\/uploads\/sites\/4\/2022\/06\/shutterstock_419678407-300x200.jpg 300w\" sizes=\"auto, (max-width: 1024px) 100vw, 1024px\" \/><figcaption class=\"wp-element-caption\">Elektroartikel f\u00fcr Urlaub neben Koffer<\/figcaption><\/figure>\n\n\n\n<h2 class=\"wp-block-heading\">Die richtige Kleidung f\u00fcr den Urlaub packen<\/h2>\n\n\n\n<p>Besonders wichtig ist, dass Du mit der richtigen Kleidung in deinen Urlaub gehst. Dabei kommt es ganz darauf an, welche Art von Urlaub geplant ist. So kann beispielsweise die Winterjacke f\u00fcr den Badeurlaub im Sommer zu Hause bleiben. Und auch f\u00fcr einen St\u00e4dtetrip kannst Du deinen Koffer anders packen als f\u00fcr einen Wanderurlaub in den Bergen.<\/p>\n\n\n\n<h3 class=\"wp-block-heading\">Badeurlaub<\/h3>\n\n\n\n<p>Bei einem Badeurlaub liegt das Hauptaugenmerk auf luftiger, leichter Kleidung und nat\u00fcrlich auf der Badekleidung. Dennoch solltest Du auch hier nicht auf warme Kleidung verzichten. Aufgrund des geringen Platzbedarfs der Badekleidung ist immer gen\u00fcgend Platz f\u00fcr eine lange Hose, ein Regencape und einen lang\u00e4rmligen Pullover vorhanden.<\/p>\n\n\n\n<p>Mit der richtigen Kleidung kannst Du deinen Urlaub auch an k\u00fchleren Sommerabenden und regnerischen Tagen genie\u00dfen.&nbsp;<\/p>\n\n\n\n<h3 class=\"wp-block-heading\">St\u00e4dteurlaub<\/h3>\n\n\n\n<p>Wenn Du einen Urlaub in der Stadt geplant hast, kannst Du etwas flexibler sein. Normalerweise wird einfach die normale Alltagskleidung ben\u00f6tigt. Bei Bedarf sollte hier jedoch etwas Elegantes f\u00fcr einen sch\u00f6nen Abend nicht fehlen. Je nach Jahreszeit solltest Du die Sonnenbrille oder den Sonnenhut zur Sicherheit auch mit einpacken.<\/p>\n\n\n\n<h3 class=\"wp-block-heading\">Wanderurlaub<\/h3>\n\n\n\n<p>Einen Urlaub, auf den Du dich besonders vorbereiten solltest, ist der Wanderurlaub. Hier musst Du auf jede Wettersituation gefasst sein. Au\u00dferdem darf das Gep\u00e4ck nicht allzu schwer sein, wenn Du es zum Wandern mitnimmst. Es empfiehlt sich ausreichend Socken und ein Paar Ersatzschuhe mit dabei zu haben.<\/p>\n\n\n\n<h2 class=\"wp-block-heading\">Bonus: Was wird am h\u00e4ufigsten im Urlaub vergessen?<\/h2>\n\n\n\n<figure class=\"wp-block-image size-full\"><img loading=\"lazy\" decoding=\"async\" width=\"1024\" height=\"683\" src=\"https:\/\/www.belvilla.de\/blog\/wp-content\/uploads\/sites\/4\/2022\/06\/shutterstock_717458290.jpg\" alt=\"Mann am Bahnhof bei Zugversp\u00e4tung\" class=\"wp-image-431\" srcset=\"https:\/\/www.belvilla.de\/blog\/wp-content\/uploads\/sites\/4\/2022\/06\/shutterstock_717458290.jpg 1024w, https:\/\/www.belvilla.de\/blog\/wp-content\/uploads\/sites\/4\/2022\/06\/shutterstock_717458290-750x500.jpg 750w, https:\/\/www.belvilla.de\/blog\/wp-content\/uploads\/sites\/4\/2022\/06\/shutterstock_717458290-300x200.jpg 300w\" sizes=\"auto, (max-width: 1024px) 100vw, 1024px\" \/><figcaption class=\"wp-element-caption\">Mann am Bahnhof bei Zugversp\u00e4tung<\/figcaption><\/figure>\n\n\n\n<p>Wichtig ist, dass Du alle wichtigen Dinge auch wieder aus dem Urlaub zur\u00fcck nach Hause bringst. Da immer wieder wichtige Sachen im Urlaub vergessen werden, haben wir hier f\u00fcr Dich die 8 am h\u00e4ufigsten vergessenen Gegenst\u00e4nde herausgesucht.<\/p>\n\n\n\n<ol class=\"wp-block-list\">\n<li>Smartphone<\/li>\n\n\n\n<li>Dokumente wie Personalausweis oder Reisepass<\/li>\n\n\n\n<li>Pl\u00fcschtiere<\/li>\n\n\n\n<li>Nasse Kleidung wie Handt\u00fccher oder Badekleidung<\/li>\n\n\n\n<li>Hausschl\u00fcssel und Autoschl\u00fcssel<\/li>\n\n\n\n<li>Ohrringe und anderer Schmuck<\/li>\n\n\n\n<li>Spielzeug<\/li>\n\n\n\n<li>Sonnenbrillen<\/li>\n<\/ol>\n","protected":false},"excerpt":{"rendered":"<p>Der n\u00e4chste Urlaub steht an und Du m\u00f6chtest sicherstellen, dass nichts zu Hause vergessen geht? Fast jeder kennt das Gef\u00fchl im Urlaub anzukommen und zu realisieren, dass etwas Wichtiges fehlt. Deshalb solltest Du vorab pr\u00fcfen, ob auch wirklich alles mit im Koffer ist, was Du brauchst. Zur Hilfe haben wir eine kleine Checkliste zusammengestellt. Wenn Du auf Nummer sicher gehen willst, dann hilft Dir dieser Artikel auf jeden Fall weiter.<\/p>\n","protected":false},"author":6,"featured_media":426,"comment_status":"open","ping_status":"open","sticky":false,"template":"","format":"standard","meta":{"footnotes":""},"categories":[6],"tags":[],"location":[],"class_list":["post-424","post","type-post","status-publish","format-standard","has-post-thumbnail","hentry","category-preparing-a-trip"],"acf":[],"yoast_head":"<!-- This site is optimized with the Yoast SEO plugin v27.5 - https:\/\/yoast.com\/product\/yoast-seo-wordpress\/ -->\n<title>Die Urlaubs-Checkliste: Nichts mehr vergessen | Belvilla Ferienh\u00e4user<\/title>\n<meta name=\"description\" content=\"Mit unserer Urlaubs-Checkliste startest Du sicher in den n\u00e4chsten Urlaub. Gehe auf Nummer sicher und vergiss diesmal keine wichtigen Sachen.\" \/>\n<meta name=\"robots\" content=\"index, follow, max-snippet:-1, max-image-preview:large, max-video-preview:-1\" \/>\n<link rel=\"canonical\" href=\"https:\/\/www.belvilla.de\/blog\/urlaub-checkliste\/\" \/>\n<meta property=\"og:locale\" content=\"de_DE\" \/>\n<meta property=\"og:type\" content=\"article\" \/>\n<meta property=\"og:title\" content=\"Die Urlaubs-Checkliste: Nichts mehr vergessen | Belvilla Ferienh\u00e4user\" \/>\n<meta property=\"og:description\" content=\"Mit unserer Urlaubs-Checkliste startest Du sicher in den n\u00e4chsten Urlaub. Gehe auf Nummer sicher und vergiss diesmal keine wichtigen Sachen.\" \/>\n<meta property=\"og:url\" content=\"https:\/\/www.belvilla.de\/blog\/urlaub-checkliste\/\" \/>\n<meta property=\"og:site_name\" content=\"Belvilla Blog DE\" \/>\n<meta property=\"article:published_time\" content=\"2022-06-17T16:11:22+00:00\" \/>\n<meta property=\"article:modified_time\" content=\"2023-08-28T21:03:20+00:00\" \/>\n<meta property=\"og:image\" content=\"https:\/\/www.belvilla.de\/blog\/wp-content\/uploads\/sites\/4\/2022\/06\/shutterstock_2139692135.jpg\" \/>\n\t<meta property=\"og:image:width\" content=\"1024\" \/>\n\t<meta property=\"og:image:height\" content=\"683\" \/>\n\t<meta property=\"og:image:type\" content=\"image\/jpeg\" \/>\n<meta name=\"twitter:card\" content=\"summary_large_image\" \/>\n<meta name=\"twitter:label1\" content=\"Verfasst von\" \/>\n\t<meta name=\"twitter:data1\" content=\"\" \/>\n\t<meta name=\"twitter:label2\" content=\"Gesch\u00e4tzte Lesezeit\" \/>\n\t<meta name=\"twitter:data2\" content=\"5\u00a0Minuten\" \/>\n<script type=\"application\/ld+json\" class=\"yoast-schema-graph\">{\"@context\":\"https:\\\/\\\/schema.org\",\"@graph\":[{\"@type\":\"Article\",\"@id\":\"https:\\\/\\\/www.belvilla.de\\\/blog\\\/urlaub-checkliste\\\/#article\",\"isPartOf\":{\"@id\":\"https:\\\/\\\/www.belvilla.de\\\/blog\\\/urlaub-checkliste\\\/\"},\"author\":{\"name\":\"\",\"@id\":\"\"},\"headline\":\"Die Urlaubs-Checkliste: Was Du in den Urlaub mitnehmen musst\",\"datePublished\":\"2022-06-17T16:11:22+00:00\",\"dateModified\":\"2023-08-28T21:03:20+00:00\",\"mainEntityOfPage\":{\"@id\":\"https:\\\/\\\/www.belvilla.de\\\/blog\\\/urlaub-checkliste\\\/\"},\"wordCount\":780,\"commentCount\":0,\"image\":{\"@id\":\"https:\\\/\\\/www.belvilla.de\\\/blog\\\/urlaub-checkliste\\\/#primaryimage\"},\"thumbnailUrl\":\"https:\\\/\\\/www.belvilla.de\\\/blog\\\/wp-content\\\/uploads\\\/sites\\\/4\\\/2022\\\/06\\\/shutterstock_2139692135.jpg\",\"articleSection\":[\"preparing a trip\"],\"inLanguage\":\"de\",\"potentialAction\":[{\"@type\":\"CommentAction\",\"name\":\"Comment\",\"target\":[\"https:\\\/\\\/www.belvilla.de\\\/blog\\\/urlaub-checkliste\\\/#respond\"]}]},{\"@type\":\"WebPage\",\"@id\":\"https:\\\/\\\/www.belvilla.de\\\/blog\\\/urlaub-checkliste\\\/\",\"url\":\"https:\\\/\\\/www.belvilla.de\\\/blog\\\/urlaub-checkliste\\\/\",\"name\":\"Die Urlaubs-Checkliste: Nichts mehr vergessen | Belvilla Ferienh\u00e4user\",\"isPartOf\":{\"@id\":\"https:\\\/\\\/www.belvilla.de\\\/blog\\\/#website\"},\"primaryImageOfPage\":{\"@id\":\"https:\\\/\\\/www.belvilla.de\\\/blog\\\/urlaub-checkliste\\\/#primaryimage\"},\"image\":{\"@id\":\"https:\\\/\\\/www.belvilla.de\\\/blog\\\/urlaub-checkliste\\\/#primaryimage\"},\"thumbnailUrl\":\"https:\\\/\\\/www.belvilla.de\\\/blog\\\/wp-content\\\/uploads\\\/sites\\\/4\\\/2022\\\/06\\\/shutterstock_2139692135.jpg\",\"datePublished\":\"2022-06-17T16:11:22+00:00\",\"dateModified\":\"2023-08-28T21:03:20+00:00\",\"author\":{\"@id\":\"\"},\"description\":\"Mit unserer Urlaubs-Checkliste startest Du sicher in den n\u00e4chsten Urlaub. Gehe auf Nummer sicher und vergiss diesmal keine wichtigen Sachen.\",\"breadcrumb\":{\"@id\":\"https:\\\/\\\/www.belvilla.de\\\/blog\\\/urlaub-checkliste\\\/#breadcrumb\"},\"inLanguage\":\"de\",\"potentialAction\":[{\"@type\":\"ReadAction\",\"target\":[\"https:\\\/\\\/www.belvilla.de\\\/blog\\\/urlaub-checkliste\\\/\"]}]},{\"@type\":\"ImageObject\",\"inLanguage\":\"de\",\"@id\":\"https:\\\/\\\/www.belvilla.de\\\/blog\\\/urlaub-checkliste\\\/#primaryimage\",\"url\":\"https:\\\/\\\/www.belvilla.de\\\/blog\\\/wp-content\\\/uploads\\\/sites\\\/4\\\/2022\\\/06\\\/shutterstock_2139692135.jpg\",\"contentUrl\":\"https:\\\/\\\/www.belvilla.de\\\/blog\\\/wp-content\\\/uploads\\\/sites\\\/4\\\/2022\\\/06\\\/shutterstock_2139692135.jpg\",\"width\":1024,\"height\":683,\"caption\":\"Mensch schreibt Checkliste neben Koffer\"},{\"@type\":\"BreadcrumbList\",\"@id\":\"https:\\\/\\\/www.belvilla.de\\\/blog\\\/urlaub-checkliste\\\/#breadcrumb\",\"itemListElement\":[{\"@type\":\"ListItem\",\"position\":1,\"name\":\"Home\",\"item\":\"https:\\\/\\\/www.belvilla.de\\\/blog\\\/\"},{\"@type\":\"ListItem\",\"position\":2,\"name\":\"Die Urlaubs-Checkliste: Was Du in den Urlaub mitnehmen musst\"}]},{\"@type\":\"WebSite\",\"@id\":\"https:\\\/\\\/www.belvilla.de\\\/blog\\\/#website\",\"url\":\"https:\\\/\\\/www.belvilla.de\\\/blog\\\/\",\"name\":\"Belvilla Blog DE\",\"description\":\"\",\"potentialAction\":[{\"@type\":\"SearchAction\",\"target\":{\"@type\":\"EntryPoint\",\"urlTemplate\":\"https:\\\/\\\/www.belvilla.de\\\/blog\\\/?s={search_term_string}\"},\"query-input\":{\"@type\":\"PropertyValueSpecification\",\"valueRequired\":true,\"valueName\":\"search_term_string\"}}],\"inLanguage\":\"de\"},{\"@type\":\"Person\",\"@id\":\"\"}]}<\/script>\n<!-- \/ Yoast SEO plugin. -->","yoast_head_json":{"title":"Die Urlaubs-Checkliste: Nichts mehr vergessen | Belvilla Ferienh\u00e4user","description":"Mit unserer Urlaubs-Checkliste startest Du sicher in den n\u00e4chsten Urlaub. Gehe auf Nummer sicher und vergiss diesmal keine wichtigen Sachen.","robots":{"index":"index","follow":"follow","max-snippet":"max-snippet:-1","max-image-preview":"max-image-preview:large","max-video-preview":"max-video-preview:-1"},"canonical":"https:\/\/www.belvilla.de\/blog\/urlaub-checkliste\/","og_locale":"de_DE","og_type":"article","og_title":"Die Urlaubs-Checkliste: Nichts mehr vergessen | Belvilla Ferienh\u00e4user","og_description":"Mit unserer Urlaubs-Checkliste startest Du sicher in den n\u00e4chsten Urlaub. Gehe auf Nummer sicher und vergiss diesmal keine wichtigen Sachen.","og_url":"https:\/\/www.belvilla.de\/blog\/urlaub-checkliste\/","og_site_name":"Belvilla Blog DE","article_published_time":"2022-06-17T16:11:22+00:00","article_modified_time":"2023-08-28T21:03:20+00:00","og_image":[{"width":1024,"height":683,"url":"https:\/\/www.belvilla.de\/blog\/wp-content\/uploads\/sites\/4\/2022\/06\/shutterstock_2139692135.jpg","type":"image\/jpeg"}],"twitter_card":"summary_large_image","twitter_misc":{"Verfasst von":"","Gesch\u00e4tzte Lesezeit":"5\u00a0Minuten"},"schema":{"@context":"https:\/\/schema.org","@graph":[{"@type":"Article","@id":"https:\/\/www.belvilla.de\/blog\/urlaub-checkliste\/#article","isPartOf":{"@id":"https:\/\/www.belvilla.de\/blog\/urlaub-checkliste\/"},"author":{"name":"","@id":""},"headline":"Die Urlaubs-Checkliste: Was Du in den Urlaub mitnehmen musst","datePublished":"2022-06-17T16:11:22+00:00","dateModified":"2023-08-28T21:03:20+00:00","mainEntityOfPage":{"@id":"https:\/\/www.belvilla.de\/blog\/urlaub-checkliste\/"},"wordCount":780,"commentCount":0,"image":{"@id":"https:\/\/www.belvilla.de\/blog\/urlaub-checkliste\/#primaryimage"},"thumbnailUrl":"https:\/\/www.belvilla.de\/blog\/wp-content\/uploads\/sites\/4\/2022\/06\/shutterstock_2139692135.jpg","articleSection":["preparing a trip"],"inLanguage":"de","potentialAction":[{"@type":"CommentAction","name":"Comment","target":["https:\/\/www.belvilla.de\/blog\/urlaub-checkliste\/#respond"]}]},{"@type":"WebPage","@id":"https:\/\/www.belvilla.de\/blog\/urlaub-checkliste\/","url":"https:\/\/www.belvilla.de\/blog\/urlaub-checkliste\/","name":"Die Urlaubs-Checkliste: Nichts mehr vergessen | Belvilla Ferienh\u00e4user","isPartOf":{"@id":"https:\/\/www.belvilla.de\/blog\/#website"},"primaryImageOfPage":{"@id":"https:\/\/www.belvilla.de\/blog\/urlaub-checkliste\/#primaryimage"},"image":{"@id":"https:\/\/www.belvilla.de\/blog\/urlaub-checkliste\/#primaryimage"},"thumbnailUrl":"https:\/\/www.belvilla.de\/blog\/wp-content\/uploads\/sites\/4\/2022\/06\/shutterstock_2139692135.jpg","datePublished":"2022-06-17T16:11:22+00:00","dateModified":"2023-08-28T21:03:20+00:00","author":{"@id":""},"description":"Mit unserer Urlaubs-Checkliste startest Du sicher in den n\u00e4chsten Urlaub. Gehe auf Nummer sicher und vergiss diesmal keine wichtigen Sachen.","breadcrumb":{"@id":"https:\/\/www.belvilla.de\/blog\/urlaub-checkliste\/#breadcrumb"},"inLanguage":"de","potentialAction":[{"@type":"ReadAction","target":["https:\/\/www.belvilla.de\/blog\/urlaub-checkliste\/"]}]},{"@type":"ImageObject","inLanguage":"de","@id":"https:\/\/www.belvilla.de\/blog\/urlaub-checkliste\/#primaryimage","url":"https:\/\/www.belvilla.de\/blog\/wp-content\/uploads\/sites\/4\/2022\/06\/shutterstock_2139692135.jpg","contentUrl":"https:\/\/www.belvilla.de\/blog\/wp-content\/uploads\/sites\/4\/2022\/06\/shutterstock_2139692135.jpg","width":1024,"height":683,"caption":"Mensch schreibt Checkliste neben Koffer"},{"@type":"BreadcrumbList","@id":"https:\/\/www.belvilla.de\/blog\/urlaub-checkliste\/#breadcrumb","itemListElement":[{"@type":"ListItem","position":1,"name":"Home","item":"https:\/\/www.belvilla.de\/blog\/"},{"@type":"ListItem","position":2,"name":"Die Urlaubs-Checkliste: Was Du in den Urlaub mitnehmen musst"}]},{"@type":"WebSite","@id":"https:\/\/www.belvilla.de\/blog\/#website","url":"https:\/\/www.belvilla.de\/blog\/","name":"Belvilla Blog DE","description":"","potentialAction":[{"@type":"SearchAction","target":{"@type":"EntryPoint","urlTemplate":"https:\/\/www.belvilla.de\/blog\/?s={search_term_string}"},"query-input":{"@type":"PropertyValueSpecification","valueRequired":true,"valueName":"search_term_string"}}],"inLanguage":"de"},{"@type":"Person","@id":""}]}},"_links":{"self":[{"href":"https:\/\/www.belvilla.de\/blog\/wp-json\/wp\/v2\/posts\/424","targetHints":{"allow":["GET"]}}],"collection":[{"href":"https:\/\/www.belvilla.de\/blog\/wp-json\/wp\/v2\/posts"}],"about":[{"href":"https:\/\/www.belvilla.de\/blog\/wp-json\/wp\/v2\/types\/post"}],"author":[{"embeddable":true,"href":"https:\/\/www.belvilla.de\/blog\/wp-json\/wp\/v2\/users\/6"}],"replies":[{"embeddable":true,"href":"https:\/\/www.belvilla.de\/blog\/wp-json\/wp\/v2\/comments?post=424"}],"version-history":[{"count":5,"href":"https:\/\/www.belvilla.de\/blog\/wp-json\/wp\/v2\/posts\/424\/revisions"}],"predecessor-version":[{"id":3248,"href":"https:\/\/www.belvilla.de\/blog\/wp-json\/wp\/v2\/posts\/424\/revisions\/3248"}],"wp:featuredmedia":[{"embeddable":true,"href":"https:\/\/www.belvilla.de\/blog\/wp-json\/wp\/v2\/media\/426"}],"wp:attachment":[{"href":"https:\/\/www.belvilla.de\/blog\/wp-json\/wp\/v2\/media?parent=424"}],"wp:term":[{"taxonomy":"category","embeddable":true,"href":"https:\/\/www.belvilla.de\/blog\/wp-json\/wp\/v2\/categories?post=424"},{"taxonomy":"post_tag","embeddable":true,"href":"https:\/\/www.belvilla.de\/blog\/wp-json\/wp\/v2\/tags?post=424"},{"taxonomy":"location","embeddable":true,"href":"https:\/\/www.belvilla.de\/blog\/wp-json\/wp\/v2\/location?post=424"}],"curies":[{"name":"wp","href":"https:\/\/api.w.org\/{rel}","templated":true}]}}