{"id":405,"date":"2022-06-16T14:21:00","date_gmt":"2022-06-16T14:21:00","guid":{"rendered":"https:\/\/www.belvilla.de\/blog\/?p=405"},"modified":"2023-08-28T21:03:51","modified_gmt":"2023-08-28T21:03:51","slug":"sakramentetag-leib-christus","status":"publish","type":"post","link":"https:\/\/www.belvilla.de\/blog\/sakramentetag-leib-christus\/","title":{"rendered":"Fronleichnam (Fronleichnamstag) in der Schweiz"},"content":{"rendered":"\n<p>Fronleichnam, auch bekannt unter dem Namen Fronleichnamstag, wird in der Schweiz am 16. Juni gefeiert. Nachfolgend findest Du alle wichtigen Informationen, die Du ben\u00f6tigst, um mitfeiern zu k\u00f6nnen.<\/p>\n\n\n\n<p><strong>Was ist Fronleichnam?<\/strong><\/p>\n\n\n\n<p>Fronleichnam bedeutet &#8218;Leib Christi&#8216; und erinnert an das Heilige Mahl, auch das Abendmahl oder das Letzte Abendmahl genannt. W\u00e4hrend der Feier essen Angeh\u00f6rige der r\u00f6misch-katholischen Kirche Brot und trinken <a href=\"https:\/\/www.belvilla.de\/blog\/schoenste-weinregionen\/\">Wein<\/a>. Das Brot versinnbildlicht den Leib Christi und der Wein das Blut, das f\u00fcr die Menschen geopfert wurde. Anders als Gr\u00fcndonnerstag liegt bei Fronleichnam mehr Nachdruck auf dem katholischen Dogma der wirklichen Gegenwart Christi in der Gestalt des Brotes und Weines w\u00e4hrend und nach der Feier der Eucharistie.&nbsp;&nbsp;<\/p>\n\n\n\n<p>Die Urspr\u00fcnge von Fronleichnam als ein christliches Fest gehen auf die zweite H\u00e4lfte des dreizehnten Jahrhunderts zur\u00fcck, in dem die Vision einer Nonne, Juliana von L\u00fcttich, zu einem christlichen Fest wurde. Juliana zufolge hat Gott ihr die Einf\u00fchrung eines Festtags, jenem der Eucharistiefeier, befohlen. Gottes Bitte folgend hat sie darauf eine Bittschrift an den Bischof von L\u00fcttich geschickt, woraufhin er einem Festtag zugestimmt und die j\u00e4hrliche Feier f\u00fcr Fronleichnam angeordnet hat.&nbsp;&nbsp;&nbsp;<\/p>\n\n\n\n<p>Die j\u00e4hrlich stattfindende Feier von Fronleichnam nahm erst nach dem Tod von Juliana und des Bischofs Fahrt auf. Im Jahr 1264 erlie\u00df Papst Urban IV die p\u00e4pstliche Bulle \u201eTransiturus&#8220;, die Fronleichnam in der gesamten r\u00f6misch-katholischen Kirche zu einem Festtag erhoben hat.&nbsp;<\/p>\n\n\n\n<p><strong>Wann findet die Feier statt?<\/strong><\/p>\n\n\n\n<p>Die Feier findet jedes Jahr am zweiten Donnerstag nach Pfingsten statt, dieses Jahr am Donnerstag, 16. Juni. So wie der Dreifaltigkeitssonntag und das Fest des Heiligen Herzens finden religi\u00f6se Feierlichkeiten f\u00fcr gew\u00f6hnlich in derselben Woche statt.&nbsp;&nbsp;&nbsp;&nbsp;&nbsp;&nbsp;&nbsp;<\/p>\n\n\n\n<p><strong>Wo findet die Feier statt?<\/strong><\/p>\n\n\n\n<p>Fronleichnam wird vor allem in katholischen L\u00e4ndern, oder wie bspw. in der Schweiz in den katholischen Landesteilen gefeiert. Es ist demnach ein regionaler Feiertag und in der Schweiz nur in den katholischen Kantonen bekannt. Informiere dich deshalb vorher dar\u00fcber, welche Kantone zur Auswahl stehen, falls Du an den Feierlichkeiten teilnehmen willst. Gefeiert wird in Appenzell Innerrhoden, Jura, Luzern, Nidwalden, Obwalden, Schwyz, Tessin, Uri, Wallis und Zug. In einigen Kantonen wie Aargau, Freiburg, Graub\u00fcnden, Neuenburg und Solothurn wird Fronleichnam als gesetzlicher Feiertag gefeiert.&nbsp; <\/p>\n","protected":false},"excerpt":{"rendered":"<p>Am Donnerstag, 16. Juni, wird der Feiertag Fronleichnam, auch bekannt unter dem Namen Fronleichnamstag, in der Schweiz gefeiert. Andere katholische Feierlichkeiten finden in derselben Woche statt. M\u00f6chtest auch Du mit dabei sein? Wenn ja, dann solltest Du weiterlesen!<\/p>\n","protected":false},"author":6,"featured_media":418,"comment_status":"open","ping_status":"open","sticky":false,"template":"","format":"standard","meta":{"footnotes":""},"categories":[4],"tags":[],"location":[],"class_list":["post-405","post","type-post","status-publish","format-standard","has-post-thumbnail","hentry","category-events-seasonal"],"acf":[],"yoast_head":"<!-- This site is optimized with the Yoast SEO plugin v27.5 - https:\/\/yoast.com\/product\/yoast-seo-wordpress\/ -->\n<title>Der Feiertag Fronleichnam (Fronleichnamstag) in der Schweiz | Belvilla<\/title>\n<meta name=\"description\" content=\"M\u00f6chtest Du Fronleichnam in der Schweiz feiern? Schau Dir die diversen Angebote von Ferienh\u00e4usern in der Schweiz an!\" \/>\n<meta name=\"robots\" content=\"index, follow, max-snippet:-1, max-image-preview:large, max-video-preview:-1\" \/>\n<link rel=\"canonical\" href=\"https:\/\/www.belvilla.de\/blog\/sakramentetag-leib-christus\/\" \/>\n<meta property=\"og:locale\" content=\"de_DE\" \/>\n<meta property=\"og:type\" content=\"article\" \/>\n<meta property=\"og:title\" content=\"Der Feiertag Fronleichnam (Fronleichnamstag) in der Schweiz | Belvilla\" \/>\n<meta property=\"og:description\" content=\"M\u00f6chtest Du Fronleichnam in der Schweiz feiern? Schau Dir die diversen Angebote von Ferienh\u00e4usern in der Schweiz an!\" \/>\n<meta property=\"og:url\" content=\"https:\/\/www.belvilla.de\/blog\/sakramentetag-leib-christus\/\" \/>\n<meta property=\"og:site_name\" content=\"Belvilla Blog DE\" \/>\n<meta property=\"article:published_time\" content=\"2022-06-16T14:21:00+00:00\" \/>\n<meta property=\"article:modified_time\" content=\"2023-08-28T21:03:51+00:00\" \/>\n<meta property=\"og:image\" content=\"https:\/\/www.belvilla.de\/blog\/wp-content\/uploads\/sites\/4\/2022\/06\/shutterstock_1121614352.jpg\" \/>\n\t<meta property=\"og:image:width\" content=\"1024\" \/>\n\t<meta property=\"og:image:height\" content=\"683\" \/>\n\t<meta property=\"og:image:type\" content=\"image\/jpeg\" \/>\n<meta name=\"twitter:card\" content=\"summary_large_image\" \/>\n<meta name=\"twitter:label1\" content=\"Verfasst von\" \/>\n\t<meta name=\"twitter:data1\" content=\"\" \/>\n\t<meta name=\"twitter:label2\" content=\"Gesch\u00e4tzte Lesezeit\" \/>\n\t<meta name=\"twitter:data2\" content=\"2\u00a0Minuten\" \/>\n<script type=\"application\/ld+json\" class=\"yoast-schema-graph\">{\"@context\":\"https:\\\/\\\/schema.org\",\"@graph\":[{\"@type\":\"Article\",\"@id\":\"https:\\\/\\\/www.belvilla.de\\\/blog\\\/sakramentetag-leib-christus\\\/#article\",\"isPartOf\":{\"@id\":\"https:\\\/\\\/www.belvilla.de\\\/blog\\\/sakramentetag-leib-christus\\\/\"},\"author\":{\"name\":\"\",\"@id\":\"\"},\"headline\":\"Fronleichnam (Fronleichnamstag) in der Schweiz\",\"datePublished\":\"2022-06-16T14:21:00+00:00\",\"dateModified\":\"2023-08-28T21:03:51+00:00\",\"mainEntityOfPage\":{\"@id\":\"https:\\\/\\\/www.belvilla.de\\\/blog\\\/sakramentetag-leib-christus\\\/\"},\"wordCount\":389,\"commentCount\":0,\"image\":{\"@id\":\"https:\\\/\\\/www.belvilla.de\\\/blog\\\/sakramentetag-leib-christus\\\/#primaryimage\"},\"thumbnailUrl\":\"https:\\\/\\\/www.belvilla.de\\\/blog\\\/wp-content\\\/uploads\\\/sites\\\/4\\\/2022\\\/06\\\/shutterstock_1121614352.jpg\",\"articleSection\":[\"Events\\\/Seasonal\"],\"inLanguage\":\"de\",\"potentialAction\":[{\"@type\":\"CommentAction\",\"name\":\"Comment\",\"target\":[\"https:\\\/\\\/www.belvilla.de\\\/blog\\\/sakramentetag-leib-christus\\\/#respond\"]}]},{\"@type\":\"WebPage\",\"@id\":\"https:\\\/\\\/www.belvilla.de\\\/blog\\\/sakramentetag-leib-christus\\\/\",\"url\":\"https:\\\/\\\/www.belvilla.de\\\/blog\\\/sakramentetag-leib-christus\\\/\",\"name\":\"Der Feiertag Fronleichnam (Fronleichnamstag) in der Schweiz | Belvilla\",\"isPartOf\":{\"@id\":\"https:\\\/\\\/www.belvilla.de\\\/blog\\\/#website\"},\"primaryImageOfPage\":{\"@id\":\"https:\\\/\\\/www.belvilla.de\\\/blog\\\/sakramentetag-leib-christus\\\/#primaryimage\"},\"image\":{\"@id\":\"https:\\\/\\\/www.belvilla.de\\\/blog\\\/sakramentetag-leib-christus\\\/#primaryimage\"},\"thumbnailUrl\":\"https:\\\/\\\/www.belvilla.de\\\/blog\\\/wp-content\\\/uploads\\\/sites\\\/4\\\/2022\\\/06\\\/shutterstock_1121614352.jpg\",\"datePublished\":\"2022-06-16T14:21:00+00:00\",\"dateModified\":\"2023-08-28T21:03:51+00:00\",\"author\":{\"@id\":\"\"},\"description\":\"M\u00f6chtest Du Fronleichnam in der Schweiz feiern? Schau Dir die diversen Angebote von Ferienh\u00e4usern in der Schweiz an!\",\"breadcrumb\":{\"@id\":\"https:\\\/\\\/www.belvilla.de\\\/blog\\\/sakramentetag-leib-christus\\\/#breadcrumb\"},\"inLanguage\":\"de\",\"potentialAction\":[{\"@type\":\"ReadAction\",\"target\":[\"https:\\\/\\\/www.belvilla.de\\\/blog\\\/sakramentetag-leib-christus\\\/\"]}]},{\"@type\":\"ImageObject\",\"inLanguage\":\"de\",\"@id\":\"https:\\\/\\\/www.belvilla.de\\\/blog\\\/sakramentetag-leib-christus\\\/#primaryimage\",\"url\":\"https:\\\/\\\/www.belvilla.de\\\/blog\\\/wp-content\\\/uploads\\\/sites\\\/4\\\/2022\\\/06\\\/shutterstock_1121614352.jpg\",\"contentUrl\":\"https:\\\/\\\/www.belvilla.de\\\/blog\\\/wp-content\\\/uploads\\\/sites\\\/4\\\/2022\\\/06\\\/shutterstock_1121614352.jpg\",\"width\":1024,\"height\":683,\"caption\":\"Fronleichnam in der Schweiz\"},{\"@type\":\"BreadcrumbList\",\"@id\":\"https:\\\/\\\/www.belvilla.de\\\/blog\\\/sakramentetag-leib-christus\\\/#breadcrumb\",\"itemListElement\":[{\"@type\":\"ListItem\",\"position\":1,\"name\":\"Home\",\"item\":\"https:\\\/\\\/www.belvilla.de\\\/blog\\\/\"},{\"@type\":\"ListItem\",\"position\":2,\"name\":\"Fronleichnam (Fronleichnamstag) in der Schweiz\"}]},{\"@type\":\"WebSite\",\"@id\":\"https:\\\/\\\/www.belvilla.de\\\/blog\\\/#website\",\"url\":\"https:\\\/\\\/www.belvilla.de\\\/blog\\\/\",\"name\":\"Belvilla Blog DE\",\"description\":\"\",\"potentialAction\":[{\"@type\":\"SearchAction\",\"target\":{\"@type\":\"EntryPoint\",\"urlTemplate\":\"https:\\\/\\\/www.belvilla.de\\\/blog\\\/?s={search_term_string}\"},\"query-input\":{\"@type\":\"PropertyValueSpecification\",\"valueRequired\":true,\"valueName\":\"search_term_string\"}}],\"inLanguage\":\"de\"},{\"@type\":\"Person\",\"@id\":\"\"}]}<\/script>\n<!-- \/ Yoast SEO plugin. -->","yoast_head_json":{"title":"Der Feiertag Fronleichnam (Fronleichnamstag) in der Schweiz | Belvilla","description":"M\u00f6chtest Du Fronleichnam in der Schweiz feiern? Schau Dir die diversen Angebote von Ferienh\u00e4usern in der Schweiz an!","robots":{"index":"index","follow":"follow","max-snippet":"max-snippet:-1","max-image-preview":"max-image-preview:large","max-video-preview":"max-video-preview:-1"},"canonical":"https:\/\/www.belvilla.de\/blog\/sakramentetag-leib-christus\/","og_locale":"de_DE","og_type":"article","og_title":"Der Feiertag Fronleichnam (Fronleichnamstag) in der Schweiz | Belvilla","og_description":"M\u00f6chtest Du Fronleichnam in der Schweiz feiern? Schau Dir die diversen Angebote von Ferienh\u00e4usern in der Schweiz an!","og_url":"https:\/\/www.belvilla.de\/blog\/sakramentetag-leib-christus\/","og_site_name":"Belvilla Blog DE","article_published_time":"2022-06-16T14:21:00+00:00","article_modified_time":"2023-08-28T21:03:51+00:00","og_image":[{"width":1024,"height":683,"url":"https:\/\/www.belvilla.de\/blog\/wp-content\/uploads\/sites\/4\/2022\/06\/shutterstock_1121614352.jpg","type":"image\/jpeg"}],"twitter_card":"summary_large_image","twitter_misc":{"Verfasst von":"","Gesch\u00e4tzte Lesezeit":"2\u00a0Minuten"},"schema":{"@context":"https:\/\/schema.org","@graph":[{"@type":"Article","@id":"https:\/\/www.belvilla.de\/blog\/sakramentetag-leib-christus\/#article","isPartOf":{"@id":"https:\/\/www.belvilla.de\/blog\/sakramentetag-leib-christus\/"},"author":{"name":"","@id":""},"headline":"Fronleichnam (Fronleichnamstag) in der Schweiz","datePublished":"2022-06-16T14:21:00+00:00","dateModified":"2023-08-28T21:03:51+00:00","mainEntityOfPage":{"@id":"https:\/\/www.belvilla.de\/blog\/sakramentetag-leib-christus\/"},"wordCount":389,"commentCount":0,"image":{"@id":"https:\/\/www.belvilla.de\/blog\/sakramentetag-leib-christus\/#primaryimage"},"thumbnailUrl":"https:\/\/www.belvilla.de\/blog\/wp-content\/uploads\/sites\/4\/2022\/06\/shutterstock_1121614352.jpg","articleSection":["Events\/Seasonal"],"inLanguage":"de","potentialAction":[{"@type":"CommentAction","name":"Comment","target":["https:\/\/www.belvilla.de\/blog\/sakramentetag-leib-christus\/#respond"]}]},{"@type":"WebPage","@id":"https:\/\/www.belvilla.de\/blog\/sakramentetag-leib-christus\/","url":"https:\/\/www.belvilla.de\/blog\/sakramentetag-leib-christus\/","name":"Der Feiertag Fronleichnam (Fronleichnamstag) in der Schweiz | Belvilla","isPartOf":{"@id":"https:\/\/www.belvilla.de\/blog\/#website"},"primaryImageOfPage":{"@id":"https:\/\/www.belvilla.de\/blog\/sakramentetag-leib-christus\/#primaryimage"},"image":{"@id":"https:\/\/www.belvilla.de\/blog\/sakramentetag-leib-christus\/#primaryimage"},"thumbnailUrl":"https:\/\/www.belvilla.de\/blog\/wp-content\/uploads\/sites\/4\/2022\/06\/shutterstock_1121614352.jpg","datePublished":"2022-06-16T14:21:00+00:00","dateModified":"2023-08-28T21:03:51+00:00","author":{"@id":""},"description":"M\u00f6chtest Du Fronleichnam in der Schweiz feiern? Schau Dir die diversen Angebote von Ferienh\u00e4usern in der Schweiz an!","breadcrumb":{"@id":"https:\/\/www.belvilla.de\/blog\/sakramentetag-leib-christus\/#breadcrumb"},"inLanguage":"de","potentialAction":[{"@type":"ReadAction","target":["https:\/\/www.belvilla.de\/blog\/sakramentetag-leib-christus\/"]}]},{"@type":"ImageObject","inLanguage":"de","@id":"https:\/\/www.belvilla.de\/blog\/sakramentetag-leib-christus\/#primaryimage","url":"https:\/\/www.belvilla.de\/blog\/wp-content\/uploads\/sites\/4\/2022\/06\/shutterstock_1121614352.jpg","contentUrl":"https:\/\/www.belvilla.de\/blog\/wp-content\/uploads\/sites\/4\/2022\/06\/shutterstock_1121614352.jpg","width":1024,"height":683,"caption":"Fronleichnam in der Schweiz"},{"@type":"BreadcrumbList","@id":"https:\/\/www.belvilla.de\/blog\/sakramentetag-leib-christus\/#breadcrumb","itemListElement":[{"@type":"ListItem","position":1,"name":"Home","item":"https:\/\/www.belvilla.de\/blog\/"},{"@type":"ListItem","position":2,"name":"Fronleichnam (Fronleichnamstag) in der Schweiz"}]},{"@type":"WebSite","@id":"https:\/\/www.belvilla.de\/blog\/#website","url":"https:\/\/www.belvilla.de\/blog\/","name":"Belvilla Blog DE","description":"","potentialAction":[{"@type":"SearchAction","target":{"@type":"EntryPoint","urlTemplate":"https:\/\/www.belvilla.de\/blog\/?s={search_term_string}"},"query-input":{"@type":"PropertyValueSpecification","valueRequired":true,"valueName":"search_term_string"}}],"inLanguage":"de"},{"@type":"Person","@id":""}]}},"_links":{"self":[{"href":"https:\/\/www.belvilla.de\/blog\/wp-json\/wp\/v2\/posts\/405","targetHints":{"allow":["GET"]}}],"collection":[{"href":"https:\/\/www.belvilla.de\/blog\/wp-json\/wp\/v2\/posts"}],"about":[{"href":"https:\/\/www.belvilla.de\/blog\/wp-json\/wp\/v2\/types\/post"}],"author":[{"embeddable":true,"href":"https:\/\/www.belvilla.de\/blog\/wp-json\/wp\/v2\/users\/6"}],"replies":[{"embeddable":true,"href":"https:\/\/www.belvilla.de\/blog\/wp-json\/wp\/v2\/comments?post=405"}],"version-history":[{"count":7,"href":"https:\/\/www.belvilla.de\/blog\/wp-json\/wp\/v2\/posts\/405\/revisions"}],"predecessor-version":[{"id":493,"href":"https:\/\/www.belvilla.de\/blog\/wp-json\/wp\/v2\/posts\/405\/revisions\/493"}],"wp:featuredmedia":[{"embeddable":true,"href":"https:\/\/www.belvilla.de\/blog\/wp-json\/wp\/v2\/media\/418"}],"wp:attachment":[{"href":"https:\/\/www.belvilla.de\/blog\/wp-json\/wp\/v2\/media?parent=405"}],"wp:term":[{"taxonomy":"category","embeddable":true,"href":"https:\/\/www.belvilla.de\/blog\/wp-json\/wp\/v2\/categories?post=405"},{"taxonomy":"post_tag","embeddable":true,"href":"https:\/\/www.belvilla.de\/blog\/wp-json\/wp\/v2\/tags?post=405"},{"taxonomy":"location","embeddable":true,"href":"https:\/\/www.belvilla.de\/blog\/wp-json\/wp\/v2\/location?post=405"}],"curies":[{"name":"wp","href":"https:\/\/api.w.org\/{rel}","templated":true}]}}