{"id":395,"date":"2022-06-18T10:59:00","date_gmt":"2022-06-18T10:59:00","guid":{"rendered":"https:\/\/www.belvilla.de\/blog\/?p=395"},"modified":"2023-08-28T21:03:29","modified_gmt":"2023-08-28T21:03:29","slug":"strandurlaub-packliste","status":"publish","type":"post","link":"https:\/\/www.belvilla.de\/blog\/strandurlaub-packliste\/","title":{"rendered":"Alles bereit f\u00fcr den Strandurlaub! Die Packliste f\u00fcr Deinen Urlaub am Strand"},"content":{"rendered":"\n<p>Der n\u00e4chste <a href=\"https:\/\/www.belvilla.de\/blog\/kueste-portugal\/\">Strandurlaub<\/a> steht an und Du weisst noch nicht, was alles mitkommen sollte? Vor dieser Problematik stehen jeden Sommer Millionen von Menschen. Wir unterst\u00fctzen Dich dabei und haben die wichtigsten Utensilien f\u00fcr deinen Strandurlaub zusammengestellt. <\/p>\n\n\n\n<p>Finde in unserem Artikel heraus, was Du auf gar keinen Fall vergessen darfst. <\/p>\n\n\n\n<h2 class=\"wp-block-heading\">Kleidung f\u00fcr die Strandurlaub-Packliste<\/h2>\n\n\n\n<p>F\u00fcr Ferien am Strand wird nat\u00fcrlich weitaus weniger Kleidung ben\u00f6tigt als f\u00fcr den Winterurlaub. Dennoch kannst Du dir unn\u00f6tigen Aufwand ersparen, wenn Du kurz \u00fcberlegst, was Du vor Ort wirklich brauchen wirst. Wir alle w\u00fcnschen uns puren Sonnenschein f\u00fcr den Urlaub am Strand. Du weisst aber nat\u00fcrlich auch, dass man sich auf niedrigere Temperaturen oder sogar Regen vorbereiten sollte.\u00a0<\/p>\n\n\n\n<p>In diesem Fall ist haben besser als brauchen. Da die leichte Sommerkleidung nicht viel Platz im Koffer wegnimmt, ist ausreichend Platz f\u00fcr die lange Kleidung vorhanden. Hier musst Du aber auch nicht \u00fcbertreiben. Ein warmer Pullover und eine lange Hose, eventuell ein zweites Paar Schuhe, sowie ein Regencape reichen aus f\u00fcr das Sicherheitsgef\u00fchl. <\/p>\n\n\n\n<p>Jetzt kommen wir zu dem wichtigsten f\u00fcr euren Strandurlaub: der Strandkleidung. Hierzu z\u00e4hlen zum einen Badesachen, Handt\u00fccher, Flip-Flops, Sonnenhut, oder Sandalen und die Sonnenbrille. Andererseits luftige Kleidung wie T-Shirts, Strandkleider, und kurze Hosen oder R\u00f6cke. Im Folgenden findest Du eine Liste der wichtigsten Kleidung:<\/p>\n\n\n\n<ul class=\"wp-block-list\"><li>Ein warmer Pullover<\/li><li>Eine lange Hose<\/li><li>Bikini, Badeanzug oder Badehose<\/li><li>Handt\u00fccher<\/li><li>Flip-Flops oder Sandalen<\/li><li>Sonnenbrille<\/li><li>T-Shirts<\/li><li>Strandkleider<\/li><li>Sonnenhut<\/li><li>Kurze Hose oder R\u00f6cke<\/li><li>Regencape<\/li><li>Unterw\u00e4sche<\/li><li>Socken<\/li><li>Schuhe<\/li><li>Bei Bedarf Sportsachen<\/li><\/ul>\n\n\n\n<h2 class=\"wp-block-heading\">Packliste f\u00fcr den Strandurlaub: Hygieneprodukte<\/h2>\n\n\n\n<p>Ganz besonders wichtig sind Hygieneprodukte. Nicht nur die Sonne strapaziert deine Haut, auch der Sand und das Salzwasser k\u00f6nnen die Haut reizen. Zudem gibt es Produkte, auf die man einfach nirgends verzichten kann, wie beispielsweise Zahnb\u00fcrste und Zahnpasta.<\/p>\n\n\n\n<p>Dabei steht ganz oben auf der Liste der Schutz gegen die Sonne: die Sonnencreme. Wer sie nicht dabei hat, muss sie mit Sicherheit vor Ort kaufen. F\u00fcr den Fall eines Sonnenbrands und auch generell solltest Du gen\u00fcgend After-Sun-Lotion mit in den Koffer packen. Au\u00dferdem d\u00fcrfen nat\u00fcrlich Produkte wie Shampoo, Haarsp\u00fclung und Duschgel nicht fehlen.<\/p>\n\n\n\n<p>Auch Feuchtigkeitscreme und Deo sowie Rasierer sollten mit eingepackt werden. F\u00fcr die Damen gibt es selbstverst\u00e4ndlich noch weitere Produkte, die unentbehrlich sind. Dies k\u00f6nnen beispielsweise Make-up und Damenhygieneprodukte sein. In der folgenden Liste findest Du die genannten Produkte noch einmal \u00fcbersichtlich dargestellt.<\/p>\n\n\n\n<ul class=\"wp-block-list\"><li>Sonnencreme<\/li><li>After-Sun-Lotion <\/li><li>Zahnb\u00fcrste und Zahnpasta<\/li><li>Shampoo und Haarsp\u00fclung<\/li><li>Duschgel<\/li><li>Feuchtigkeitscreme<\/li><li>Deospray oder Deoroller<\/li><li>Rasierer und Rasierschaum\/Rasiergel<\/li><li>Make-up<\/li><li>Haargummis<\/li><li>Damenhygieneprodukte<\/li><\/ul>\n\n\n\n<h2 class=\"wp-block-heading\">Strandurlaub Packliste: Elektronikartikel<\/h2>\n\n\n\n<p>Wie in jedem Urlaub darf nat\u00fcrlich auch im Strandurlaub das Wichtigste an Elektronikartikeln nicht fehlen. Darunter z\u00e4hlt definitiv das Smartphone. Es empfiehlt sich das dazugeh\u00f6rige Ladekabel mit einzupacken und f\u00fcr den Fall eines l\u00e4ngeren Ausfluges eine Powerbank. Planst Du das Smartphone mit ins Wasser zu nehmen? Dann denk unbedingt an die entsprechende wasserdichte Schutzh\u00fclle.<\/p>\n\n\n\n<p>Hast Du vor am Strand ganz entspannt zu lesen? Dann darf der E-Book-Reader nicht fehlen, wenn Du auf die schweren B\u00fccher verzichten m\u00f6chtest. Ebenso solltest Du deinen Laptop mit Ladekabel nicht vergessen, falls Du darauf nicht verzichten kannst. Ganz wichtig ist nat\u00fcrlich die Kamera f\u00fcr die sch\u00f6nen Strandfotos.<\/p>\n\n\n\n<ul class=\"wp-block-list\"><li>Smartphone mit Ladekabel<\/li><li>Powerbank<\/li><li>Wasserdichte Schutzh\u00fclle<\/li><li>E-Book-Reader oder Tablet<\/li><li>Laptop mit Ladekabel<\/li><li>Kamera mit Ladekabel<\/li><li>Tragetasche f\u00fcr Laptop oder Kamera<\/li><\/ul>\n\n\n\n<h2 class=\"wp-block-heading\">Reiseapotheke f\u00fcr den Strandurlaub: Packliste<\/h2>\n\n\n\n<p>So manch unvorhergesehene Unannehmlichkeiten k\u00f6nnen euren Urlaub schnell verderben. Deshalb solltest Du immer die passende Reiseapotheke mit dabei haben. F\u00fcr den Strandurlaub geh\u00f6ren ganz besonders Sonnenbrand-mindernde Mittel mit in den Koffer. M\u00fccken k\u00f6nnen den Abend am Strand und die Nacht im Zimmer unsch\u00f6n machen. Deshalb sollte unbedingt M\u00fcckenspray mit in den Koffer.<\/p>\n\n\n\n<p>Die normale Grundausstattung der Reiseapotheke darf nicht fehlen. Auch, wenn wir hoffen nie auf die Reiseapotheke zur\u00fcckgreifen zu m\u00fcssen. Im Notfall aber kann eine gute Reiseapotheke f\u00fcr eine schnelle Genesung sorgen. Schon allein f\u00fcr euer Sicherheitsgef\u00fchl lohnt sie sich. <\/p>\n\n\n\n<ul class=\"wp-block-list\"><li>Sonnenbrand mindernde Mittel (wie Aloe vera oder Pantenol)<\/li><li>M\u00fcckenspray<\/li><li>Pflaster<\/li><li>Leichte Schmerztabletten (z. B. Aspirin oder Ibuprofen)<\/li><li>Fiebersenkende Tabletten (z. B. Paracetamol)<\/li><li>Medizin f\u00fcr Magen- und Darmbeschwerden (z. B. Perenterol)<\/li><li>Salbe f\u00fcr Wundbehandlung&nbsp;<\/li><\/ul>\n\n\n\n<h2 class=\"wp-block-heading\">Finanzen, Dokumente und Unterlagen im Strandurlaub<\/h2>\n\n\n\n<p>Jeder kennt die Geschichten von Urlauben, die aufgrund fehlender wichtiger Unterlagen, nicht stattfinden konnten. Damit Dir dies nicht auch passiert, haben wir die wichtigsten Dokumente, Unterlagen und Geldmittel zusammengefasst. <\/p>\n\n\n\n<p>Buchungsbest\u00e4tigungen und Tickets f\u00fcr Flug, Zug, andere Anreisemittel und Unterkunft solltest Du auf dem Handy und sicherheitshalber in Papierform mitbringen. Zudem solltest Du doppelt \u00fcberpr\u00fcfen, ob sich auch alle Geldkarten in der Geldb\u00f6rse befinden. Ebenso wichtig ist sicherstellen, dass alle ben\u00f6tigten Ausweise mit eingepackt wurden. Dazu geh\u00f6ren der Personalausweis, F\u00fchrerschein und die Karte der Krankenversicherung.<\/p>\n\n\n\n<ul class=\"wp-block-list\"><li>Flugticket<\/li><li>Zugticket<\/li><li>Buchungsbest\u00e4tigung der Unterkunft<\/li><li>Geldb\u00f6rse (mit EC-Karte, Kreditkarte und Bargeld)<\/li><li>Personalausweis<\/li><li>F\u00fchrerschein<\/li><li>Nachweis \u00fcber Krankenversicherung (z. B. mit Krankenversicherungskarte oder Best\u00e4tigung der Auslandskrankenversicherung)<\/li><\/ul>\n","protected":false},"excerpt":{"rendered":"<p>Kennst Du das Gef\u00fchl? Du hast alles f\u00fcr den Strandurlaub gepackt. Dennoch bleibt das Gef\u00fchl, dass Du sicher irgendetwas Wichtiges vergessen hast. Damit bist Du nicht alleine. Denn nicht selten sind Urlaube ins Wasser gefallen, weil wichtige Dokumente zu Hause vergessen wurden. Doch keine Sorge! Wir haben hier die komplette Packliste f\u00fcr Deinen Strandurlaub zusammengestellt. Damit kannst Du sicher sein, dass wirklich alles Wichtige im Koffer landet.<\/p>\n","protected":false},"author":6,"featured_media":397,"comment_status":"open","ping_status":"open","sticky":false,"template":"","format":"standard","meta":{"footnotes":""},"categories":[1],"tags":[],"location":[],"class_list":["post-395","post","type-post","status-publish","format-standard","has-post-thumbnail","hentry","category-uncategorized"],"acf":[],"yoast_head":"<!-- This site is optimized with the Yoast SEO plugin v27.5 - https:\/\/yoast.com\/product\/yoast-seo-wordpress\/ -->\n<title>Die komplette Packliste f\u00fcr euren Strandurlaub | Belvilla Ferienh\u00e4user<\/title>\n<meta name=\"description\" content=\"Der n\u00e4chste Strandurlaub steht an und ihr wollt nichts Wichtiges zu Hause vergessen? Hier findet ihr die komplette Packliste f\u00fcr euren Strandurlaub!\" \/>\n<meta name=\"robots\" content=\"index, follow, max-snippet:-1, max-image-preview:large, max-video-preview:-1\" \/>\n<link rel=\"canonical\" href=\"https:\/\/www.belvilla.de\/blog\/strandurlaub-packliste\/\" \/>\n<meta property=\"og:locale\" content=\"de_DE\" \/>\n<meta property=\"og:type\" content=\"article\" \/>\n<meta property=\"og:title\" content=\"Die komplette Packliste f\u00fcr euren Strandurlaub | Belvilla Ferienh\u00e4user\" \/>\n<meta property=\"og:description\" content=\"Der n\u00e4chste Strandurlaub steht an und ihr wollt nichts Wichtiges zu Hause vergessen? Hier findet ihr die komplette Packliste f\u00fcr euren Strandurlaub!\" \/>\n<meta property=\"og:url\" content=\"https:\/\/www.belvilla.de\/blog\/strandurlaub-packliste\/\" \/>\n<meta property=\"og:site_name\" content=\"Belvilla Blog DE\" \/>\n<meta property=\"article:published_time\" content=\"2022-06-18T10:59:00+00:00\" \/>\n<meta property=\"article:modified_time\" content=\"2023-08-28T21:03:29+00:00\" \/>\n<meta property=\"og:image\" content=\"https:\/\/www.belvilla.de\/blog\/wp-content\/uploads\/sites\/4\/2022\/06\/shutterstock_542685802.jpg\" \/>\n\t<meta property=\"og:image:width\" content=\"1024\" \/>\n\t<meta property=\"og:image:height\" content=\"683\" \/>\n\t<meta property=\"og:image:type\" content=\"image\/jpeg\" \/>\n<meta name=\"twitter:card\" content=\"summary_large_image\" \/>\n<meta name=\"twitter:label1\" content=\"Verfasst von\" \/>\n\t<meta name=\"twitter:data1\" content=\"\" \/>\n\t<meta name=\"twitter:label2\" content=\"Gesch\u00e4tzte Lesezeit\" \/>\n\t<meta name=\"twitter:data2\" content=\"5\u00a0Minuten\" \/>\n<script type=\"application\/ld+json\" class=\"yoast-schema-graph\">{\"@context\":\"https:\\\/\\\/schema.org\",\"@graph\":[{\"@type\":\"Article\",\"@id\":\"https:\\\/\\\/www.belvilla.de\\\/blog\\\/strandurlaub-packliste\\\/#article\",\"isPartOf\":{\"@id\":\"https:\\\/\\\/www.belvilla.de\\\/blog\\\/strandurlaub-packliste\\\/\"},\"author\":{\"name\":\"\",\"@id\":\"\"},\"headline\":\"Alles bereit f\u00fcr den Strandurlaub! Die Packliste f\u00fcr Deinen Urlaub am Strand\",\"datePublished\":\"2022-06-18T10:59:00+00:00\",\"dateModified\":\"2023-08-28T21:03:29+00:00\",\"mainEntityOfPage\":{\"@id\":\"https:\\\/\\\/www.belvilla.de\\\/blog\\\/strandurlaub-packliste\\\/\"},\"wordCount\":856,\"commentCount\":0,\"image\":{\"@id\":\"https:\\\/\\\/www.belvilla.de\\\/blog\\\/strandurlaub-packliste\\\/#primaryimage\"},\"thumbnailUrl\":\"https:\\\/\\\/www.belvilla.de\\\/blog\\\/wp-content\\\/uploads\\\/sites\\\/4\\\/2022\\\/06\\\/shutterstock_542685802.jpg\",\"articleSection\":[\"Uncategorized\"],\"inLanguage\":\"de\",\"potentialAction\":[{\"@type\":\"CommentAction\",\"name\":\"Comment\",\"target\":[\"https:\\\/\\\/www.belvilla.de\\\/blog\\\/strandurlaub-packliste\\\/#respond\"]}]},{\"@type\":\"WebPage\",\"@id\":\"https:\\\/\\\/www.belvilla.de\\\/blog\\\/strandurlaub-packliste\\\/\",\"url\":\"https:\\\/\\\/www.belvilla.de\\\/blog\\\/strandurlaub-packliste\\\/\",\"name\":\"Die komplette Packliste f\u00fcr euren Strandurlaub | Belvilla Ferienh\u00e4user\",\"isPartOf\":{\"@id\":\"https:\\\/\\\/www.belvilla.de\\\/blog\\\/#website\"},\"primaryImageOfPage\":{\"@id\":\"https:\\\/\\\/www.belvilla.de\\\/blog\\\/strandurlaub-packliste\\\/#primaryimage\"},\"image\":{\"@id\":\"https:\\\/\\\/www.belvilla.de\\\/blog\\\/strandurlaub-packliste\\\/#primaryimage\"},\"thumbnailUrl\":\"https:\\\/\\\/www.belvilla.de\\\/blog\\\/wp-content\\\/uploads\\\/sites\\\/4\\\/2022\\\/06\\\/shutterstock_542685802.jpg\",\"datePublished\":\"2022-06-18T10:59:00+00:00\",\"dateModified\":\"2023-08-28T21:03:29+00:00\",\"author\":{\"@id\":\"\"},\"description\":\"Der n\u00e4chste Strandurlaub steht an und ihr wollt nichts Wichtiges zu Hause vergessen? Hier findet ihr die komplette Packliste f\u00fcr euren Strandurlaub!\",\"breadcrumb\":{\"@id\":\"https:\\\/\\\/www.belvilla.de\\\/blog\\\/strandurlaub-packliste\\\/#breadcrumb\"},\"inLanguage\":\"de\",\"potentialAction\":[{\"@type\":\"ReadAction\",\"target\":[\"https:\\\/\\\/www.belvilla.de\\\/blog\\\/strandurlaub-packliste\\\/\"]}]},{\"@type\":\"ImageObject\",\"inLanguage\":\"de\",\"@id\":\"https:\\\/\\\/www.belvilla.de\\\/blog\\\/strandurlaub-packliste\\\/#primaryimage\",\"url\":\"https:\\\/\\\/www.belvilla.de\\\/blog\\\/wp-content\\\/uploads\\\/sites\\\/4\\\/2022\\\/06\\\/shutterstock_542685802.jpg\",\"contentUrl\":\"https:\\\/\\\/www.belvilla.de\\\/blog\\\/wp-content\\\/uploads\\\/sites\\\/4\\\/2022\\\/06\\\/shutterstock_542685802.jpg\",\"width\":1024,\"height\":683,\"caption\":\"Strandurlaub Koffer packen Packliste\"},{\"@type\":\"BreadcrumbList\",\"@id\":\"https:\\\/\\\/www.belvilla.de\\\/blog\\\/strandurlaub-packliste\\\/#breadcrumb\",\"itemListElement\":[{\"@type\":\"ListItem\",\"position\":1,\"name\":\"Home\",\"item\":\"https:\\\/\\\/www.belvilla.de\\\/blog\\\/\"},{\"@type\":\"ListItem\",\"position\":2,\"name\":\"Alles bereit f\u00fcr den Strandurlaub! Die Packliste f\u00fcr Deinen Urlaub am Strand\"}]},{\"@type\":\"WebSite\",\"@id\":\"https:\\\/\\\/www.belvilla.de\\\/blog\\\/#website\",\"url\":\"https:\\\/\\\/www.belvilla.de\\\/blog\\\/\",\"name\":\"Belvilla Blog DE\",\"description\":\"\",\"potentialAction\":[{\"@type\":\"SearchAction\",\"target\":{\"@type\":\"EntryPoint\",\"urlTemplate\":\"https:\\\/\\\/www.belvilla.de\\\/blog\\\/?s={search_term_string}\"},\"query-input\":{\"@type\":\"PropertyValueSpecification\",\"valueRequired\":true,\"valueName\":\"search_term_string\"}}],\"inLanguage\":\"de\"},{\"@type\":\"Person\",\"@id\":\"\"}]}<\/script>\n<!-- \/ Yoast SEO plugin. -->","yoast_head_json":{"title":"Die komplette Packliste f\u00fcr euren Strandurlaub | Belvilla Ferienh\u00e4user","description":"Der n\u00e4chste Strandurlaub steht an und ihr wollt nichts Wichtiges zu Hause vergessen? Hier findet ihr die komplette Packliste f\u00fcr euren Strandurlaub!","robots":{"index":"index","follow":"follow","max-snippet":"max-snippet:-1","max-image-preview":"max-image-preview:large","max-video-preview":"max-video-preview:-1"},"canonical":"https:\/\/www.belvilla.de\/blog\/strandurlaub-packliste\/","og_locale":"de_DE","og_type":"article","og_title":"Die komplette Packliste f\u00fcr euren Strandurlaub | Belvilla Ferienh\u00e4user","og_description":"Der n\u00e4chste Strandurlaub steht an und ihr wollt nichts Wichtiges zu Hause vergessen? Hier findet ihr die komplette Packliste f\u00fcr euren Strandurlaub!","og_url":"https:\/\/www.belvilla.de\/blog\/strandurlaub-packliste\/","og_site_name":"Belvilla Blog DE","article_published_time":"2022-06-18T10:59:00+00:00","article_modified_time":"2023-08-28T21:03:29+00:00","og_image":[{"width":1024,"height":683,"url":"https:\/\/www.belvilla.de\/blog\/wp-content\/uploads\/sites\/4\/2022\/06\/shutterstock_542685802.jpg","type":"image\/jpeg"}],"twitter_card":"summary_large_image","twitter_misc":{"Verfasst von":"","Gesch\u00e4tzte Lesezeit":"5\u00a0Minuten"},"schema":{"@context":"https:\/\/schema.org","@graph":[{"@type":"Article","@id":"https:\/\/www.belvilla.de\/blog\/strandurlaub-packliste\/#article","isPartOf":{"@id":"https:\/\/www.belvilla.de\/blog\/strandurlaub-packliste\/"},"author":{"name":"","@id":""},"headline":"Alles bereit f\u00fcr den Strandurlaub! Die Packliste f\u00fcr Deinen Urlaub am Strand","datePublished":"2022-06-18T10:59:00+00:00","dateModified":"2023-08-28T21:03:29+00:00","mainEntityOfPage":{"@id":"https:\/\/www.belvilla.de\/blog\/strandurlaub-packliste\/"},"wordCount":856,"commentCount":0,"image":{"@id":"https:\/\/www.belvilla.de\/blog\/strandurlaub-packliste\/#primaryimage"},"thumbnailUrl":"https:\/\/www.belvilla.de\/blog\/wp-content\/uploads\/sites\/4\/2022\/06\/shutterstock_542685802.jpg","articleSection":["Uncategorized"],"inLanguage":"de","potentialAction":[{"@type":"CommentAction","name":"Comment","target":["https:\/\/www.belvilla.de\/blog\/strandurlaub-packliste\/#respond"]}]},{"@type":"WebPage","@id":"https:\/\/www.belvilla.de\/blog\/strandurlaub-packliste\/","url":"https:\/\/www.belvilla.de\/blog\/strandurlaub-packliste\/","name":"Die komplette Packliste f\u00fcr euren Strandurlaub | Belvilla Ferienh\u00e4user","isPartOf":{"@id":"https:\/\/www.belvilla.de\/blog\/#website"},"primaryImageOfPage":{"@id":"https:\/\/www.belvilla.de\/blog\/strandurlaub-packliste\/#primaryimage"},"image":{"@id":"https:\/\/www.belvilla.de\/blog\/strandurlaub-packliste\/#primaryimage"},"thumbnailUrl":"https:\/\/www.belvilla.de\/blog\/wp-content\/uploads\/sites\/4\/2022\/06\/shutterstock_542685802.jpg","datePublished":"2022-06-18T10:59:00+00:00","dateModified":"2023-08-28T21:03:29+00:00","author":{"@id":""},"description":"Der n\u00e4chste Strandurlaub steht an und ihr wollt nichts Wichtiges zu Hause vergessen? Hier findet ihr die komplette Packliste f\u00fcr euren Strandurlaub!","breadcrumb":{"@id":"https:\/\/www.belvilla.de\/blog\/strandurlaub-packliste\/#breadcrumb"},"inLanguage":"de","potentialAction":[{"@type":"ReadAction","target":["https:\/\/www.belvilla.de\/blog\/strandurlaub-packliste\/"]}]},{"@type":"ImageObject","inLanguage":"de","@id":"https:\/\/www.belvilla.de\/blog\/strandurlaub-packliste\/#primaryimage","url":"https:\/\/www.belvilla.de\/blog\/wp-content\/uploads\/sites\/4\/2022\/06\/shutterstock_542685802.jpg","contentUrl":"https:\/\/www.belvilla.de\/blog\/wp-content\/uploads\/sites\/4\/2022\/06\/shutterstock_542685802.jpg","width":1024,"height":683,"caption":"Strandurlaub Koffer packen Packliste"},{"@type":"BreadcrumbList","@id":"https:\/\/www.belvilla.de\/blog\/strandurlaub-packliste\/#breadcrumb","itemListElement":[{"@type":"ListItem","position":1,"name":"Home","item":"https:\/\/www.belvilla.de\/blog\/"},{"@type":"ListItem","position":2,"name":"Alles bereit f\u00fcr den Strandurlaub! Die Packliste f\u00fcr Deinen Urlaub am Strand"}]},{"@type":"WebSite","@id":"https:\/\/www.belvilla.de\/blog\/#website","url":"https:\/\/www.belvilla.de\/blog\/","name":"Belvilla Blog DE","description":"","potentialAction":[{"@type":"SearchAction","target":{"@type":"EntryPoint","urlTemplate":"https:\/\/www.belvilla.de\/blog\/?s={search_term_string}"},"query-input":{"@type":"PropertyValueSpecification","valueRequired":true,"valueName":"search_term_string"}}],"inLanguage":"de"},{"@type":"Person","@id":""}]}},"_links":{"self":[{"href":"https:\/\/www.belvilla.de\/blog\/wp-json\/wp\/v2\/posts\/395","targetHints":{"allow":["GET"]}}],"collection":[{"href":"https:\/\/www.belvilla.de\/blog\/wp-json\/wp\/v2\/posts"}],"about":[{"href":"https:\/\/www.belvilla.de\/blog\/wp-json\/wp\/v2\/types\/post"}],"author":[{"embeddable":true,"href":"https:\/\/www.belvilla.de\/blog\/wp-json\/wp\/v2\/users\/6"}],"replies":[{"embeddable":true,"href":"https:\/\/www.belvilla.de\/blog\/wp-json\/wp\/v2\/comments?post=395"}],"version-history":[{"count":3,"href":"https:\/\/www.belvilla.de\/blog\/wp-json\/wp\/v2\/posts\/395\/revisions"}],"predecessor-version":[{"id":536,"href":"https:\/\/www.belvilla.de\/blog\/wp-json\/wp\/v2\/posts\/395\/revisions\/536"}],"wp:featuredmedia":[{"embeddable":true,"href":"https:\/\/www.belvilla.de\/blog\/wp-json\/wp\/v2\/media\/397"}],"wp:attachment":[{"href":"https:\/\/www.belvilla.de\/blog\/wp-json\/wp\/v2\/media?parent=395"}],"wp:term":[{"taxonomy":"category","embeddable":true,"href":"https:\/\/www.belvilla.de\/blog\/wp-json\/wp\/v2\/categories?post=395"},{"taxonomy":"post_tag","embeddable":true,"href":"https:\/\/www.belvilla.de\/blog\/wp-json\/wp\/v2\/tags?post=395"},{"taxonomy":"location","embeddable":true,"href":"https:\/\/www.belvilla.de\/blog\/wp-json\/wp\/v2\/location?post=395"}],"curies":[{"name":"wp","href":"https:\/\/api.w.org\/{rel}","templated":true}]}}