{"id":3420,"date":"2023-09-29T13:38:30","date_gmt":"2023-09-29T13:38:30","guid":{"rendered":"https:\/\/www.belvilla.de\/blog\/?p=3420"},"modified":"2023-09-29T13:38:31","modified_gmt":"2023-09-29T13:38:31","slug":"reisefuehrer-oesterreich","status":"publish","type":"post","link":"https:\/\/www.belvilla.de\/blog\/reisefuehrer-oesterreich\/","title":{"rendered":"Reisef\u00fchrer \u00d6sterreich: Alles, was ihr f\u00fcr euren Urlaub wissen m\u00fcsst"},"content":{"rendered":"\n<p><a href=\"https:\/\/www.belvilla.de\/ferienwohnung-oesterreich\/\" target=\"_blank\" rel=\"noopener noreferrer\">\u00d6sterreich<\/a> ist mehr als nur Wien und die Alpen. Jedes Bundesland hat seine eigene einzigartige Kultur, Landschaft und Aktivit\u00e4ten zu bieten. In diesem Guide zeigen wir, wie ihr einen unvergesslichen \u00d6sterreich-Urlaub plant. Ob ihr nun auf der Suche nach einem gem\u00fctlichen Ferienhaus in der Steiermark oder einem Abenteuer in Tirol seid, hier findet ihr alle Infos, die ihr braucht.<\/p>\n\n\n\n<h2 class=\"wp-block-heading\">Wo in \u00d6sterreich Urlaub machen? <\/h2>\n\n\n\n<ul class=\"wp-block-list\">\n<li><a href=\"https:\/\/www.belvilla.de\/ferienhaus-oesterreich\/ferienhaeuser-wien\/\" target=\"_blank\" rel=\"noopener noreferrer\"><strong>Wien<\/strong><\/a>: Die Hauptstadt lockt mit einem reichen kulturellen Erbe, von Museen bis zu Opernh\u00e4usern.<\/li>\n\n\n\n<li><a href=\"https:\/\/www.belvilla.de\/ferienwohnung-niederoesterreich-wien-oesterreich\/\" target=\"_blank\" rel=\"noopener noreferrer\"><strong>Nieder\u00f6sterreich<\/strong><\/a>: Entdeckt die malerischen Weinregionen und das idyllische Donautal der Wachau.<\/li>\n\n\n\n<li><a href=\"https:\/\/www.belvilla.de\/ferienhaus-oberoesterreich-oesterreich\/\" target=\"_blank\" rel=\"noopener noreferrer\"><strong>Ober\u00f6sterreich<\/strong><\/a>: Ein Paradies f\u00fcr Wassersportler, dank der zahlreichen Seen wie dem Traunsee.<\/li>\n\n\n\n<li><a href=\"https:\/\/www.belvilla.de\/ferienhaus-steiermark-oesterreich\/\" target=\"_blank\" rel=\"noopener noreferrer\"><strong>Steiermark<\/strong><\/a>: Die &#8222;gr\u00fcne Mark&#8220; ist ein Eldorado f\u00fcr Wanderer, umgeben von \u00fcppigen Landschaften.<\/li>\n\n\n\n<li><a href=\"https:\/\/www.belvilla.de\/ferienwohnung-kaernten-oesterreich\/\" target=\"_blank\" rel=\"noopener noreferrer\"><strong>K\u00e4rnten<\/strong><\/a>: Ein Hotspot f\u00fcr Outdoor-Aktivit\u00e4ten, mit einer Vielzahl an Seen und Berglandschaften.<\/li>\n\n\n\n<li><a href=\"https:\/\/www.belvilla.de\/ferienhaus-tirol-oesterreich\/\" target=\"_blank\" rel=\"noopener noreferrer\"><strong>Tirol<\/strong><\/a>: Im Winter ein Mekka f\u00fcr Skifahrer und im Sommer ein Traumziel f\u00fcr Wanderer.<\/li>\n\n\n\n<li><a href=\"https:\/\/www.belvilla.de\/ferienwohnung-vorarlberg-oesterreich\/\" target=\"_blank\" rel=\"noopener noreferrer\"><strong>Vorarlberg<\/strong><\/a>: An der Schnittstelle dreier L\u00e4nder gelegen, bietet es eine einzigartige Kultur- und Naturlandschaft.<\/li>\n\n\n\n<li><a href=\"https:\/\/www.belvilla.de\/ferienwohnung-salzburgerland-oesterreich\/\" target=\"_blank\" rel=\"noopener noreferrer\"><strong>Salzburg<\/strong><\/a>: Die Mozartstadt fasziniert durch ihre weltber\u00fchmten Festspiele und die historische Altstadt.<\/li>\n\n\n\n<li><a href=\"https:\/\/www.belvilla.de\/ferienhaus-burgenland-oesterreich\/\" target=\"_blank\" rel=\"noopener noreferrer\"><strong>Burgenland<\/strong><\/a>: Ein Ziel f\u00fcr Weinliebhaber und Wassersportler, dank des Neusiedler Sees.<\/li>\n<\/ul>\n\n\n\n<h2 class=\"wp-block-heading\">Ferienh\u00e4user in \u00d6sterreich: Komfort trifft auf Tradition<\/h2>\n\n\n\n<p>\u00d6sterreich bietet eine breite Palette an Ferienh\u00e4usern &#8211; von traditionellen <a href=\"https:\/\/www.belvilla.de\/chalet-oesterreich\/\" target=\"_blank\" rel=\"noopener noreferrer\">Almh\u00fctten in den Bergen<\/a> bis zu modernen Apartments in den St\u00e4dten. F\u00fcr diejenigen, die den Charme der \u00f6sterreichischen Kultur erleben m\u00f6chten, sind Ferienh\u00e4user im Landhausstil in l\u00e4ndlichen Gebieten eine ausgezeichnete Wahl. Diese Unterk\u00fcnfte bieten oft Annehmlichkeiten wie Kamine, Saunen und direkten Zugang zu Wanderwegen oder <a href=\"https:\/\/www.belvilla.de\/skihuette-oesterreich\/\" target=\"_blank\" rel=\"noopener noreferrer\">Skigebieten<\/a>. Wer es urbaner mag, findet in St\u00e4dten wie Wien, Salzburg oder Graz stilvolle Apartments, die oft in der N\u00e4he von Sehensw\u00fcrdigkeiten, Restaurants und Einkaufsm\u00f6glichkeiten liegen. Egal, ob ihr nach einer gem\u00fctlichen Ferienwohnung oder einem luxuri\u00f6sen Ferienhaus sucht, in \u00d6sterreich findet ihr die perfekte Unterkunft f\u00fcr euren Urlaub.<\/p>\n\n\n\n<h2 class=\"wp-block-heading\">Aktivit\u00e4ten &amp; Sehensw\u00fcrdigkeiten: Von Kultur bis Natur<\/h2>\n\n\n\n<p>\u00d6sterreich ist ein Land der Vielfalt, wenn es um Aktivit\u00e4ten und Sehensw\u00fcrdigkeiten geht. <a href=\"https:\/\/www.belvilla.de\/blog\/8-strand-ferienziele-fuer-kulturliebhaber\/\">Kulturliebhaber<\/a> kommen in St\u00e4dten wie Wien, mit seinen zahlreichen Museen, Theatern und historischen Geb\u00e4uden, voll auf ihre Kosten. Die nat\u00fcrliche Sch\u00f6nheit des Landes bietet ebenso eine F\u00fclle von M\u00f6glichkeiten: Wandern in der Steiermark, <a href=\"https:\/\/www.belvilla.de\/blog\/skipasse\/\">Skifahren<\/a> in Tirol oder Segeln in K\u00e4rnten sind nur einige der Outdoor-Aktivit\u00e4ten, die ihr genie\u00dfen k\u00f6nnt. Dar\u00fcber hinaus sind die \u00f6sterreichischen Bundesl\u00e4nder reich an historischen Sehensw\u00fcrdigkeiten, von mittelalterlichen Burgen in Salzburg bis zu moderner Architektur in Vorarlberg. Ob ihr nun Adrenalinjunkies, Kulturbegeisterte oder Naturliebhaber seid, \u00d6sterreich hat f\u00fcr jeden etwas zu bieten.<\/p>\n\n\n\n<h2 class=\"wp-block-heading\">Kulinarische Entdeckungen: \u00d6sterreichs Gaumenfreuden<\/h2>\n\n\n\n<p>\u00d6sterreich ist nicht nur f\u00fcr seine atemberaubenden Landschaften und kulturellen Sch\u00e4tze bekannt, sondern auch f\u00fcr seine vielf\u00e4ltige K\u00fcche. Von herzhaften Gerichten wie Wiener Schnitzel und Gulasch bis hin zu s\u00fc\u00dfen Leckereien wie Apfelstrudel und Sachertorte \u2013 die \u00f6sterreichische K\u00fcche hat f\u00fcr jeden Geschmack etwas zu bieten. Regionale Spezialit\u00e4ten variieren von Bundesland zu Bundesland, sodass ihr bei einer Reise durch \u00d6sterreich eine breite Palette an kulinarischen Erlebnissen genie\u00dfen k\u00f6nnt. Vergesst nicht, die lokalen Weine und Biere zu probieren, die perfekt zu den \u00f6sterreichischen Gerichten passen.<\/p>\n\n\n\n<h2 class=\"wp-block-heading\">Kultur &amp; Tradition: Einblicke in \u00d6sterreichs reiches Erbe<\/h2>\n\n\n\n<p>\u00d6sterreich ist ein Land mit einer reichen kulturellen Geschichte, die von der Musik Mozarts bis zu den Gem\u00e4lden Gustav Klimts reicht. Jedes Bundesland hat seine eigenen Traditionen und Feste, die ihr w\u00e4hrend eures Aufenthalts erleben k\u00f6nnt. Besucht die zahlreichen Museen, Schl\u00f6sser und historischen St\u00e4tten, um mehr \u00fcber die \u00f6sterreichische Kultur zu erfahren. Opern, Konzerte und Theaterauff\u00fchrungen sind ebenfalls ein integraler Bestandteil des kulturellen Lebens in \u00d6sterreich.<\/p>\n\n\n\n<h2 class=\"wp-block-heading\">Reisetipps: Beste Reisezeit, Anreise &amp; mehr<\/h2>\n\n\n\n<p>Die beste Reisezeit f\u00fcr \u00d6sterreich h\u00e4ngt von euren Vorlieben ab. F\u00fcr Wintersportler sind die Monate Dezember bis M\u00e4rz ideal, w\u00e4hrend die Sommermonate von Juni bis September sich hervorragend f\u00fcr Wanderungen und Outdoor-Aktivit\u00e4ten eignen. Die Anreise nach \u00d6sterreich ist dank der gut ausgebauten Verkehrsnetze und internationalen Flugh\u00e4fen wie Wien, Salzburg und Innsbruck unkompliziert. Viele Unterk\u00fcnfte sind zudem gut an den \u00f6ffentlichen Verkehr angebunden, was die Anreise noch einfacher macht.<\/p>\n\n\n\n<h2 class=\"wp-block-heading\">FAQs: Alles, was ihr wissen m\u00fcsst<\/h2>\n\n\n\n<ol class=\"wp-block-list\">\n<li><strong>Wie sind die \u00d6ffnungszeiten der Gesch\u00e4fte?<\/strong>\n\n<\/li>\n\n\n\n<li><strong>Ist \u00d6sterreich f\u00fcr einen <a href=\"https:\/\/www.belvilla.de\/blog\/urlaubsregionen-mit-hund\/\">Urlaub mit Hund<\/a> geeignet?<\/strong>\n\n<\/li>\n\n\n\n<li><strong>Welches Bundesland in \u00d6sterreich ist am sch\u00f6nsten?<\/strong>\n\n<\/li>\n\n\n\n<li><strong>Wo kann man in \u00d6sterreich mit Kindern Urlaub machen?<\/strong>\n\n<\/li>\n\n\n\n<li><strong>Wie steht es um Wellnessurlaub in \u00d6sterreich?<\/strong>\n\n<\/li>\n<\/ol>\n\n\n\n<h2 class=\"wp-block-heading\">Warum Urlaub in \u00d6sterreich?<\/h2>\n\n\n\n<p>\u00d6sterreich bietet eine beeindruckende Vielfalt an Erlebnissen, die es zum perfekten Urlaubsziel f\u00fcr alle machen. Von den schneebedeckten Alpen bis zu den lebhaften St\u00e4dten, von der reichen Kultur bis zur k\u00f6stlichen K\u00fcche \u2013 es gibt f\u00fcr jeden etwas. Ob ihr nun einen Aktivurlaub plant oder einfach nur entspannen wollt, \u00d6sterreich und <a href=\"https:\/\/www.belvilla.de\/blog\/10-gruende-belvilla-zu-waehlen\/\">Belvilla<\/a> bieten die perfekte Kombination f\u00fcr einen unvergesslichen Aufenthalt.<\/p>\n","protected":false},"excerpt":{"rendered":"<p>Entdeckt \u00d6sterreich in all seiner Vielfalt: Unser umfassender Guide bietet euch wertvolle Einblicke in die verschiedenen Bundesl\u00e4nder, von Vorarlberg bis Burgenland. Erfahrt mehr \u00fcber die besten Ferienh\u00e4user und Urlaubstipps, um euren Aufenthalt unvergesslich zu machen. Mit Belvilla wird die Urlaubsplanung zum Kinderspiel.<\/p>\n","protected":false},"author":10,"featured_media":3421,"comment_status":"open","ping_status":"open","sticky":false,"template":"","format":"standard","meta":{"footnotes":""},"categories":[1],"tags":[234,258,259],"location":[],"class_list":["post-3420","post","type-post","status-publish","format-standard","has-post-thumbnail","hentry","category-uncategorized","tag-oesterreich","tag-reisefuehrer","tag-urlaub-oesterreich"],"acf":[],"yoast_head":"<!-- This site is optimized with the Yoast SEO plugin v27.5 - https:\/\/yoast.com\/product\/yoast-seo-wordpress\/ -->\n<title>Reisef\u00fchrer f\u00fcr euren Urlaub in \u00d6sterreich | Belvilla<\/title>\n<meta name=\"description\" content=\"Von Vorarlberg bis Burgenland: Unser Guide zu \u00d6sterreichs Bundesl\u00e4ndern hilft euch, den perfekten Urlaub zu planen. Belvilla macht&#039;s einfach!\" \/>\n<meta name=\"robots\" content=\"index, follow, max-snippet:-1, max-image-preview:large, max-video-preview:-1\" \/>\n<link rel=\"canonical\" href=\"https:\/\/www.belvilla.de\/blog\/reisefuehrer-oesterreich\/\" \/>\n<meta property=\"og:locale\" content=\"de_DE\" \/>\n<meta property=\"og:type\" content=\"article\" \/>\n<meta property=\"og:title\" content=\"Reisef\u00fchrer f\u00fcr euren Urlaub in \u00d6sterreich | Belvilla\" \/>\n<meta property=\"og:description\" content=\"Von Vorarlberg bis Burgenland: Unser Guide zu \u00d6sterreichs Bundesl\u00e4ndern hilft euch, den perfekten Urlaub zu planen. Belvilla macht&#039;s einfach!\" \/>\n<meta property=\"og:url\" content=\"https:\/\/www.belvilla.de\/blog\/reisefuehrer-oesterreich\/\" \/>\n<meta property=\"og:site_name\" content=\"Belvilla Blog DE\" \/>\n<meta property=\"article:published_time\" content=\"2023-09-29T13:38:30+00:00\" \/>\n<meta property=\"article:modified_time\" content=\"2023-09-29T13:38:31+00:00\" \/>\n<meta property=\"og:image\" content=\"https:\/\/www.belvilla.de\/blog\/wp-content\/uploads\/sites\/4\/2023\/09\/Shutterstock_1156349101.jpg\" \/>\n\t<meta property=\"og:image:width\" content=\"1096\" \/>\n\t<meta property=\"og:image:height\" content=\"683\" \/>\n\t<meta property=\"og:image:type\" content=\"image\/jpeg\" \/>\n<meta name=\"twitter:card\" content=\"summary_large_image\" \/>\n<meta name=\"twitter:label1\" content=\"Verfasst von\" \/>\n\t<meta name=\"twitter:data1\" content=\"\" \/>\n\t<meta name=\"twitter:label2\" content=\"Gesch\u00e4tzte Lesezeit\" \/>\n\t<meta name=\"twitter:data2\" content=\"5\u00a0Minuten\" \/>\n<script type=\"application\/ld+json\" class=\"yoast-schema-graph\">{\"@context\":\"https:\\\/\\\/schema.org\",\"@graph\":[{\"@type\":\"Article\",\"@id\":\"https:\\\/\\\/www.belvilla.de\\\/blog\\\/reisefuehrer-oesterreich\\\/#article\",\"isPartOf\":{\"@id\":\"https:\\\/\\\/www.belvilla.de\\\/blog\\\/reisefuehrer-oesterreich\\\/\"},\"author\":{\"name\":\"\",\"@id\":\"\"},\"headline\":\"Reisef\u00fchrer \u00d6sterreich: Alles, was ihr f\u00fcr euren Urlaub wissen m\u00fcsst\",\"datePublished\":\"2023-09-29T13:38:30+00:00\",\"dateModified\":\"2023-09-29T13:38:31+00:00\",\"mainEntityOfPage\":{\"@id\":\"https:\\\/\\\/www.belvilla.de\\\/blog\\\/reisefuehrer-oesterreich\\\/\"},\"wordCount\":832,\"commentCount\":0,\"image\":{\"@id\":\"https:\\\/\\\/www.belvilla.de\\\/blog\\\/reisefuehrer-oesterreich\\\/#primaryimage\"},\"thumbnailUrl\":\"https:\\\/\\\/www.belvilla.de\\\/blog\\\/wp-content\\\/uploads\\\/sites\\\/4\\\/2023\\\/09\\\/Shutterstock_1156349101.jpg\",\"keywords\":[\"\u00f6sterreich\",\"Reisef\u00fchrer\",\"urlaub \u00f6sterreich\"],\"articleSection\":[\"Uncategorized\"],\"inLanguage\":\"de\",\"potentialAction\":[{\"@type\":\"CommentAction\",\"name\":\"Comment\",\"target\":[\"https:\\\/\\\/www.belvilla.de\\\/blog\\\/reisefuehrer-oesterreich\\\/#respond\"]}]},{\"@type\":\"WebPage\",\"@id\":\"https:\\\/\\\/www.belvilla.de\\\/blog\\\/reisefuehrer-oesterreich\\\/\",\"url\":\"https:\\\/\\\/www.belvilla.de\\\/blog\\\/reisefuehrer-oesterreich\\\/\",\"name\":\"Reisef\u00fchrer f\u00fcr euren Urlaub in \u00d6sterreich | Belvilla\",\"isPartOf\":{\"@id\":\"https:\\\/\\\/www.belvilla.de\\\/blog\\\/#website\"},\"primaryImageOfPage\":{\"@id\":\"https:\\\/\\\/www.belvilla.de\\\/blog\\\/reisefuehrer-oesterreich\\\/#primaryimage\"},\"image\":{\"@id\":\"https:\\\/\\\/www.belvilla.de\\\/blog\\\/reisefuehrer-oesterreich\\\/#primaryimage\"},\"thumbnailUrl\":\"https:\\\/\\\/www.belvilla.de\\\/blog\\\/wp-content\\\/uploads\\\/sites\\\/4\\\/2023\\\/09\\\/Shutterstock_1156349101.jpg\",\"datePublished\":\"2023-09-29T13:38:30+00:00\",\"dateModified\":\"2023-09-29T13:38:31+00:00\",\"author\":{\"@id\":\"\"},\"description\":\"Von Vorarlberg bis Burgenland: Unser Guide zu \u00d6sterreichs Bundesl\u00e4ndern hilft euch, den perfekten Urlaub zu planen. Belvilla macht's einfach!\",\"breadcrumb\":{\"@id\":\"https:\\\/\\\/www.belvilla.de\\\/blog\\\/reisefuehrer-oesterreich\\\/#breadcrumb\"},\"inLanguage\":\"de\",\"potentialAction\":[{\"@type\":\"ReadAction\",\"target\":[\"https:\\\/\\\/www.belvilla.de\\\/blog\\\/reisefuehrer-oesterreich\\\/\"]}]},{\"@type\":\"ImageObject\",\"inLanguage\":\"de\",\"@id\":\"https:\\\/\\\/www.belvilla.de\\\/blog\\\/reisefuehrer-oesterreich\\\/#primaryimage\",\"url\":\"https:\\\/\\\/www.belvilla.de\\\/blog\\\/wp-content\\\/uploads\\\/sites\\\/4\\\/2023\\\/09\\\/Shutterstock_1156349101.jpg\",\"contentUrl\":\"https:\\\/\\\/www.belvilla.de\\\/blog\\\/wp-content\\\/uploads\\\/sites\\\/4\\\/2023\\\/09\\\/Shutterstock_1156349101.jpg\",\"width\":1096,\"height\":683,\"caption\":\"Abenteuer und Reisen in der Berglandschaft \u00d6sterreichs\"},{\"@type\":\"BreadcrumbList\",\"@id\":\"https:\\\/\\\/www.belvilla.de\\\/blog\\\/reisefuehrer-oesterreich\\\/#breadcrumb\",\"itemListElement\":[{\"@type\":\"ListItem\",\"position\":1,\"name\":\"Home\",\"item\":\"https:\\\/\\\/www.belvilla.de\\\/blog\\\/\"},{\"@type\":\"ListItem\",\"position\":2,\"name\":\"Reisef\u00fchrer \u00d6sterreich: Alles, was ihr f\u00fcr euren Urlaub wissen m\u00fcsst\"}]},{\"@type\":\"WebSite\",\"@id\":\"https:\\\/\\\/www.belvilla.de\\\/blog\\\/#website\",\"url\":\"https:\\\/\\\/www.belvilla.de\\\/blog\\\/\",\"name\":\"Belvilla Blog DE\",\"description\":\"\",\"potentialAction\":[{\"@type\":\"SearchAction\",\"target\":{\"@type\":\"EntryPoint\",\"urlTemplate\":\"https:\\\/\\\/www.belvilla.de\\\/blog\\\/?s={search_term_string}\"},\"query-input\":{\"@type\":\"PropertyValueSpecification\",\"valueRequired\":true,\"valueName\":\"search_term_string\"}}],\"inLanguage\":\"de\"},{\"@type\":\"Person\",\"@id\":\"\"}]}<\/script>\n<!-- \/ Yoast SEO plugin. -->","yoast_head_json":{"title":"Reisef\u00fchrer f\u00fcr euren Urlaub in \u00d6sterreich | Belvilla","description":"Von Vorarlberg bis Burgenland: Unser Guide zu \u00d6sterreichs Bundesl\u00e4ndern hilft euch, den perfekten Urlaub zu planen. Belvilla macht's einfach!","robots":{"index":"index","follow":"follow","max-snippet":"max-snippet:-1","max-image-preview":"max-image-preview:large","max-video-preview":"max-video-preview:-1"},"canonical":"https:\/\/www.belvilla.de\/blog\/reisefuehrer-oesterreich\/","og_locale":"de_DE","og_type":"article","og_title":"Reisef\u00fchrer f\u00fcr euren Urlaub in \u00d6sterreich | Belvilla","og_description":"Von Vorarlberg bis Burgenland: Unser Guide zu \u00d6sterreichs Bundesl\u00e4ndern hilft euch, den perfekten Urlaub zu planen. Belvilla macht's einfach!","og_url":"https:\/\/www.belvilla.de\/blog\/reisefuehrer-oesterreich\/","og_site_name":"Belvilla Blog DE","article_published_time":"2023-09-29T13:38:30+00:00","article_modified_time":"2023-09-29T13:38:31+00:00","og_image":[{"width":1096,"height":683,"url":"https:\/\/www.belvilla.de\/blog\/wp-content\/uploads\/sites\/4\/2023\/09\/Shutterstock_1156349101.jpg","type":"image\/jpeg"}],"twitter_card":"summary_large_image","twitter_misc":{"Verfasst von":"","Gesch\u00e4tzte Lesezeit":"5\u00a0Minuten"},"schema":{"@context":"https:\/\/schema.org","@graph":[{"@type":"Article","@id":"https:\/\/www.belvilla.de\/blog\/reisefuehrer-oesterreich\/#article","isPartOf":{"@id":"https:\/\/www.belvilla.de\/blog\/reisefuehrer-oesterreich\/"},"author":{"name":"","@id":""},"headline":"Reisef\u00fchrer \u00d6sterreich: Alles, was ihr f\u00fcr euren Urlaub wissen m\u00fcsst","datePublished":"2023-09-29T13:38:30+00:00","dateModified":"2023-09-29T13:38:31+00:00","mainEntityOfPage":{"@id":"https:\/\/www.belvilla.de\/blog\/reisefuehrer-oesterreich\/"},"wordCount":832,"commentCount":0,"image":{"@id":"https:\/\/www.belvilla.de\/blog\/reisefuehrer-oesterreich\/#primaryimage"},"thumbnailUrl":"https:\/\/www.belvilla.de\/blog\/wp-content\/uploads\/sites\/4\/2023\/09\/Shutterstock_1156349101.jpg","keywords":["\u00f6sterreich","Reisef\u00fchrer","urlaub \u00f6sterreich"],"articleSection":["Uncategorized"],"inLanguage":"de","potentialAction":[{"@type":"CommentAction","name":"Comment","target":["https:\/\/www.belvilla.de\/blog\/reisefuehrer-oesterreich\/#respond"]}]},{"@type":"WebPage","@id":"https:\/\/www.belvilla.de\/blog\/reisefuehrer-oesterreich\/","url":"https:\/\/www.belvilla.de\/blog\/reisefuehrer-oesterreich\/","name":"Reisef\u00fchrer f\u00fcr euren Urlaub in \u00d6sterreich | Belvilla","isPartOf":{"@id":"https:\/\/www.belvilla.de\/blog\/#website"},"primaryImageOfPage":{"@id":"https:\/\/www.belvilla.de\/blog\/reisefuehrer-oesterreich\/#primaryimage"},"image":{"@id":"https:\/\/www.belvilla.de\/blog\/reisefuehrer-oesterreich\/#primaryimage"},"thumbnailUrl":"https:\/\/www.belvilla.de\/blog\/wp-content\/uploads\/sites\/4\/2023\/09\/Shutterstock_1156349101.jpg","datePublished":"2023-09-29T13:38:30+00:00","dateModified":"2023-09-29T13:38:31+00:00","author":{"@id":""},"description":"Von Vorarlberg bis Burgenland: Unser Guide zu \u00d6sterreichs Bundesl\u00e4ndern hilft euch, den perfekten Urlaub zu planen. Belvilla macht's einfach!","breadcrumb":{"@id":"https:\/\/www.belvilla.de\/blog\/reisefuehrer-oesterreich\/#breadcrumb"},"inLanguage":"de","potentialAction":[{"@type":"ReadAction","target":["https:\/\/www.belvilla.de\/blog\/reisefuehrer-oesterreich\/"]}]},{"@type":"ImageObject","inLanguage":"de","@id":"https:\/\/www.belvilla.de\/blog\/reisefuehrer-oesterreich\/#primaryimage","url":"https:\/\/www.belvilla.de\/blog\/wp-content\/uploads\/sites\/4\/2023\/09\/Shutterstock_1156349101.jpg","contentUrl":"https:\/\/www.belvilla.de\/blog\/wp-content\/uploads\/sites\/4\/2023\/09\/Shutterstock_1156349101.jpg","width":1096,"height":683,"caption":"Abenteuer und Reisen in der Berglandschaft \u00d6sterreichs"},{"@type":"BreadcrumbList","@id":"https:\/\/www.belvilla.de\/blog\/reisefuehrer-oesterreich\/#breadcrumb","itemListElement":[{"@type":"ListItem","position":1,"name":"Home","item":"https:\/\/www.belvilla.de\/blog\/"},{"@type":"ListItem","position":2,"name":"Reisef\u00fchrer \u00d6sterreich: Alles, was ihr f\u00fcr euren Urlaub wissen m\u00fcsst"}]},{"@type":"WebSite","@id":"https:\/\/www.belvilla.de\/blog\/#website","url":"https:\/\/www.belvilla.de\/blog\/","name":"Belvilla Blog DE","description":"","potentialAction":[{"@type":"SearchAction","target":{"@type":"EntryPoint","urlTemplate":"https:\/\/www.belvilla.de\/blog\/?s={search_term_string}"},"query-input":{"@type":"PropertyValueSpecification","valueRequired":true,"valueName":"search_term_string"}}],"inLanguage":"de"},{"@type":"Person","@id":""}]}},"_links":{"self":[{"href":"https:\/\/www.belvilla.de\/blog\/wp-json\/wp\/v2\/posts\/3420","targetHints":{"allow":["GET"]}}],"collection":[{"href":"https:\/\/www.belvilla.de\/blog\/wp-json\/wp\/v2\/posts"}],"about":[{"href":"https:\/\/www.belvilla.de\/blog\/wp-json\/wp\/v2\/types\/post"}],"author":[{"embeddable":true,"href":"https:\/\/www.belvilla.de\/blog\/wp-json\/wp\/v2\/users\/10"}],"replies":[{"embeddable":true,"href":"https:\/\/www.belvilla.de\/blog\/wp-json\/wp\/v2\/comments?post=3420"}],"version-history":[{"count":2,"href":"https:\/\/www.belvilla.de\/blog\/wp-json\/wp\/v2\/posts\/3420\/revisions"}],"predecessor-version":[{"id":3426,"href":"https:\/\/www.belvilla.de\/blog\/wp-json\/wp\/v2\/posts\/3420\/revisions\/3426"}],"wp:featuredmedia":[{"embeddable":true,"href":"https:\/\/www.belvilla.de\/blog\/wp-json\/wp\/v2\/media\/3421"}],"wp:attachment":[{"href":"https:\/\/www.belvilla.de\/blog\/wp-json\/wp\/v2\/media?parent=3420"}],"wp:term":[{"taxonomy":"category","embeddable":true,"href":"https:\/\/www.belvilla.de\/blog\/wp-json\/wp\/v2\/categories?post=3420"},{"taxonomy":"post_tag","embeddable":true,"href":"https:\/\/www.belvilla.de\/blog\/wp-json\/wp\/v2\/tags?post=3420"},{"taxonomy":"location","embeddable":true,"href":"https:\/\/www.belvilla.de\/blog\/wp-json\/wp\/v2\/location?post=3420"}],"curies":[{"name":"wp","href":"https:\/\/api.w.org\/{rel}","templated":true}]}}