{"id":3378,"date":"2023-09-25T14:15:12","date_gmt":"2023-09-25T14:15:12","guid":{"rendered":"https:\/\/www.belvilla.de\/blog\/?p=3378"},"modified":"2023-09-25T14:15:13","modified_gmt":"2023-09-25T14:15:13","slug":"oesterreich-urlaub","status":"publish","type":"post","link":"https:\/\/www.belvilla.de\/blog\/oesterreich-urlaub\/","title":{"rendered":"Beste Reisezeit f\u00fcr einen Urlaub im Ferienhaus in \u00d6sterreich"},"content":{"rendered":"\n<p>\u00d6sterreich ist ein Land der Vielfalt, das zu jeder Jahreszeit seinen ganz eigenen Charme entfaltet. Ob ihr die schneebedeckten Gipfel im Winter, die bl\u00fchenden Almwiesen im Fr\u00fchling, die klaren Seen im Sommer oder die farbenfrohen W\u00e4lder im Herbst erleben wollt \u2013 in einem <a href=\"https:\/\/www.belvilla.de\/ferienwohnung-oesterreich\/\" target=\"_blank\" rel=\"noopener noreferrer\">Ferienhaus in \u00d6sterreich<\/a> seid ihr immer richtig. In diesem Beitrag nehmen wir euch mit auf eine Reise durch die vier Jahreszeiten und zeigen euch, welche Regionen in welcher Saison besonders reizvoll sind. Also packt eure Koffer und lasst euch inspirieren! Lest weiter, um die besten saisonalen Tipps f\u00fcr euren \u00d6sterreich-Urlaub zu entdecken.<\/p>\n\n\n\n<p><a href=\"https:\/\/www.belvilla.de\/suchen\/?orgkw=\u00d6sterreich&amp;apers=2&amp;page=1&amp;land=at\" target=\"_blank\" rel=\"noopener noreferrer\">Unterkunft in \u00d6sterreich finden<\/a><\/p>\n\n\n\n<h2 class=\"wp-block-heading\">Fr\u00fchling im Salzburger Land: Ein Paradies f\u00fcr Naturliebhaber<\/h2>\n\n\n\n<figure class=\"wp-block-image size-large\"><img loading=\"lazy\" decoding=\"async\" width=\"1096\" height=\"863\" src=\"https:\/\/www.belvilla.de\/blog\/wp-content\/uploads\/sites\/4\/2023\/09\/Shutterstock_440494045-1096x863.jpg\" alt=\"Panoramasicht auf Zell am See, Zeller See und bl\u00fchende Wiesen im Fr\u00fchling, Salzburg, \u00d6sterreich\" class=\"wp-image-3382\"\/><\/figure>\n\n\n\n<h3 class=\"wp-block-heading\">Beste Outdoor-Aktivit\u00e4ten im Fr\u00fchling in \u00d6sterreich<\/h3>\n\n\n\n<p>Der Fr\u00fchling ist die Zeit der Erneuerung, und im <a href=\"https:\/\/www.belvilla.de\/ferienwohnung-salzburgerland-oesterreich\" target=\"_blank\" rel=\"noopener noreferrer\">Salzburger Land<\/a> k\u00f6nnt ihr diese Transformation hautnah erleben. Sobald die Schneedecke schmilzt, erwacht die Natur zu neuem Leben. Die Almwiesen bl\u00fchen auf, und die ersten Fr\u00fchlingsboten wie Krokusse und Narzissen zeigen ihre Farben. F\u00fcr Outdoor-Enthusiasten ist der Fr\u00fchling die perfekte Jahreszeit, um die zahlreichen Wanderwege und Radstrecken der Region zu erkunden. Besonders empfehlenswert sind die Wanderwege im Nationalpark Hohe Tauern oder eine Radtour entlang des Salzach-Radwegs, die euch durch atemberaubende Landschaften f\u00fchren. Ein <a href=\"https:\/\/www.belvilla.de\/blog\/schoenste-orte-oesterreich\/\">\u00d6sterreich Ferienhaus<\/a> bietet die ideale Ausgangsbasis f\u00fcr all diese Aktivit\u00e4ten.<\/p>\n\n\n\n<h3 class=\"wp-block-heading\">Kulturelle Events im Fr\u00fchling in \u00d6sterreich<\/h3>\n\n\n\n<p>Die milden Temperaturen und die frische Bergluft machen jede Tour zu einem unvergesslichen Erlebnis. Und f\u00fcr <a href=\"https:\/\/www.belvilla.de\/blog\/8-strand-ferienziele-fuer-kulturliebhaber\/\">Kulturliebhaber<\/a> gibt es zahlreiche Veranstaltungen im Salzburger Land. Von den traditionellen Fr\u00fchlingsfesten wie dem Salzburger Dult bis hin zu Musikfestivals wie dem &#8222;Electric Mountain Festival&#8220; in S\u00f6lden, die den Winter endg\u00fcltig vertreiben. Es ist die ideale Zeit, um die Kultur und die Gastfreundschaft der Region kennenzulernen. Wenn ihr mehr \u00fcber die kulturellen Highlights in Salzburg erfahren m\u00f6chtet, schaut euch unseren Blogbeitrag \u00fcber ein <a href=\"https:\/\/www.belvilla.de\/blog\/wochenende-in-salzburg\/\" target=\"_blank\" rel=\"noopener noreferrer\">Wochenende in Salzburg<\/a> an.<\/p>\n\n\n\n<h3 class=\"wp-block-heading\">Die sch\u00f6nsten Seen und Caf\u00e9s im Fr\u00fchling in \u00d6sterreich<\/h3>\n\n\n\n<p>Aber der Fr\u00fchling im Salzburger Land hat noch mehr zu bieten. Die Seen der Region, wie der <a href=\"https:\/\/www.belvilla.de\/ferienhaus-oesterreich\/ferienhaeuser-zell-am-see\" target=\"_blank\" rel=\"noopener noreferrer\">Zeller See<\/a>, wo ihr Wasserski fahren k\u00f6nnt, oder der Wolfgangsee, der sich hervorragend f\u00fcr eine Segeltour eignet, laden zu ersten Bootsfahrten und sogar zu einem erfrischenden Sprung ins Wasser ein. Es ist die Zeit, in der die Caf\u00e9s ihre Terrassen \u00f6ffnen \u2013 wie das Caf\u00e9 Tomaselli in Salzburg, das f\u00fcr seinen Apfelstrudel bekannt ist \u2013 und die St\u00e4dte wie <a href=\"https:\/\/www.belvilla.de\/ferienhaus-oesterreich\/ferienhaeuser-salzburg\" target=\"_blank\" rel=\"noopener noreferrer\">Salzburg<\/a> selbst in ein Meer aus Blumen verwandelt werden, besonders im Mirabellgarten, der mit seinen Tulpenbeeten beeindruckt.<\/p>\n\n\n\n<p><a href=\"https:\/\/www.belvilla.de\/suchen\/?orgkw=Salzburger+Land%2C+\u00d6sterreich&amp;apers=2&amp;page=1&amp;rgo=sal&amp;land=at\" target=\"_blank\" rel=\"noopener noreferrer\">Unsere Ferienh\u00e4user im Salzburger Land<\/a><\/p>\n\n\n\n<h2 class=\"wp-block-heading\">Sommer in Tirol: Ein Eldorado f\u00fcr Abenteurer und Erholungssuchende<\/h2>\n\n\n\n<figure class=\"wp-block-image size-large\"><img loading=\"lazy\" decoding=\"async\" width=\"1096\" height=\"863\" src=\"https:\/\/www.belvilla.de\/blog\/wp-content\/uploads\/sites\/4\/2023\/09\/Shutterstock_500761555-1096x863.jpg\" alt=\"Bergsteiger mit Blick auf den Achensee im Sommer, \u00d6sterreich Tirol\" class=\"wp-image-3383\"\/><\/figure>\n\n\n\n<h3 class=\"wp-block-heading\">Top Sommeraktivit\u00e4ten f\u00fcr Abenteuer und Entspannung in \u00d6sterreich<\/h3>\n\n\n\n<p>Der Sommer in <a href=\"https:\/\/www.belvilla.de\/ferienwohnung-tirol\/\" target=\"_blank\" rel=\"noopener noreferrer\">Tirol<\/a> ist die beste Jahreszeit f\u00fcr alle, die das Abenteuer suchen oder einfach nur entspannen m\u00f6chten. Die Region bietet eine Vielzahl an Outdoor-Aktivit\u00e4ten in \u00d6sterreich. Beispielsweise k\u00f6nnt ihr im <a href=\"https:\/\/www.belvilla.de\/ferienhaus-oesterreich\/ferienhaeuser-ramsau-im-zillertal\/\" target=\"_blank\" rel=\"noopener noreferrer\">Zillertal<\/a> eine aufregende Rafting-Tour unternehmen oder im <a href=\"https:\/\/www.belvilla.de\/ferienhaus-oesterreich\/ferienhaeuser-kitzbuehel\" target=\"_blank\" rel=\"noopener noreferrer\">Kitzb\u00fcheler<\/a> Alpengebiet auf gut ausgeschilderten Wegen Mountainbiken. Von Wandern in den Lechtaler Alpen bis hin zu Paragliding \u00fcber dem Achensee, die M\u00f6glichkeiten sind nahezu grenzenlos.<\/p>\n\n\n\n<h3 class=\"wp-block-heading\">Beste kulinarische Entdeckungen im Sommer in \u00d6sterreich<\/h3>\n\n\n\n<p>Die Tiroler K\u00fcche ist besonders im Sommer ein Genuss. Von frischen Almprodukten bis hin zu traditionellen Tiroler Gerichten wie Kaiserschmarrn und Kn\u00f6del, hier kommt jeder auf seine Kosten. Die Sommermonate sind auch die beste Zeit, um die regionalen Weine und Biere zu probieren. Viele <a href=\"https:\/\/www.belvilla.de\/ferienhaus-tirol-oesterreich\" target=\"_blank\" rel=\"noopener noreferrer\">Ferienh\u00e4user in Tirol<\/a> bieten Grillm\u00f6glichkeiten, sodass ihr die lokalen Spezialit\u00e4ten auch selbst zubereiten k\u00f6nnt.<\/p>\n\n\n\n<h3 class=\"wp-block-heading\">Must-See Festivals und Events im Sommer in \u00d6sterreich<\/h3>\n\n\n\n<p>Der Sommer ist auch die Zeit der Festivals und kulturellen Events in \u00d6sterreich. Von Musikfestivals wie dem &#8222;Tiroler Sommerfestival&#8220; bis hin zu traditionellen Tiroler Festen wie dem &#8222;Almabtrieb&#8220;, es gibt immer etwas zu erleben und zu entdecken. Diese Veranstaltungen bieten eine gro\u00dfartige Gelegenheit, die lokale Kultur hautnah zu erleben und sind oft nur eine kurze Fahrt von eurem \u00d6sterreich Ferienhaus entfernt.<\/p>\n\n\n\n<p><a href=\"https:\/\/www.belvilla.de\/suchen\/?orgkw=Tirol%2C+\u00d6sterreich&amp;apers=2&amp;page=1&amp;rgo=tir&amp;land=at\" target=\"_blank\" rel=\"noopener noreferrer\">Unsere Auswahl an Ferienh\u00e4usern in Tirol<\/a><\/p>\n\n\n\n<h2 class=\"wp-block-heading\">Herbst in der Steiermark: Die Jahreszeit der Ernte und des Weins<\/h2>\n\n\n\n<figure class=\"wp-block-image size-large\"><img loading=\"lazy\" decoding=\"async\" width=\"1096\" height=\"863\" src=\"https:\/\/www.belvilla.de\/blog\/wp-content\/uploads\/sites\/4\/2023\/09\/Shutterstock_2147308173-1096x863.jpg\" alt=\"Herbstliche Weinberge in Gamlitz, S\u00fcdsteiermark, \u00d6sterreich\" class=\"wp-image-3384\"\/><\/figure>\n\n\n\n<h3 class=\"wp-block-heading\">Beste herbstliche Aktivit\u00e4ten: Wandern und Wein in \u00d6sterreich<\/h3>\n\n\n\n<p>Der Herbst in der <a href=\"https:\/\/www.belvilla.de\/ferienhaus-steiermark-oesterreich\" target=\"_blank\" rel=\"noopener noreferrer\">Steiermark<\/a> ist eine besondere Zeit, in der die Natur in den sch\u00f6nsten Farben leuchtet. Die Region ist bekannt f\u00fcr ihre Weinberge und Obstg\u00e4rten, die im Herbst zur Ernte bereit sind. Wandern durch die Weinberge von S\u00fcdsteiermark oder eine Radtour entlang der Apfelstra\u00dfe in der Oststeiermark sind nur einige der M\u00f6glichkeiten, die diese Jahreszeit zu bieten hat. F\u00fcr Weinliebhaber gibt es zahlreiche Weing\u00fcter, die zur Weinverkostung einladen.<\/p>\n\n\n\n<h3 class=\"wp-block-heading\">Top kulinarische Gen\u00fcsse im Herbst in \u00d6sterreich<\/h3>\n\n\n\n<p>Der Herbst ist auch die Zeit der kulinarischen Gen\u00fcsse. Von frisch gepresstem Apfelsaft bis hin zu steirischem K\u00fcrbiskern\u00f6l, die lokale K\u00fcche hat viel zu bieten. Viele Restaurants und Gasth\u00e4user bieten spezielle Herbstmen\u00fcs an, die die saisonalen Produkte in den Mittelpunkt stellen. Besonders beliebt sind auch die Kastanienfeste, bei denen ger\u00f6stete Kastanien und neuer <a href=\"https:\/\/www.belvilla.de\/blog\/schoenste-weinregionen\/\">Wein<\/a> serviert werden.<\/p>\n\n\n\n<h3 class=\"wp-block-heading\">Einzigartige kulturelle Events im Herbst in \u00d6sterreich<\/h3>\n\n\n\n<p>Der Herbst bietet auch eine Reihe von kulturellen Highlights. Von traditionellen Erntedankfesten wie dem &#8222;Steirischen Bauernherbst&#8220; bis hin zu Weinverkostungen im S\u00fcdsteirischen Weinland und Bauernm\u00e4rkten wie dem &#8222;<a href=\"https:\/\/www.belvilla.de\/ferienhaus-oesterreich\/ferienhaeuser-graz\/\" target=\"_blank\" rel=\"noopener noreferrer\">Grazer<\/a> Bauernmarkt&#8220;, es gibt viele M\u00f6glichkeiten, die lokale Kultur und Traditionen der Steiermark zu erleben. Besonders sehenswert sind die farbenfrohen Umz\u00fcge und Handwerksm\u00e4rkte, die in verschiedenen St\u00e4dten der Steiermark stattfinden, wie zum Beispiel der &#8222;Leobner Kunsthandwerksmarkt&#8220;.<\/p>\n\n\n\n<p><a href=\"https:\/\/www.belvilla.de\/suchen\/?orgkw=Steiermark%2C+\u00d6sterreich&amp;apers=2&amp;page=1&amp;rgo=stei&amp;land=at\" target=\"_blank\" rel=\"noopener noreferrer\">Unterk\u00fcnfte in der Steiermark<\/a><\/p>\n\n\n\n<h2 class=\"wp-block-heading\">Winter in Vorarlberg: Ein Winterwunderland f\u00fcr Skifahrer und Romantiker<\/h2>\n\n\n\n<figure class=\"wp-block-image size-large\"><img loading=\"lazy\" decoding=\"async\" width=\"1096\" height=\"863\" src=\"https:\/\/www.belvilla.de\/blog\/wp-content\/uploads\/sites\/4\/2023\/09\/Shutterstock_1423122077-1096x863.jpg\" alt=\"Lech in der Arlberg-Region, einer der weltweit beliebtesten Urlaubsziele\" class=\"wp-image-3385\"\/><\/figure>\n\n\n\n<h3 class=\"wp-block-heading\">Winteraktivit\u00e4ten in \u00d6sterreich: Skifahren und mehr<\/h3>\n\n\n\n<p><a href=\"https:\/\/www.belvilla.de\/ferienwohnung-vorarlberg-oesterreich\" target=\"_blank\" rel=\"noopener noreferrer\">Vorarlberg<\/a> ist ein wahres Paradies f\u00fcr Wintersportler. Die Region bietet eine Vielzahl an Skigebieten, von familienfreundlichen Pisten in <a href=\"https:\/\/www.belvilla.de\/skihuette-oesterreich\/skihuetten-montafon\" target=\"_blank\" rel=\"noopener noreferrer\">Montafon<\/a> bis hin zu anspruchsvollen Abfahrten in <a href=\"https:\/\/www.belvilla.de\/ferienhaus-oesterreich\/ferienhaeuser-lech-am-arlberg\" target=\"_blank\" rel=\"noopener noreferrer\">Lech Z\u00fcrs am Arlberg<\/a>. Aber auch abseits der Pisten gibt es viel zu entdecken: Langlaufloipen, Schneeschuhwanderungen und romantische Pferdeschlittenfahrten durch verschneite W\u00e4lder sind nur einige der vielen M\u00f6glichkeiten. Ein <a href=\"https:\/\/www.belvilla.de\/skihuette-oesterreich\/\" target=\"_blank\" rel=\"noopener noreferrer\">Ferienhaus in \u00d6sterreichs Skigebieten<\/a> von <a href=\"https:\/\/www.belvilla.de\/blog\/10-gruende-belvilla-zu-waehlen\/\">Belvilla<\/a> ist der ideale Ausgangspunkt f\u00fcr all diese Winteraktivit\u00e4ten und mehr.<\/p>\n\n\n\n<h3 class=\"wp-block-heading\">Beste kulinarische Highlights im Winter in \u00d6sterreich<\/h3>\n\n\n\n<p>Der Winter ist auch die Zeit f\u00fcr kulinarische Gen\u00fcsse. Von herzhaften Eint\u00f6pfen und Suppen bis hin zu s\u00fc\u00dfen Leckereien wie Apfelstrudel und Kaiserschmarrn, die \u00f6sterreichische Winterk\u00fcche l\u00e4sst keine W\u00fcnsche offen. Viele H\u00fctten und Bergrestaurants bieten zudem traditionelle Gerichte wie Fondue und Raclette an, die perfekt zum Aufw\u00e4rmen nach einem Tag im Schnee sind.<\/p>\n\n\n\n<h3 class=\"wp-block-heading\">Must-See kulturelle Ereignisse im Winter in \u00d6sterreich<\/h3>\n\n\n\n<p>Der Winter in Vorarlberg ist auch reich an kulturellen Ereignissen. Von traditionellen Weihnachtsm\u00e4rkten in Bregenz bis hin zu Neujahrsfeiern mit Feuerwerk am <a href=\"https:\/\/www.belvilla.de\/ferienwohnung-bodensee-oesterreich\" target=\"_blank\" rel=\"noopener noreferrer\">Bodensee<\/a> und dem ber\u00fchmten Montafoner Narrenumzug zu Fasching, es gibt viele M\u00f6glichkeiten, die Kultur und Traditionen der Region zu erleben. Besonders beliebt sind auch die zahlreichen Winterfestivals, die von klassischer Musik bis hin zu modernen Kunstinstallationen alles bieten.<\/p>\n\n\n\n<p><a href=\"https:\/\/www.belvilla.de\/suchen\/?orgkw=Vorarlberg%2C+\u00d6sterreich&amp;apers=2&amp;page=1&amp;rgo=vor&amp;land=at\" target=\"_blank\" rel=\"noopener noreferrer\">Unterkunft in Vorarlberg finden<\/a><\/p>\n","protected":false},"excerpt":{"rendered":"<p>Findet heraus, wann die beste Zeit f\u00fcr euren n\u00e4chsten Urlaub in einem Ferienhaus in \u00d6sterreich ist. Vom Fr\u00fchling im Salzburger Land bis zum Winter in K\u00e4rnten \u2013 wir zeigen euch, wo die sch\u00f6nsten Erlebnisse auf euch warten. Weiterlesen&#8230;<\/p>\n","protected":false},"author":10,"featured_media":3381,"comment_status":"open","ping_status":"open","sticky":false,"template":"","format":"standard","meta":{"footnotes":""},"categories":[11],"tags":[143,242,243,244,16,245],"location":[],"class_list":["post-3378","post","type-post","status-publish","format-standard","has-post-thumbnail","hentry","category-destination","tag-ferienhaus","tag-ferienhaus-oesterreich","tag-oestererich","tag-reisezeit","tag-urlaub","tag-winterurlaub-oesterreich"],"acf":[],"yoast_head":"<!-- This site is optimized with the Yoast SEO plugin v27.5 - https:\/\/yoast.com\/product\/yoast-seo-wordpress\/ -->\n<title>Beste Reisezeit f\u00fcr den \u00d6sterreich Urlaub: Saisonale Tipps | Belvilla<\/title>\n<meta name=\"description\" content=\"Entdeckt die beste Reisezeit f\u00fcr einen \u00d6sterreich Urlaub. Von Fr\u00fchling im Salzburger Land bis Winter in K\u00e4rnten, wir haben Tipps und das passende Ferienhaus.\" \/>\n<meta name=\"robots\" content=\"index, follow, max-snippet:-1, max-image-preview:large, max-video-preview:-1\" \/>\n<link rel=\"canonical\" href=\"https:\/\/www.belvilla.de\/blog\/oesterreich-urlaub\/\" \/>\n<meta property=\"og:locale\" content=\"de_DE\" \/>\n<meta property=\"og:type\" content=\"article\" \/>\n<meta property=\"og:title\" content=\"Beste Reisezeit f\u00fcr den \u00d6sterreich Urlaub: Saisonale Tipps | Belvilla\" \/>\n<meta property=\"og:description\" content=\"Entdeckt die beste Reisezeit f\u00fcr einen \u00d6sterreich Urlaub. Von Fr\u00fchling im Salzburger Land bis Winter in K\u00e4rnten, wir haben Tipps und das passende Ferienhaus.\" \/>\n<meta property=\"og:url\" content=\"https:\/\/www.belvilla.de\/blog\/oesterreich-urlaub\/\" \/>\n<meta property=\"og:site_name\" content=\"Belvilla Blog DE\" \/>\n<meta property=\"article:published_time\" content=\"2023-09-25T14:15:12+00:00\" \/>\n<meta property=\"article:modified_time\" content=\"2023-09-25T14:15:13+00:00\" \/>\n<meta property=\"og:image\" content=\"https:\/\/www.belvilla.de\/blog\/wp-content\/uploads\/sites\/4\/2023\/09\/Shutterstock_2357056375.jpg\" \/>\n\t<meta property=\"og:image:width\" content=\"1096\" \/>\n\t<meta property=\"og:image:height\" content=\"683\" \/>\n\t<meta property=\"og:image:type\" content=\"image\/jpeg\" \/>\n<meta name=\"twitter:card\" content=\"summary_large_image\" \/>\n<meta name=\"twitter:label1\" content=\"Verfasst von\" \/>\n\t<meta name=\"twitter:data1\" content=\"\" \/>\n\t<meta name=\"twitter:label2\" content=\"Gesch\u00e4tzte Lesezeit\" \/>\n\t<meta name=\"twitter:data2\" content=\"7\u00a0Minuten\" \/>\n<script type=\"application\/ld+json\" class=\"yoast-schema-graph\">{\"@context\":\"https:\\\/\\\/schema.org\",\"@graph\":[{\"@type\":\"Article\",\"@id\":\"https:\\\/\\\/www.belvilla.de\\\/blog\\\/oesterreich-urlaub\\\/#article\",\"isPartOf\":{\"@id\":\"https:\\\/\\\/www.belvilla.de\\\/blog\\\/oesterreich-urlaub\\\/\"},\"author\":{\"name\":\"\",\"@id\":\"\"},\"headline\":\"Beste Reisezeit f\u00fcr einen Urlaub im Ferienhaus in \u00d6sterreich\",\"datePublished\":\"2023-09-25T14:15:12+00:00\",\"dateModified\":\"2023-09-25T14:15:13+00:00\",\"mainEntityOfPage\":{\"@id\":\"https:\\\/\\\/www.belvilla.de\\\/blog\\\/oesterreich-urlaub\\\/\"},\"wordCount\":1165,\"commentCount\":0,\"image\":{\"@id\":\"https:\\\/\\\/www.belvilla.de\\\/blog\\\/oesterreich-urlaub\\\/#primaryimage\"},\"thumbnailUrl\":\"https:\\\/\\\/www.belvilla.de\\\/blog\\\/wp-content\\\/uploads\\\/sites\\\/4\\\/2023\\\/09\\\/Shutterstock_2357056375.jpg\",\"keywords\":[\"ferienhaus\",\"ferienhaus \u00f6sterreich\",\"\u00f6stererich\",\"reisezeit\",\"Urlaub\",\"winterurlaub \u00f6sterreich\"],\"articleSection\":[\"Destination\"],\"inLanguage\":\"de\",\"potentialAction\":[{\"@type\":\"CommentAction\",\"name\":\"Comment\",\"target\":[\"https:\\\/\\\/www.belvilla.de\\\/blog\\\/oesterreich-urlaub\\\/#respond\"]}]},{\"@type\":\"WebPage\",\"@id\":\"https:\\\/\\\/www.belvilla.de\\\/blog\\\/oesterreich-urlaub\\\/\",\"url\":\"https:\\\/\\\/www.belvilla.de\\\/blog\\\/oesterreich-urlaub\\\/\",\"name\":\"Beste Reisezeit f\u00fcr den \u00d6sterreich Urlaub: Saisonale Tipps | Belvilla\",\"isPartOf\":{\"@id\":\"https:\\\/\\\/www.belvilla.de\\\/blog\\\/#website\"},\"primaryImageOfPage\":{\"@id\":\"https:\\\/\\\/www.belvilla.de\\\/blog\\\/oesterreich-urlaub\\\/#primaryimage\"},\"image\":{\"@id\":\"https:\\\/\\\/www.belvilla.de\\\/blog\\\/oesterreich-urlaub\\\/#primaryimage\"},\"thumbnailUrl\":\"https:\\\/\\\/www.belvilla.de\\\/blog\\\/wp-content\\\/uploads\\\/sites\\\/4\\\/2023\\\/09\\\/Shutterstock_2357056375.jpg\",\"datePublished\":\"2023-09-25T14:15:12+00:00\",\"dateModified\":\"2023-09-25T14:15:13+00:00\",\"author\":{\"@id\":\"\"},\"description\":\"Entdeckt die beste Reisezeit f\u00fcr einen \u00d6sterreich Urlaub. Von Fr\u00fchling im Salzburger Land bis Winter in K\u00e4rnten, wir haben Tipps und das passende Ferienhaus.\",\"breadcrumb\":{\"@id\":\"https:\\\/\\\/www.belvilla.de\\\/blog\\\/oesterreich-urlaub\\\/#breadcrumb\"},\"inLanguage\":\"de\",\"potentialAction\":[{\"@type\":\"ReadAction\",\"target\":[\"https:\\\/\\\/www.belvilla.de\\\/blog\\\/oesterreich-urlaub\\\/\"]}]},{\"@type\":\"ImageObject\",\"inLanguage\":\"de\",\"@id\":\"https:\\\/\\\/www.belvilla.de\\\/blog\\\/oesterreich-urlaub\\\/#primaryimage\",\"url\":\"https:\\\/\\\/www.belvilla.de\\\/blog\\\/wp-content\\\/uploads\\\/sites\\\/4\\\/2023\\\/09\\\/Shutterstock_2357056375.jpg\",\"contentUrl\":\"https:\\\/\\\/www.belvilla.de\\\/blog\\\/wp-content\\\/uploads\\\/sites\\\/4\\\/2023\\\/09\\\/Shutterstock_2357056375.jpg\",\"width\":1096,\"height\":683,\"caption\":\"Jahreszeiten in \u00d6sterreich\"},{\"@type\":\"BreadcrumbList\",\"@id\":\"https:\\\/\\\/www.belvilla.de\\\/blog\\\/oesterreich-urlaub\\\/#breadcrumb\",\"itemListElement\":[{\"@type\":\"ListItem\",\"position\":1,\"name\":\"Home\",\"item\":\"https:\\\/\\\/www.belvilla.de\\\/blog\\\/\"},{\"@type\":\"ListItem\",\"position\":2,\"name\":\"Beste Reisezeit f\u00fcr einen Urlaub im Ferienhaus in \u00d6sterreich\"}]},{\"@type\":\"WebSite\",\"@id\":\"https:\\\/\\\/www.belvilla.de\\\/blog\\\/#website\",\"url\":\"https:\\\/\\\/www.belvilla.de\\\/blog\\\/\",\"name\":\"Belvilla Blog DE\",\"description\":\"\",\"potentialAction\":[{\"@type\":\"SearchAction\",\"target\":{\"@type\":\"EntryPoint\",\"urlTemplate\":\"https:\\\/\\\/www.belvilla.de\\\/blog\\\/?s={search_term_string}\"},\"query-input\":{\"@type\":\"PropertyValueSpecification\",\"valueRequired\":true,\"valueName\":\"search_term_string\"}}],\"inLanguage\":\"de\"},{\"@type\":\"Person\",\"@id\":\"\"}]}<\/script>\n<!-- \/ Yoast SEO plugin. -->","yoast_head_json":{"title":"Beste Reisezeit f\u00fcr den \u00d6sterreich Urlaub: Saisonale Tipps | Belvilla","description":"Entdeckt die beste Reisezeit f\u00fcr einen \u00d6sterreich Urlaub. Von Fr\u00fchling im Salzburger Land bis Winter in K\u00e4rnten, wir haben Tipps und das passende Ferienhaus.","robots":{"index":"index","follow":"follow","max-snippet":"max-snippet:-1","max-image-preview":"max-image-preview:large","max-video-preview":"max-video-preview:-1"},"canonical":"https:\/\/www.belvilla.de\/blog\/oesterreich-urlaub\/","og_locale":"de_DE","og_type":"article","og_title":"Beste Reisezeit f\u00fcr den \u00d6sterreich Urlaub: Saisonale Tipps | Belvilla","og_description":"Entdeckt die beste Reisezeit f\u00fcr einen \u00d6sterreich Urlaub. Von Fr\u00fchling im Salzburger Land bis Winter in K\u00e4rnten, wir haben Tipps und das passende Ferienhaus.","og_url":"https:\/\/www.belvilla.de\/blog\/oesterreich-urlaub\/","og_site_name":"Belvilla Blog DE","article_published_time":"2023-09-25T14:15:12+00:00","article_modified_time":"2023-09-25T14:15:13+00:00","og_image":[{"width":1096,"height":683,"url":"https:\/\/www.belvilla.de\/blog\/wp-content\/uploads\/sites\/4\/2023\/09\/Shutterstock_2357056375.jpg","type":"image\/jpeg"}],"twitter_card":"summary_large_image","twitter_misc":{"Verfasst von":"","Gesch\u00e4tzte Lesezeit":"7\u00a0Minuten"},"schema":{"@context":"https:\/\/schema.org","@graph":[{"@type":"Article","@id":"https:\/\/www.belvilla.de\/blog\/oesterreich-urlaub\/#article","isPartOf":{"@id":"https:\/\/www.belvilla.de\/blog\/oesterreich-urlaub\/"},"author":{"name":"","@id":""},"headline":"Beste Reisezeit f\u00fcr einen Urlaub im Ferienhaus in \u00d6sterreich","datePublished":"2023-09-25T14:15:12+00:00","dateModified":"2023-09-25T14:15:13+00:00","mainEntityOfPage":{"@id":"https:\/\/www.belvilla.de\/blog\/oesterreich-urlaub\/"},"wordCount":1165,"commentCount":0,"image":{"@id":"https:\/\/www.belvilla.de\/blog\/oesterreich-urlaub\/#primaryimage"},"thumbnailUrl":"https:\/\/www.belvilla.de\/blog\/wp-content\/uploads\/sites\/4\/2023\/09\/Shutterstock_2357056375.jpg","keywords":["ferienhaus","ferienhaus \u00f6sterreich","\u00f6stererich","reisezeit","Urlaub","winterurlaub \u00f6sterreich"],"articleSection":["Destination"],"inLanguage":"de","potentialAction":[{"@type":"CommentAction","name":"Comment","target":["https:\/\/www.belvilla.de\/blog\/oesterreich-urlaub\/#respond"]}]},{"@type":"WebPage","@id":"https:\/\/www.belvilla.de\/blog\/oesterreich-urlaub\/","url":"https:\/\/www.belvilla.de\/blog\/oesterreich-urlaub\/","name":"Beste Reisezeit f\u00fcr den \u00d6sterreich Urlaub: Saisonale Tipps | Belvilla","isPartOf":{"@id":"https:\/\/www.belvilla.de\/blog\/#website"},"primaryImageOfPage":{"@id":"https:\/\/www.belvilla.de\/blog\/oesterreich-urlaub\/#primaryimage"},"image":{"@id":"https:\/\/www.belvilla.de\/blog\/oesterreich-urlaub\/#primaryimage"},"thumbnailUrl":"https:\/\/www.belvilla.de\/blog\/wp-content\/uploads\/sites\/4\/2023\/09\/Shutterstock_2357056375.jpg","datePublished":"2023-09-25T14:15:12+00:00","dateModified":"2023-09-25T14:15:13+00:00","author":{"@id":""},"description":"Entdeckt die beste Reisezeit f\u00fcr einen \u00d6sterreich Urlaub. Von Fr\u00fchling im Salzburger Land bis Winter in K\u00e4rnten, wir haben Tipps und das passende Ferienhaus.","breadcrumb":{"@id":"https:\/\/www.belvilla.de\/blog\/oesterreich-urlaub\/#breadcrumb"},"inLanguage":"de","potentialAction":[{"@type":"ReadAction","target":["https:\/\/www.belvilla.de\/blog\/oesterreich-urlaub\/"]}]},{"@type":"ImageObject","inLanguage":"de","@id":"https:\/\/www.belvilla.de\/blog\/oesterreich-urlaub\/#primaryimage","url":"https:\/\/www.belvilla.de\/blog\/wp-content\/uploads\/sites\/4\/2023\/09\/Shutterstock_2357056375.jpg","contentUrl":"https:\/\/www.belvilla.de\/blog\/wp-content\/uploads\/sites\/4\/2023\/09\/Shutterstock_2357056375.jpg","width":1096,"height":683,"caption":"Jahreszeiten in \u00d6sterreich"},{"@type":"BreadcrumbList","@id":"https:\/\/www.belvilla.de\/blog\/oesterreich-urlaub\/#breadcrumb","itemListElement":[{"@type":"ListItem","position":1,"name":"Home","item":"https:\/\/www.belvilla.de\/blog\/"},{"@type":"ListItem","position":2,"name":"Beste Reisezeit f\u00fcr einen Urlaub im Ferienhaus in \u00d6sterreich"}]},{"@type":"WebSite","@id":"https:\/\/www.belvilla.de\/blog\/#website","url":"https:\/\/www.belvilla.de\/blog\/","name":"Belvilla Blog DE","description":"","potentialAction":[{"@type":"SearchAction","target":{"@type":"EntryPoint","urlTemplate":"https:\/\/www.belvilla.de\/blog\/?s={search_term_string}"},"query-input":{"@type":"PropertyValueSpecification","valueRequired":true,"valueName":"search_term_string"}}],"inLanguage":"de"},{"@type":"Person","@id":""}]}},"_links":{"self":[{"href":"https:\/\/www.belvilla.de\/blog\/wp-json\/wp\/v2\/posts\/3378","targetHints":{"allow":["GET"]}}],"collection":[{"href":"https:\/\/www.belvilla.de\/blog\/wp-json\/wp\/v2\/posts"}],"about":[{"href":"https:\/\/www.belvilla.de\/blog\/wp-json\/wp\/v2\/types\/post"}],"author":[{"embeddable":true,"href":"https:\/\/www.belvilla.de\/blog\/wp-json\/wp\/v2\/users\/10"}],"replies":[{"embeddable":true,"href":"https:\/\/www.belvilla.de\/blog\/wp-json\/wp\/v2\/comments?post=3378"}],"version-history":[{"count":2,"href":"https:\/\/www.belvilla.de\/blog\/wp-json\/wp\/v2\/posts\/3378\/revisions"}],"predecessor-version":[{"id":3390,"href":"https:\/\/www.belvilla.de\/blog\/wp-json\/wp\/v2\/posts\/3378\/revisions\/3390"}],"wp:featuredmedia":[{"embeddable":true,"href":"https:\/\/www.belvilla.de\/blog\/wp-json\/wp\/v2\/media\/3381"}],"wp:attachment":[{"href":"https:\/\/www.belvilla.de\/blog\/wp-json\/wp\/v2\/media?parent=3378"}],"wp:term":[{"taxonomy":"category","embeddable":true,"href":"https:\/\/www.belvilla.de\/blog\/wp-json\/wp\/v2\/categories?post=3378"},{"taxonomy":"post_tag","embeddable":true,"href":"https:\/\/www.belvilla.de\/blog\/wp-json\/wp\/v2\/tags?post=3378"},{"taxonomy":"location","embeddable":true,"href":"https:\/\/www.belvilla.de\/blog\/wp-json\/wp\/v2\/location?post=3378"}],"curies":[{"name":"wp","href":"https:\/\/api.w.org\/{rel}","templated":true}]}}