{"id":331,"date":"2022-06-16T04:32:53","date_gmt":"2022-06-16T04:32:53","guid":{"rendered":"https:\/\/www.belvilla.de\/blog\/?p=331"},"modified":"2023-08-28T21:07:50","modified_gmt":"2023-08-28T21:07:50","slug":"weltfahrradtag","status":"publish","type":"post","link":"https:\/\/www.belvilla.de\/blog\/weltfahrradtag\/","title":{"rendered":"Die 15 sch\u00f6nsten Radwege Deutschlands"},"content":{"rendered":"\n<p>Es gibt mehrere Gr\u00fcnde, die f\u00fcr das Radfahren als gesunde und umweltfreundliche Alternative sprechen. Dabei steht ganz besonders die Bewegung im Vordergrund. Denn die tut nicht nur dem Herzen sowie Deinem Kreislauf gut, sondern hilft auch bei der Vorbeugung von Krankheiten. Zudem kann der K\u00f6rper besser Stress verarbeiten und entspannen. Aufgrund dessen haben wir hier f\u00fcr Dich 15 der sch\u00f6nsten Radtouren Deutschlands zusammengestellt.<\/p>\n\n\n\n<h2 class=\"wp-block-heading\">Langstrecken-Radrouten<\/h2>\n\n\n\n<figure class=\"wp-block-image size-full\"><img loading=\"lazy\" decoding=\"async\" width=\"1000\" height=\"667\" src=\"https:\/\/www.belvilla.de\/blog\/wp-content\/uploads\/sites\/4\/2022\/06\/shutterstock_1504005362.jpg\" alt=\"\" class=\"wp-image-371\" srcset=\"https:\/\/www.belvilla.de\/blog\/wp-content\/uploads\/sites\/4\/2022\/06\/shutterstock_1504005362.jpg 1000w, https:\/\/www.belvilla.de\/blog\/wp-content\/uploads\/sites\/4\/2022\/06\/shutterstock_1504005362-750x500.jpg 750w, https:\/\/www.belvilla.de\/blog\/wp-content\/uploads\/sites\/4\/2022\/06\/shutterstock_1504005362-300x200.jpg 300w\" sizes=\"auto, (max-width: 1000px) 100vw, 1000px\" \/><figcaption>Genuss von Fernradwegen<\/figcaption><\/figure>\n\n\n\n<p>Wer gerne lange auf dem Rad unterwegs ist, der sollte einige Langstrecken-Radrouten im Fahrradurlaub mit einplanen. Wir haben f\u00fcr Dich drei der sch\u00f6nsten Radrouten f\u00fcr Langstrecken-Liebhaber ausgesucht.<\/p>\n\n\n\n<h3 class=\"wp-block-heading\">Main-Radweg<\/h3>\n\n\n\n<p>Die sch\u00f6ne Fahrradtour dem Main entlang, der mit seinen fast 600 km langen, meist autofreien Wegen zu einer unvergesslichen Erfahrung einl\u00e4dt. Dabei ist die Strecke durchgehend beschildert. Der Startpunkt ist in Kulmbach. Von dort aus geht es \u00fcber mehrere St\u00e4dte nach Frankfurt am Main. Unterwegs radelst Du unter anderem durch Bamberg, Kitzingen und Aschaffenburg.<\/p>\n\n\n\n<h2 class=\"wp-block-heading\">Weser-Radweg<\/h2>\n\n\n\n<p>Der Weser-Radweg hat eine bunte Vielfalt an Landschaften zu bieten. Du startest in Hann. M\u00fcnden, dann geht es der Weser entlang bis hin nach Cuxhaven an die Nordsee. Dabei legst Du etwa 500 km an Strecke zur\u00fcck.&nbsp;<\/p>\n\n\n\n<h2 class=\"wp-block-heading\">Elberadweg<\/h2>\n\n\n\n<p>Entlang der Elbe kannst Du auf dem Elberadweg bis zu 1220 km durch Deutschland zur\u00fccklegen. Ungef\u00e4hr 860 km davon radelst Du direkt der Elbe entlang. Der Start ist in Cuxhaven. Danach f\u00fchrt dich die Route durch Stade und Hamburg, durch die S\u00e4chsische Schweiz und endet schliesslich in Bad Schandau.<\/p>\n\n\n\n<h2 class=\"wp-block-heading\">Die sch\u00f6nsten Ostsee-Radwege<\/h2>\n\n\n\n<figure class=\"wp-block-image size-full is-resized\"><img loading=\"lazy\" decoding=\"async\" src=\"https:\/\/www.belvilla.de\/blog\/wp-content\/uploads\/sites\/4\/2022\/06\/shutterstock_467404871.jpg\" alt=\"\" class=\"wp-image-372\" width=\"1093\" height=\"472\" srcset=\"https:\/\/www.belvilla.de\/blog\/wp-content\/uploads\/sites\/4\/2022\/06\/shutterstock_467404871.jpg 1000w, https:\/\/www.belvilla.de\/blog\/wp-content\/uploads\/sites\/4\/2022\/06\/shutterstock_467404871-750x324.jpg 750w, https:\/\/www.belvilla.de\/blog\/wp-content\/uploads\/sites\/4\/2022\/06\/shutterstock_467404871-300x130.jpg 300w\" sizes=\"auto, (max-width: 1093px) 100vw, 1093px\" \/><figcaption>Fahrr\u00e4der am Strand der Ostsee<\/figcaption><\/figure>\n\n\n\n<p>Die K\u00fcste der Ostsee hat mit ihrer vielseitigen Kulisse einiges f\u00fcr Radfahrer zu bieten. Sowohl k\u00fcrzere Radtouren unter 40 km, als auch l\u00e4ngere Touren sind hier einfach zu finden. Wir stellen Dir die besten Radtouren an der Ostsee vor, damit Du Deinen n\u00e4chsten Ausflug planen kannst.<\/p>\n\n\n\n<h3 class=\"wp-block-heading\">Ostsee Radweg Wismar nach Warnem\u00fcnde<\/h3>\n\n\n\n<p>Eine der sch\u00f6nsten Radtouren an der Ostsee f\u00fchrt von Wismar \u00fcber K\u00fchlungsborn und Heiligendamm nach Warnem\u00fcnde. Dabei wird diese Strecke meistens auf zwei Tage aufgeteilt. Somit ist es ohne Probleme m\u00f6glich, bei der 80 km langen Tour auch einige Zwischenstopps einzulegen und die Umgebung zu erkunden.<\/p>\n\n\n\n<h3 class=\"wp-block-heading\">Eine Tour entlang am Ostseek\u00fcsten-Radweg<\/h3>\n\n\n\n<p>Der Ostseek\u00fcsten-Radweg erstreckt sich \u00fcber etwa 2&#8217;000 km vom d\u00e4nischen Kopenhagen bis nach Danzig in Polen. Dabei f\u00fchrt der Weg \u00fcber den Osten von Schleswig-Holstein und Mecklenburg-Vorpommern. Es ist m\u00f6glich, die gesamte Tour innerhalb von 21 Tagen zu bew\u00e4ltigen. Jedoch ist es ebenso sehr empfehlenswert, sich kurze Abschnitte entlang des Ostseek\u00fcsten-Radwegs auszusuchen und die Gegend mit dem Rad zu erkunden.&nbsp;<\/p>\n\n\n\n<h3 class=\"wp-block-heading\">Ostsee-Radweg Binz vorbei am Selliner See<\/h3>\n\n\n\n<p>Von Binz geht es \u00fcber Lobbe vorbei an den Str\u00e4nden in G\u00f6hren und Baabe bis zum Selliner See und zur\u00fcck. Die 57 km lange Strecke ist dabei problemlos an einem Tag zu bew\u00e4ltigen. Dabei solltest Du nicht auf einen kleinen Abstecher zur F\u00e4hre Moritzdorf verzichten.<\/p>\n\n\n\n<h2 class=\"wp-block-heading\">Die besten Fahrradtouren mit Aussicht in den Bergen<\/h2>\n\n\n\n<figure class=\"wp-block-image size-full is-resized\"><img loading=\"lazy\" decoding=\"async\" src=\"https:\/\/www.belvilla.de\/blog\/wp-content\/uploads\/sites\/4\/2022\/06\/shutterstock_538196479.jpg\" alt=\"3 km H\u00f6hensommeransicht panoramisch auf Alpenbergen\" class=\"wp-image-373\" width=\"1092\" height=\"395\" srcset=\"https:\/\/www.belvilla.de\/blog\/wp-content\/uploads\/sites\/4\/2022\/06\/shutterstock_538196479.jpg 1000w, https:\/\/www.belvilla.de\/blog\/wp-content\/uploads\/sites\/4\/2022\/06\/shutterstock_538196479-750x272.jpg 750w, https:\/\/www.belvilla.de\/blog\/wp-content\/uploads\/sites\/4\/2022\/06\/shutterstock_538196479-300x109.jpg 300w\" sizes=\"auto, (max-width: 1092px) 100vw, 1092px\" \/><figcaption>3 km H\u00f6hensommeransicht panoramisch auf Alpenbergen<\/figcaption><\/figure>\n\n\n\n<p>Auch in Deutschland gibt es sch\u00f6ne Touren mit dem Fahrrad in den Bergen. Dabei geht es h\u00e4ufig bergauf und der Weg ist nicht immer leicht zu bew\u00e4ltigen. Jedoch wirst Du am Ziel mit einem tollen Ausblick belohnt. Generell empfehlen wir Dir, diese Strecken mit dem Mountainbike zu bew\u00e4ltigen.<\/p>\n\n\n\n<h3 class=\"wp-block-heading\">Radtour Wernigerode \u00fcber Halberstadt und Blankenburg<\/h3>\n\n\n\n<p>Viele Touren mit dem Fahrrad starten in Wernigerode. Denn der Harz ist nicht nur f\u00fcr seine Tropfsteinh\u00f6hlen bekannt, sondern auch f\u00fcr Fahrradtouren mit toller Aussicht. Die Tour bietet dabei mit etwa 59 km L\u00e4nge f\u00fcr jeden etwas. Denn Du siehst nicht nur den wundersch\u00f6nen Dom in Halberstadt, sondern auch ein wundersch\u00f6ner Ausblick von Blankenburg auf das Harzvorland liegt auf Deiner Route.<\/p>\n\n\n\n<h3 class=\"wp-block-heading\">Radtour von Gandersheim zum Mechtsh\u00e4user Berg<\/h3>\n\n\n\n<p>Diese Route hat es mit etwa 31 km L\u00e4nge und einem H\u00f6henanstieg von etwa 430 m ein wenig in sich. Jedoch ist der sch\u00f6ne Ausblick das Highlight der Strecke und durchaus die M\u00fche wert. Die Strecke f\u00fchrt von Gandersheim \u00fcber das Kloster Brunshausen. Danach geht es noch vorbei an Wolperode, Ackenhausen bis hin zum Mechtsh\u00e4user Berg.<\/p>\n\n\n\n<h3 class=\"wp-block-heading\">Von Aschau (Chiemgau) mit dem Rad um den Chiemsee<\/h3>\n\n\n\n<p>F\u00fcr diese Route solltest Du auf Deinem Mountainbike gut unterwegs sein. Die etwa 84 km Strecke beinhaltet teilweise unbefestigte Stra\u00dfen und eine kleine \u00dcberfahrt mit der Alzf\u00e4hre. Rund um den Chiemsee wirst Du dabei mit wundersch\u00f6nen Ausblicken belohnt. Besonders sch\u00f6n ist dabei nach fast 60 km der Ausblick auf die Kampenwand.<\/p>\n\n\n\n<h2 class=\"wp-block-heading\">Mountainbike-Strecken<\/h2>\n\n\n\n<figure class=\"wp-block-image size-full\"><img loading=\"lazy\" decoding=\"async\" width=\"1000\" height=\"664\" src=\"https:\/\/www.belvilla.de\/blog\/wp-content\/uploads\/sites\/4\/2022\/06\/shutterstock_1903568065.jpg\" alt=\"Ein wei\u00dfer Mann f\u00e4hrt bergab mit seinem Fahrrad einen Berg hinab\" class=\"wp-image-374\" srcset=\"https:\/\/www.belvilla.de\/blog\/wp-content\/uploads\/sites\/4\/2022\/06\/shutterstock_1903568065.jpg 1000w, https:\/\/www.belvilla.de\/blog\/wp-content\/uploads\/sites\/4\/2022\/06\/shutterstock_1903568065-750x498.jpg 750w, https:\/\/www.belvilla.de\/blog\/wp-content\/uploads\/sites\/4\/2022\/06\/shutterstock_1903568065-300x199.jpg 300w\" sizes=\"auto, (max-width: 1000px) 100vw, 1000px\" \/><figcaption>Ein wei\u00dfer Mann f\u00e4hrt bergab mit seinem Fahrrad einen Berg hinab<\/figcaption><\/figure>\n\n\n\n<p>Auch Mountainbikefahrer kommen in Deutschland nicht zu kurz. Mit einer Vielzahl von Strecken eignen sich viele Regionen f\u00fcr einen Ausflug mit dem Mountainbike. Hier findest Du drei der besten Mountainbike-Strecken in Deutschland.<\/p>\n\n\n\n<h3 class=\"wp-block-heading\">Pf\u00e4lzerwald<\/h3>\n\n\n\n<p>Der Pf\u00e4lzerwald hat mehrere aufregende Mountainbike-Strecken zu bieten. Du kannst beispielsweise von Neustadt aus \u00fcber den Heaventrail hoch auf den Kalmit und wieder zur\u00fcck. Dabei legst Du etwa 45 km zur\u00fcck. Jedoch ist die Strecke nicht f\u00fcr Anf\u00e4nger geeignet.<\/p>\n\n\n\n<h2 class=\"wp-block-heading\">Schwarzwald<\/h2>\n\n\n\n<p>Im Schwarzwald findet jeder Mountainbike-Liebhaber die passende Route. Denn mit der gro\u00dfen Vielfalt an Mountainbike-Routen bleiben hier keine W\u00fcnsche offen. So kannst Du beispielsweise von Freiburg aus hinauf zum Kybfelsen und zum Aussichtsturm Schauinsland radeln. Danach geht es wieder zur\u00fcck nach Freiburg. Mit etwa 40 km Strecke legt man hier einiges an Entfernung zur\u00fcck.<\/p>\n\n\n\n<h3 class=\"wp-block-heading\">Sauerland<\/h3>\n\n\n\n<p>Auch das Sauerland bietet mit der h\u00fcgeligen Landschaft einiges f\u00fcr Mountainbiker. Eine beliebte Mountainbike-Route verl\u00e4uft von Brilon Stadt \u00fcber den Gipfeltrail und Bilstein-Trail. Auch hier wirst Du mit einem wunderbaren Ausblick auf den Steinbruch und auf die sch\u00f6ne Landschaft des Panorama-Trails Brilon belohnt.<\/p>\n\n\n\n<h2 class=\"wp-block-heading\">Fahrradrouten in der Stadt<\/h2>\n\n\n\n<figure class=\"wp-block-image size-full\"><img loading=\"lazy\" decoding=\"async\" width=\"1000\" height=\"658\" src=\"https:\/\/www.belvilla.de\/blog\/wp-content\/uploads\/sites\/4\/2022\/06\/shutterstock_1782840872.jpg\" alt=\"\" class=\"wp-image-375\" srcset=\"https:\/\/www.belvilla.de\/blog\/wp-content\/uploads\/sites\/4\/2022\/06\/shutterstock_1782840872.jpg 1000w, https:\/\/www.belvilla.de\/blog\/wp-content\/uploads\/sites\/4\/2022\/06\/shutterstock_1782840872-750x494.jpg 750w, https:\/\/www.belvilla.de\/blog\/wp-content\/uploads\/sites\/4\/2022\/06\/shutterstock_1782840872-300x197.jpg 300w\" sizes=\"auto, (max-width: 1000px) 100vw, 1000px\" \/><figcaption>Die Landschaft der Fahrradstra\u00dfe<\/figcaption><\/figure>\n\n\n\n<p>Du willst Deinen Fahrradausflug nutzen, um eine der vielen sch\u00f6nen deutschen St\u00e4dte zu erkunden? Dann haben wir hier drei der fahrradfreundlichsten St\u00e4dte f\u00fcr Dich herausgesucht.<\/p>\n\n\n\n<h3 class=\"wp-block-heading\">Fahrradrouten in K\u00f6ln<\/h3>\n\n\n\n<p>Durch K\u00f6ln f\u00fchren etliche Fahrradwege, die beliebig kombiniert werden k\u00f6nnen, um alle Sehensw\u00fcrdigkeiten der Stadt zu erkunden. Mit dem Fahrrad hast Du den Vorteil, dass Du die Stadt auch fernab von den anderen Touristen erkunden kannst.<\/p>\n\n\n\n<h3 class=\"wp-block-heading\">Fahrradfreundliches Bremen<\/h3>\n\n\n\n<p>Die Stadt Bremen z\u00e4hlt zu den fahrradfreundlichsten gro\u00dfen St\u00e4dten Deutschlands. Hier kannst Du ganz ohne Sorgen die Innenstadt fernab von Touristen auf Ihrem Fahrrad erkunden. Dabei kannst Du einfach am Bahnhof starten und in Richtung Weserstadion radeln. Dann \u00fcberquerst Du die Weser und radelst auf der anderen Seite des Flusses zur\u00fcck bis zum Bahnhof.<\/p>\n\n\n\n<h3 class=\"wp-block-heading\">Fahrradtour durch Hamburg<\/h3>\n\n\n\n<p>Hamburg hat viele sch\u00f6ne Ausflugsziele. Fast alle kannst Du ganz einfach mit dem Fahrrad erreichen. Eine sch\u00f6ne Fahrradroute f\u00fchrt von den Landungsbr\u00fccken in St. Pauli bis hin zu den Harburger Bergen. Dabei radelst Du durch den Alten Elbtunnel und f\u00e4hrst \u00fcber Moorburg bis in die Harburger Berge.<\/p>\n\n\n\n<h2 class=\"wp-block-heading\">Bonus: Unser Tipp f\u00fcr die Buchung Ihres Fahrrad-Urlaubs<\/h2>\n\n\n\n<figure class=\"wp-block-image size-full\"><img loading=\"lazy\" decoding=\"async\" width=\"1000\" height=\"667\" src=\"https:\/\/www.belvilla.de\/blog\/wp-content\/uploads\/sites\/4\/2022\/06\/shutterstock_145525666.jpg\" alt=\"H\u00e4user mit Fahrradst\u00e4ndern\" class=\"wp-image-376\" srcset=\"https:\/\/www.belvilla.de\/blog\/wp-content\/uploads\/sites\/4\/2022\/06\/shutterstock_145525666.jpg 1000w, https:\/\/www.belvilla.de\/blog\/wp-content\/uploads\/sites\/4\/2022\/06\/shutterstock_145525666-750x500.jpg 750w, https:\/\/www.belvilla.de\/blog\/wp-content\/uploads\/sites\/4\/2022\/06\/shutterstock_145525666-300x200.jpg 300w\" sizes=\"auto, (max-width: 1000px) 100vw, 1000px\" \/><figcaption>H\u00e4user mit Fahrradst\u00e4ndern<\/figcaption><\/figure>\n\n\n\n<p>Der Fahrrad-Urlaub eignet sich bestens, um sich etwas mehr zu bewegen. Hierbei empfiehlt es sich, rechtzeitig zu buchen und auf den Komfort der Unterkunft zu achten. Denn wenn man nach einem langen Tag auf dem Rad wieder in seine Unterkunft zur\u00fcckkehrt, soll das Entspannen nicht zu kurz kommen.<\/p>\n\n\n\n<p>Achte auf Fahrrad-Abstellpl\u00e4tze und die Erreichbarkeit naheliegender Radwege. In den meisten F\u00e4llen bieten sich Ferienh\u00e4user besser an, da Du dort die volle Kontrolle \u00fcber Dein Equipment hast. In Hotels fehlt es oftmals an Abstellm\u00f6glichkeiten f\u00fcr die Bikes. Hier musst Du Dein Rad an \u00f6ffentlichen Fahrradst\u00e4ndern abschlie\u00dfen, was manchmal zu ungewollten \u00dcberraschungen f\u00fchren kann.<\/p>\n","protected":false},"excerpt":{"rendered":"<p>Viele Gr\u00fcnde sprechen f\u00fcr das Fahrrad als Transportmittel. Dabei ist es zum einen die zus\u00e4tzliche Bewegung und das Verbessern unserer Gesundheit und zum anderen das Schonen der Umwelt. Ebenso kannst Du das Fahrradfahren nutzen, um die Sch\u00f6nheit Deutschlands zu erkunden. Du wirst auf diesem Wege fernab der Touristen eine unvergessliche Zeit erleben. Daf\u00fcr haben wir hier f\u00fcr Dich die 15 sch\u00f6nsten Radtouren durch Deutschland zusammengestellt.<\/p>\n","protected":false},"author":3,"featured_media":367,"comment_status":"closed","ping_status":"closed","sticky":false,"template":"","format":"standard","meta":{"footnotes":""},"categories":[3],"tags":[],"location":[],"class_list":["post-331","post","type-post","status-publish","format-standard","has-post-thumbnail","hentry","category-activities"],"acf":[],"yoast_head":"<!-- This site is optimized with the Yoast SEO plugin v27.5 - https:\/\/yoast.com\/product\/yoast-seo-wordpress\/ -->\n<title>Die 15 sch\u00f6nsten Fahrradrouten in Deutschland | Belvilla Ferienh\u00e4user<\/title>\n<meta name=\"description\" content=\"Mit den 15 sch\u00f6nsten Fahrradrouten in Deutschland f\u00fcr Deinen n\u00e4chsten Ausflug mit dem Fahrrad findest Du sicherlich Dein n\u00e4chstes Ziel. Lese den Artikel.\" \/>\n<meta name=\"robots\" content=\"index, follow, max-snippet:-1, max-image-preview:large, max-video-preview:-1\" \/>\n<link rel=\"canonical\" href=\"https:\/\/www.belvilla.de\/blog\/weltfahrradtag\/\" \/>\n<meta property=\"og:locale\" content=\"de_DE\" \/>\n<meta property=\"og:type\" content=\"article\" \/>\n<meta property=\"og:title\" content=\"Die 15 sch\u00f6nsten Fahrradrouten in Deutschland | Belvilla Ferienh\u00e4user\" \/>\n<meta property=\"og:description\" content=\"Mit den 15 sch\u00f6nsten Fahrradrouten in Deutschland f\u00fcr Deinen n\u00e4chsten Ausflug mit dem Fahrrad findest Du sicherlich Dein n\u00e4chstes Ziel. Lese den Artikel.\" \/>\n<meta property=\"og:url\" content=\"https:\/\/www.belvilla.de\/blog\/weltfahrradtag\/\" \/>\n<meta property=\"og:site_name\" content=\"Belvilla Blog DE\" \/>\n<meta property=\"article:published_time\" content=\"2022-06-16T04:32:53+00:00\" \/>\n<meta property=\"article:modified_time\" content=\"2023-08-28T21:07:50+00:00\" \/>\n<meta property=\"og:image\" content=\"https:\/\/www.belvilla.de\/blog\/wp-content\/uploads\/sites\/4\/2022\/06\/shutterstock_500547073.jpg\" \/>\n\t<meta property=\"og:image:width\" content=\"1000\" \/>\n\t<meta property=\"og:image:height\" content=\"667\" \/>\n\t<meta property=\"og:image:type\" content=\"image\/jpeg\" \/>\n<meta name=\"twitter:card\" content=\"summary_large_image\" \/>\n<meta name=\"twitter:label1\" content=\"Verfasst von\" \/>\n\t<meta name=\"twitter:data1\" content=\"\" \/>\n\t<meta name=\"twitter:label2\" content=\"Gesch\u00e4tzte Lesezeit\" \/>\n\t<meta name=\"twitter:data2\" content=\"8\u00a0Minuten\" \/>\n<script type=\"application\/ld+json\" class=\"yoast-schema-graph\">{\"@context\":\"https:\\\/\\\/schema.org\",\"@graph\":[{\"@type\":\"Article\",\"@id\":\"https:\\\/\\\/www.belvilla.de\\\/blog\\\/weltfahrradtag\\\/#article\",\"isPartOf\":{\"@id\":\"https:\\\/\\\/www.belvilla.de\\\/blog\\\/weltfahrradtag\\\/\"},\"author\":{\"name\":\"\",\"@id\":\"\"},\"headline\":\"Die 15 sch\u00f6nsten Radwege Deutschlands\",\"datePublished\":\"2022-06-16T04:32:53+00:00\",\"dateModified\":\"2023-08-28T21:07:50+00:00\",\"mainEntityOfPage\":{\"@id\":\"https:\\\/\\\/www.belvilla.de\\\/blog\\\/weltfahrradtag\\\/\"},\"wordCount\":1285,\"image\":{\"@id\":\"https:\\\/\\\/www.belvilla.de\\\/blog\\\/weltfahrradtag\\\/#primaryimage\"},\"thumbnailUrl\":\"https:\\\/\\\/www.belvilla.de\\\/blog\\\/wp-content\\\/uploads\\\/sites\\\/4\\\/2022\\\/06\\\/shutterstock_500547073.jpg\",\"articleSection\":[\"Activities\"],\"inLanguage\":\"de\"},{\"@type\":\"WebPage\",\"@id\":\"https:\\\/\\\/www.belvilla.de\\\/blog\\\/weltfahrradtag\\\/\",\"url\":\"https:\\\/\\\/www.belvilla.de\\\/blog\\\/weltfahrradtag\\\/\",\"name\":\"Die 15 sch\u00f6nsten Fahrradrouten in Deutschland | Belvilla Ferienh\u00e4user\",\"isPartOf\":{\"@id\":\"https:\\\/\\\/www.belvilla.de\\\/blog\\\/#website\"},\"primaryImageOfPage\":{\"@id\":\"https:\\\/\\\/www.belvilla.de\\\/blog\\\/weltfahrradtag\\\/#primaryimage\"},\"image\":{\"@id\":\"https:\\\/\\\/www.belvilla.de\\\/blog\\\/weltfahrradtag\\\/#primaryimage\"},\"thumbnailUrl\":\"https:\\\/\\\/www.belvilla.de\\\/blog\\\/wp-content\\\/uploads\\\/sites\\\/4\\\/2022\\\/06\\\/shutterstock_500547073.jpg\",\"datePublished\":\"2022-06-16T04:32:53+00:00\",\"dateModified\":\"2023-08-28T21:07:50+00:00\",\"author\":{\"@id\":\"\"},\"description\":\"Mit den 15 sch\u00f6nsten Fahrradrouten in Deutschland f\u00fcr Deinen n\u00e4chsten Ausflug mit dem Fahrrad findest Du sicherlich Dein n\u00e4chstes Ziel. Lese den Artikel.\",\"breadcrumb\":{\"@id\":\"https:\\\/\\\/www.belvilla.de\\\/blog\\\/weltfahrradtag\\\/#breadcrumb\"},\"inLanguage\":\"de\",\"potentialAction\":[{\"@type\":\"ReadAction\",\"target\":[\"https:\\\/\\\/www.belvilla.de\\\/blog\\\/weltfahrradtag\\\/\"]}]},{\"@type\":\"ImageObject\",\"inLanguage\":\"de\",\"@id\":\"https:\\\/\\\/www.belvilla.de\\\/blog\\\/weltfahrradtag\\\/#primaryimage\",\"url\":\"https:\\\/\\\/www.belvilla.de\\\/blog\\\/wp-content\\\/uploads\\\/sites\\\/4\\\/2022\\\/06\\\/shutterstock_500547073.jpg\",\"contentUrl\":\"https:\\\/\\\/www.belvilla.de\\\/blog\\\/wp-content\\\/uploads\\\/sites\\\/4\\\/2022\\\/06\\\/shutterstock_500547073.jpg\",\"width\":1000,\"height\":667,\"caption\":\"Fahrradrouten Radtour Bayern Berge\"},{\"@type\":\"BreadcrumbList\",\"@id\":\"https:\\\/\\\/www.belvilla.de\\\/blog\\\/weltfahrradtag\\\/#breadcrumb\",\"itemListElement\":[{\"@type\":\"ListItem\",\"position\":1,\"name\":\"Home\",\"item\":\"https:\\\/\\\/www.belvilla.de\\\/blog\\\/\"},{\"@type\":\"ListItem\",\"position\":2,\"name\":\"Die 15 sch\u00f6nsten Radwege Deutschlands\"}]},{\"@type\":\"WebSite\",\"@id\":\"https:\\\/\\\/www.belvilla.de\\\/blog\\\/#website\",\"url\":\"https:\\\/\\\/www.belvilla.de\\\/blog\\\/\",\"name\":\"Belvilla Blog DE\",\"description\":\"\",\"potentialAction\":[{\"@type\":\"SearchAction\",\"target\":{\"@type\":\"EntryPoint\",\"urlTemplate\":\"https:\\\/\\\/www.belvilla.de\\\/blog\\\/?s={search_term_string}\"},\"query-input\":{\"@type\":\"PropertyValueSpecification\",\"valueRequired\":true,\"valueName\":\"search_term_string\"}}],\"inLanguage\":\"de\"},{\"@type\":\"Person\",\"@id\":\"\"}]}<\/script>\n<!-- \/ Yoast SEO plugin. -->","yoast_head_json":{"title":"Die 15 sch\u00f6nsten Fahrradrouten in Deutschland | Belvilla Ferienh\u00e4user","description":"Mit den 15 sch\u00f6nsten Fahrradrouten in Deutschland f\u00fcr Deinen n\u00e4chsten Ausflug mit dem Fahrrad findest Du sicherlich Dein n\u00e4chstes Ziel. Lese den Artikel.","robots":{"index":"index","follow":"follow","max-snippet":"max-snippet:-1","max-image-preview":"max-image-preview:large","max-video-preview":"max-video-preview:-1"},"canonical":"https:\/\/www.belvilla.de\/blog\/weltfahrradtag\/","og_locale":"de_DE","og_type":"article","og_title":"Die 15 sch\u00f6nsten Fahrradrouten in Deutschland | Belvilla Ferienh\u00e4user","og_description":"Mit den 15 sch\u00f6nsten Fahrradrouten in Deutschland f\u00fcr Deinen n\u00e4chsten Ausflug mit dem Fahrrad findest Du sicherlich Dein n\u00e4chstes Ziel. Lese den Artikel.","og_url":"https:\/\/www.belvilla.de\/blog\/weltfahrradtag\/","og_site_name":"Belvilla Blog DE","article_published_time":"2022-06-16T04:32:53+00:00","article_modified_time":"2023-08-28T21:07:50+00:00","og_image":[{"width":1000,"height":667,"url":"https:\/\/www.belvilla.de\/blog\/wp-content\/uploads\/sites\/4\/2022\/06\/shutterstock_500547073.jpg","type":"image\/jpeg"}],"twitter_card":"summary_large_image","twitter_misc":{"Verfasst von":"","Gesch\u00e4tzte Lesezeit":"8\u00a0Minuten"},"schema":{"@context":"https:\/\/schema.org","@graph":[{"@type":"Article","@id":"https:\/\/www.belvilla.de\/blog\/weltfahrradtag\/#article","isPartOf":{"@id":"https:\/\/www.belvilla.de\/blog\/weltfahrradtag\/"},"author":{"name":"","@id":""},"headline":"Die 15 sch\u00f6nsten Radwege Deutschlands","datePublished":"2022-06-16T04:32:53+00:00","dateModified":"2023-08-28T21:07:50+00:00","mainEntityOfPage":{"@id":"https:\/\/www.belvilla.de\/blog\/weltfahrradtag\/"},"wordCount":1285,"image":{"@id":"https:\/\/www.belvilla.de\/blog\/weltfahrradtag\/#primaryimage"},"thumbnailUrl":"https:\/\/www.belvilla.de\/blog\/wp-content\/uploads\/sites\/4\/2022\/06\/shutterstock_500547073.jpg","articleSection":["Activities"],"inLanguage":"de"},{"@type":"WebPage","@id":"https:\/\/www.belvilla.de\/blog\/weltfahrradtag\/","url":"https:\/\/www.belvilla.de\/blog\/weltfahrradtag\/","name":"Die 15 sch\u00f6nsten Fahrradrouten in Deutschland | Belvilla Ferienh\u00e4user","isPartOf":{"@id":"https:\/\/www.belvilla.de\/blog\/#website"},"primaryImageOfPage":{"@id":"https:\/\/www.belvilla.de\/blog\/weltfahrradtag\/#primaryimage"},"image":{"@id":"https:\/\/www.belvilla.de\/blog\/weltfahrradtag\/#primaryimage"},"thumbnailUrl":"https:\/\/www.belvilla.de\/blog\/wp-content\/uploads\/sites\/4\/2022\/06\/shutterstock_500547073.jpg","datePublished":"2022-06-16T04:32:53+00:00","dateModified":"2023-08-28T21:07:50+00:00","author":{"@id":""},"description":"Mit den 15 sch\u00f6nsten Fahrradrouten in Deutschland f\u00fcr Deinen n\u00e4chsten Ausflug mit dem Fahrrad findest Du sicherlich Dein n\u00e4chstes Ziel. Lese den Artikel.","breadcrumb":{"@id":"https:\/\/www.belvilla.de\/blog\/weltfahrradtag\/#breadcrumb"},"inLanguage":"de","potentialAction":[{"@type":"ReadAction","target":["https:\/\/www.belvilla.de\/blog\/weltfahrradtag\/"]}]},{"@type":"ImageObject","inLanguage":"de","@id":"https:\/\/www.belvilla.de\/blog\/weltfahrradtag\/#primaryimage","url":"https:\/\/www.belvilla.de\/blog\/wp-content\/uploads\/sites\/4\/2022\/06\/shutterstock_500547073.jpg","contentUrl":"https:\/\/www.belvilla.de\/blog\/wp-content\/uploads\/sites\/4\/2022\/06\/shutterstock_500547073.jpg","width":1000,"height":667,"caption":"Fahrradrouten Radtour Bayern Berge"},{"@type":"BreadcrumbList","@id":"https:\/\/www.belvilla.de\/blog\/weltfahrradtag\/#breadcrumb","itemListElement":[{"@type":"ListItem","position":1,"name":"Home","item":"https:\/\/www.belvilla.de\/blog\/"},{"@type":"ListItem","position":2,"name":"Die 15 sch\u00f6nsten Radwege Deutschlands"}]},{"@type":"WebSite","@id":"https:\/\/www.belvilla.de\/blog\/#website","url":"https:\/\/www.belvilla.de\/blog\/","name":"Belvilla Blog DE","description":"","potentialAction":[{"@type":"SearchAction","target":{"@type":"EntryPoint","urlTemplate":"https:\/\/www.belvilla.de\/blog\/?s={search_term_string}"},"query-input":{"@type":"PropertyValueSpecification","valueRequired":true,"valueName":"search_term_string"}}],"inLanguage":"de"},{"@type":"Person","@id":""}]}},"_links":{"self":[{"href":"https:\/\/www.belvilla.de\/blog\/wp-json\/wp\/v2\/posts\/331","targetHints":{"allow":["GET"]}}],"collection":[{"href":"https:\/\/www.belvilla.de\/blog\/wp-json\/wp\/v2\/posts"}],"about":[{"href":"https:\/\/www.belvilla.de\/blog\/wp-json\/wp\/v2\/types\/post"}],"author":[{"embeddable":true,"href":"https:\/\/www.belvilla.de\/blog\/wp-json\/wp\/v2\/users\/3"}],"replies":[{"embeddable":true,"href":"https:\/\/www.belvilla.de\/blog\/wp-json\/wp\/v2\/comments?post=331"}],"version-history":[{"count":10,"href":"https:\/\/www.belvilla.de\/blog\/wp-json\/wp\/v2\/posts\/331\/revisions"}],"predecessor-version":[{"id":3254,"href":"https:\/\/www.belvilla.de\/blog\/wp-json\/wp\/v2\/posts\/331\/revisions\/3254"}],"wp:featuredmedia":[{"embeddable":true,"href":"https:\/\/www.belvilla.de\/blog\/wp-json\/wp\/v2\/media\/367"}],"wp:attachment":[{"href":"https:\/\/www.belvilla.de\/blog\/wp-json\/wp\/v2\/media?parent=331"}],"wp:term":[{"taxonomy":"category","embeddable":true,"href":"https:\/\/www.belvilla.de\/blog\/wp-json\/wp\/v2\/categories?post=331"},{"taxonomy":"post_tag","embeddable":true,"href":"https:\/\/www.belvilla.de\/blog\/wp-json\/wp\/v2\/tags?post=331"},{"taxonomy":"location","embeddable":true,"href":"https:\/\/www.belvilla.de\/blog\/wp-json\/wp\/v2\/location?post=331"}],"curies":[{"name":"wp","href":"https:\/\/api.w.org\/{rel}","templated":true}]}}