{"id":329,"date":"2022-06-17T17:34:00","date_gmt":"2022-06-17T17:34:00","guid":{"rendered":"https:\/\/www.belvilla.de\/blog\/?p=329"},"modified":"2025-05-01T06:27:02","modified_gmt":"2025-05-01T06:27:02","slug":"das-legendaere-hurricane-festival-2025-endlich-wieder-am-start","status":"publish","type":"post","link":"https:\/\/www.belvilla.de\/blog\/das-legendaere-hurricane-festival-2025-endlich-wieder-am-start\/","title":{"rendered":"Das legend\u00e4re Hurricane Festival &#8211; 2025 endlich wieder am Start!"},"content":{"rendered":"\n<figure class=\"wp-block-image size-full\"><img loading=\"lazy\" decoding=\"async\" width=\"1024\" height=\"683\" src=\"https:\/\/www.belvilla.de\/blog\/wp-content\/uploads\/sites\/4\/2022\/06\/shutterstock_675307696.jpg\" alt=\"Lichter auf einem Festival\" class=\"wp-image-408\" srcset=\"https:\/\/www.belvilla.de\/blog\/wp-content\/uploads\/sites\/4\/2022\/06\/shutterstock_675307696.jpg 1024w, https:\/\/www.belvilla.de\/blog\/wp-content\/uploads\/sites\/4\/2022\/06\/shutterstock_675307696-750x500.jpg 750w, https:\/\/www.belvilla.de\/blog\/wp-content\/uploads\/sites\/4\/2022\/06\/shutterstock_675307696-300x200.jpg 300w\" sizes=\"auto, (max-width: 1024px) 100vw, 1024px\" \/><figcaption class=\"wp-element-caption\">Lichter auf einem Festival<\/figcaption><\/figure>\n\n\n\n<p>Das Hurricane Festival lockt seit 1997 jedes Jahr mittlerweile bis zu 70.000 Besucher nach Schee\u00dfel in Niedersachsen. Dieses Jahr findet es vom 17. bis 19. Juni statt. Inmitten einer Renn-Sandbahn f\u00fcr Motorr\u00e4der stehen Zelte, bunte St\u00e4nde und Festival-B\u00fchnen. Dieses Jahr treten Ber\u00fchmtheiten wie The Killers, Kings of Leon, CHVRCHES, Mando Diao, Incubus, Nick Cave, Antilopengang, The Hives und einige weitere fantastische Musiker auf. Die Musikrichtungen des Festivals sind Pop, Alternative, Rock, und Electro. Auf dem Hurricane Festival treten nationale und internationale K\u00fcnstler aus aller Welt auf. Sowohl Newcomer als auch altbekannte Musiker rocken die B\u00fchne und sorgen f\u00fcr beste Festivalstimmung. Zum ersten Mal nach 2020, nach also zwei Jahren seit der Pandemie, findet das Festival wieder wie gewohnt statt. Fans des Hurricane-Festival k\u00f6nnen also aufatmen und sich auf zwei unvergessliche Tage in Schee\u00dfel freuen. <\/p>\n\n\n\n<figure class=\"wp-block-image size-full\"><img loading=\"lazy\" decoding=\"async\" width=\"1024\" height=\"683\" src=\"https:\/\/www.belvilla.de\/blog\/wp-content\/uploads\/sites\/4\/2022\/06\/shutterstock_698179297.jpg\" alt=\"Shilouette von gl\u00fccklichen Festivalg\u00e4sten beim Konzert\" class=\"wp-image-409\" srcset=\"https:\/\/www.belvilla.de\/blog\/wp-content\/uploads\/sites\/4\/2022\/06\/shutterstock_698179297.jpg 1024w, https:\/\/www.belvilla.de\/blog\/wp-content\/uploads\/sites\/4\/2022\/06\/shutterstock_698179297-750x500.jpg 750w, https:\/\/www.belvilla.de\/blog\/wp-content\/uploads\/sites\/4\/2022\/06\/shutterstock_698179297-300x200.jpg 300w\" sizes=\"auto, (max-width: 1024px) 100vw, 1024px\" \/><figcaption class=\"wp-element-caption\">Shilouette von gl\u00fccklichen Festivalg\u00e4sten beim Konzert<\/figcaption><\/figure>\n\n\n\n<p>Festivals gab es auf dem Gel\u00e4nde schon vorher, am 8. Und 9. September 1973 hie\u00df das erste Vorg\u00e4ngerfestival \u201eEs rockt in der Heide\u201c. Schon damals traten hier Ber\u00fchmtheiten wie Lou Reed und Chuck Berry auf. Ein weiteres Festival scheiterte im Jahr 1977 an der Finanzierung, damit einhergehender schlechter Technik und einigen geplanten Bands, die nicht anreisten. Getoppt wurde das Ganze noch durch den Veranstalter, der durchbrannte \u2013 mitsamt der restlichen Deutschen Mark aus der Finanzierung.  1997 dann wurde das Festival auf Wunsch eines Unternehmers durch den damaligen B\u00fcrgermeister wieder ins Leben gerufen, unter dem Namen Hurricane Festival. Damals zog es 20.000 Besucher und 36 Bands an, ab dann stiegen die Besucherzahlen jedes Jahr an, das Gel\u00e4nde wurde erweitert, eine zweite B\u00fchne musste 2004 her. <\/p>\n\n\n\n<figure class=\"wp-block-image size-full\"><img loading=\"lazy\" decoding=\"async\" width=\"1024\" height=\"683\" src=\"https:\/\/www.belvilla.de\/blog\/wp-content\/uploads\/sites\/4\/2022\/06\/shutterstock_1498343486.jpg\" alt=\"Menschen sitzen gem\u00fctlich auf Wiese und schauen sich das Outdoor Konzert an\" class=\"wp-image-410\" srcset=\"https:\/\/www.belvilla.de\/blog\/wp-content\/uploads\/sites\/4\/2022\/06\/shutterstock_1498343486.jpg 1024w, https:\/\/www.belvilla.de\/blog\/wp-content\/uploads\/sites\/4\/2022\/06\/shutterstock_1498343486-750x500.jpg 750w, https:\/\/www.belvilla.de\/blog\/wp-content\/uploads\/sites\/4\/2022\/06\/shutterstock_1498343486-300x200.jpg 300w\" sizes=\"auto, (max-width: 1024px) 100vw, 1024px\" \/><figcaption class=\"wp-element-caption\">Menschen sitzen gem\u00fctlich auf Wiese und schauen sich das <a href=\"https:\/\/www.belvilla.de\/blog\/baumkronenpfade-deutschland\/\">Outdoor<\/a> Konzert an<\/figcaption><\/figure>\n\n\n\n<p>Das Hurricane Festival ist legend\u00e4r und wohl eines der kultigsten Festivals in Deutschland. Es traten schon Gr\u00f6\u00dfen wie The Cure, Bj\u00f6rk, Rammstein und Lou Reed auf. Der letzte Live-Auftritt der Musiklegende David Bowie auf dem Hurricane Festival 2004 ging in die Geschichte ein. Jedes Festival hat seine eigene Atmosph\u00e4re, andere Bands und andere Leute und die Organisatoren versuchen etwas anders als alle anderen bieten. Unvergesslich ist dabei jedes einzelne. Dies ist auch beim Hurricane nicht anders &#8211; viele Festival-Fans kommen deswegen j\u00e4hrlich wieder und buchen ihre Tickets schon weit im Voraus. Das Hurricane Festival ist eines der am meisten und am besten besuchten Festivals in Deutschland. <\/p>\n\n\n\n<p>Neben dem Hurricane Festival befindet sich das Resort des Hurricane, wo sich das richtige Festivalerlebnis noch verst\u00e4rkt. Vom 16. bis zum 20. Juni l\u00e4sst es sich hier campen. <\/p>\n\n\n\n<figure class=\"wp-block-image size-full\"><img loading=\"lazy\" decoding=\"async\" width=\"1024\" height=\"683\" src=\"https:\/\/www.belvilla.de\/blog\/wp-content\/uploads\/sites\/4\/2022\/06\/shutterstock_417248485.jpg\" alt=\"Jugendliche vor Zelt mit Bier und Gitarre\" class=\"wp-image-411\" srcset=\"https:\/\/www.belvilla.de\/blog\/wp-content\/uploads\/sites\/4\/2022\/06\/shutterstock_417248485.jpg 1024w, https:\/\/www.belvilla.de\/blog\/wp-content\/uploads\/sites\/4\/2022\/06\/shutterstock_417248485-750x500.jpg 750w, https:\/\/www.belvilla.de\/blog\/wp-content\/uploads\/sites\/4\/2022\/06\/shutterstock_417248485-300x200.jpg 300w\" sizes=\"auto, (max-width: 1024px) 100vw, 1024px\" \/><figcaption class=\"wp-element-caption\">Jugendliche vor Zelt mit Bier und Gitarre<\/figcaption><\/figure>\n\n\n\n<p><strong>Was brauchst Du eigentlich auf einem Festival? <\/strong><\/p>\n\n\n\n<p>Grunds\u00e4tzlich braucht man f\u00fcr das ultimative Festival-Gef\u00fchl auf jeden Fall die richtigen Leute, um ganz viel Spa\u00df in der Gruppe zu haben und die Musik und den Beat richtig genie\u00dfen zu k\u00f6nnen. Allerdings w\u00e4re es \u00e4rgerlich, die notwendigsten Dinge zu Hause zu vergessen, wenn man nonstop auf dem Gel\u00e4nde sein will. Um das Festival sorgenfrei zu genie\u00dfen, muss das wichtigste unbedingt dabei sein. Das Hurricane findet im Sommer statt und ist Outdoor. Das hei\u00dft, Du musst zuallererst an typische Sommerutensilien denken &#8211; Sonnencreme, Sonnencappy oder Sonnenhut, M\u00fcckenspray und f\u00fcr&#8217;s Zelten Schlafsack, Unterlage und Taschenlampe. Am besten nimmst Du auch etwas zur Verpflegung mit, Wasser und etwaige alkoholische und nicht alkoholische Getr\u00e4nke, etwas zum Knabbern, Kaffee und Obst. Zus\u00e4tzlich empfiehlt sich ein Erste-Hilfe-Kit, Pflaster und Medikamente. Aspirin wirkt ideal gegen einen eventuellen Kater am n\u00e4chsten Tag. Auch ein kleines Taschenmesser solltest Du dabei haben &#8211; es ist beispielsweise zum Flaschen \u00f6ffnen n\u00fctzlich. Taschent\u00fccher sind flexibel einsetzbar, Flickzeug f\u00fcr das ein oder andere Loch in der Kleidung ist hilfreich und denk unbedingt an Ohrst\u00f6psel, sowohl f\u00fcr die laute Musik sowie den eventuellen Versuch gegen Morgen etwas zu schlafen. F\u00fcr das Hurricane Festival hoffen wir nat\u00fcrlich auf sch\u00f6nes Wetter. Leider haben Festival-Besucher nicht immer so viel Gl\u00fcck und so manches Festival findet mehr im Schlamm als in der Sonne statt. Damit Du es dennoch genie\u00dfen kannst, empfehlen sich Regencape und Regenschirm und mindestens zwei Paar Schuhe. Denk am besten an offene und geschlossene Schuhe. Das Mobiltelefon wirst Du sicher ebenfalls auf dem Hurricane Festival nutzen wollen, sei es um Gruppen-Selfies von euch zu machen, Fotos vom Treiben zwischen den Zelten und nat\u00fcrlich Videos der Acts. Zus\u00e4tzlich hilft Dir und deinen Freunden das Mobiltelefon, euch im Chaos des Festivals nicht aus den Augen zu verlieren und mit neuen Bekannten in Kontakt zu bleiben. Umso wichtiger sind deshalb auch Ladekabel und Powerbank. Vergiss auch nicht deinen Ausweis, die Krankenkassenkarte und EC-Karte bzw. Kreditkarte. Und denk nat\u00fcrlich an das wichtigste: das Ticket zum Hurricane Festival. <\/p>\n\n\n\n<p>Wer zum Hurricane Festival kommt, entscheidet sich f\u00fcr eine besondere Stimmung, tolle Musik und das ultimative Festival-Erlebnis. Kaum ein Festival l\u00e4sst sich urspr\u00fcnglicher erleben, und kaum eines vereint j\u00e4hrlich eine Anzahl solch gro\u00dfartiger nationaler und internationaler Acts. <\/p>\n","protected":false},"excerpt":{"rendered":"<p>Das Hurricane Festival ist 2022 endlich wieder f\u00fcr euch da. Wir haben hier zusammengefasst, was Dich erwartet und woran Du unbedingt denken musst.<\/p>\n","protected":false},"author":6,"featured_media":393,"comment_status":"open","ping_status":"open","sticky":false,"template":"","format":"standard","meta":{"footnotes":""},"categories":[12],"tags":[],"location":[],"class_list":["post-329","post","type-post","status-publish","format-standard","has-post-thumbnail","hentry","category-event-seasonal"],"acf":[],"yoast_head":"<!-- This site is optimized with the Yoast SEO plugin v27.5 - https:\/\/yoast.com\/product\/yoast-seo-wordpress\/ -->\n<title>Das legend\u00e4re Hurricane Festival - 2025<\/title>\n<meta name=\"robots\" content=\"index, follow, max-snippet:-1, max-image-preview:large, max-video-preview:-1\" \/>\n<link rel=\"canonical\" href=\"https:\/\/www.belvilla.de\/blog\/das-legendaere-hurricane-festival-2025-endlich-wieder-am-start\/\" \/>\n<meta property=\"og:locale\" content=\"de_DE\" \/>\n<meta property=\"og:type\" content=\"article\" \/>\n<meta property=\"og:title\" content=\"Das legend\u00e4re Hurricane Festival - 2025\" \/>\n<meta property=\"og:description\" content=\"Das Hurricane Festival ist 2022 endlich wieder f\u00fcr euch da. Wir haben hier zusammengefasst, was Dich erwartet und woran Du unbedingt denken musst.\" \/>\n<meta property=\"og:url\" content=\"https:\/\/www.belvilla.de\/blog\/das-legendaere-hurricane-festival-2025-endlich-wieder-am-start\/\" \/>\n<meta property=\"og:site_name\" content=\"Belvilla Blog DE\" \/>\n<meta property=\"article:published_time\" content=\"2022-06-17T17:34:00+00:00\" \/>\n<meta property=\"article:modified_time\" content=\"2025-05-01T06:27:02+00:00\" \/>\n<meta property=\"og:image\" content=\"https:\/\/www.belvilla.de\/blog\/wp-content\/uploads\/sites\/4\/2022\/06\/shutterstock_184911035.jpg\" \/>\n\t<meta property=\"og:image:width\" content=\"1024\" \/>\n\t<meta property=\"og:image:height\" content=\"683\" \/>\n\t<meta property=\"og:image:type\" content=\"image\/jpeg\" \/>\n<meta name=\"twitter:card\" content=\"summary_large_image\" \/>\n<meta name=\"twitter:label1\" content=\"Verfasst von\" \/>\n\t<meta name=\"twitter:data1\" content=\"\" \/>\n\t<meta name=\"twitter:label2\" content=\"Gesch\u00e4tzte Lesezeit\" \/>\n\t<meta name=\"twitter:data2\" content=\"6\u00a0Minuten\" \/>\n<script type=\"application\/ld+json\" class=\"yoast-schema-graph\">{\"@context\":\"https:\\\/\\\/schema.org\",\"@graph\":[{\"@type\":\"Article\",\"@id\":\"https:\\\/\\\/www.belvilla.de\\\/blog\\\/das-legendaere-hurricane-festival-2025-endlich-wieder-am-start\\\/#article\",\"isPartOf\":{\"@id\":\"https:\\\/\\\/www.belvilla.de\\\/blog\\\/das-legendaere-hurricane-festival-2025-endlich-wieder-am-start\\\/\"},\"author\":{\"name\":\"\",\"@id\":\"\"},\"headline\":\"Das legend\u00e4re Hurricane Festival &#8211; 2025 endlich wieder am Start!\",\"datePublished\":\"2022-06-17T17:34:00+00:00\",\"dateModified\":\"2025-05-01T06:27:02+00:00\",\"mainEntityOfPage\":{\"@id\":\"https:\\\/\\\/www.belvilla.de\\\/blog\\\/das-legendaere-hurricane-festival-2025-endlich-wieder-am-start\\\/\"},\"wordCount\":847,\"commentCount\":0,\"image\":{\"@id\":\"https:\\\/\\\/www.belvilla.de\\\/blog\\\/das-legendaere-hurricane-festival-2025-endlich-wieder-am-start\\\/#primaryimage\"},\"thumbnailUrl\":\"https:\\\/\\\/www.belvilla.de\\\/blog\\\/wp-content\\\/uploads\\\/sites\\\/4\\\/2022\\\/06\\\/shutterstock_184911035.jpg\",\"articleSection\":[\"Event\\\/Seasonal\"],\"inLanguage\":\"de\",\"potentialAction\":[{\"@type\":\"CommentAction\",\"name\":\"Comment\",\"target\":[\"https:\\\/\\\/www.belvilla.de\\\/blog\\\/das-legendaere-hurricane-festival-2025-endlich-wieder-am-start\\\/#respond\"]}]},{\"@type\":\"WebPage\",\"@id\":\"https:\\\/\\\/www.belvilla.de\\\/blog\\\/das-legendaere-hurricane-festival-2025-endlich-wieder-am-start\\\/\",\"url\":\"https:\\\/\\\/www.belvilla.de\\\/blog\\\/das-legendaere-hurricane-festival-2025-endlich-wieder-am-start\\\/\",\"name\":\"Das legend\u00e4re Hurricane Festival - 2025\",\"isPartOf\":{\"@id\":\"https:\\\/\\\/www.belvilla.de\\\/blog\\\/#website\"},\"primaryImageOfPage\":{\"@id\":\"https:\\\/\\\/www.belvilla.de\\\/blog\\\/das-legendaere-hurricane-festival-2025-endlich-wieder-am-start\\\/#primaryimage\"},\"image\":{\"@id\":\"https:\\\/\\\/www.belvilla.de\\\/blog\\\/das-legendaere-hurricane-festival-2025-endlich-wieder-am-start\\\/#primaryimage\"},\"thumbnailUrl\":\"https:\\\/\\\/www.belvilla.de\\\/blog\\\/wp-content\\\/uploads\\\/sites\\\/4\\\/2022\\\/06\\\/shutterstock_184911035.jpg\",\"datePublished\":\"2022-06-17T17:34:00+00:00\",\"dateModified\":\"2025-05-01T06:27:02+00:00\",\"author\":{\"@id\":\"\"},\"breadcrumb\":{\"@id\":\"https:\\\/\\\/www.belvilla.de\\\/blog\\\/das-legendaere-hurricane-festival-2025-endlich-wieder-am-start\\\/#breadcrumb\"},\"inLanguage\":\"de\",\"potentialAction\":[{\"@type\":\"ReadAction\",\"target\":[\"https:\\\/\\\/www.belvilla.de\\\/blog\\\/das-legendaere-hurricane-festival-2025-endlich-wieder-am-start\\\/\"]}]},{\"@type\":\"ImageObject\",\"inLanguage\":\"de\",\"@id\":\"https:\\\/\\\/www.belvilla.de\\\/blog\\\/das-legendaere-hurricane-festival-2025-endlich-wieder-am-start\\\/#primaryimage\",\"url\":\"https:\\\/\\\/www.belvilla.de\\\/blog\\\/wp-content\\\/uploads\\\/sites\\\/4\\\/2022\\\/06\\\/shutterstock_184911035.jpg\",\"contentUrl\":\"https:\\\/\\\/www.belvilla.de\\\/blog\\\/wp-content\\\/uploads\\\/sites\\\/4\\\/2022\\\/06\\\/shutterstock_184911035.jpg\",\"width\":1024,\"height\":683,\"caption\":\"Happy crowd in an outdoor festival\"},{\"@type\":\"BreadcrumbList\",\"@id\":\"https:\\\/\\\/www.belvilla.de\\\/blog\\\/das-legendaere-hurricane-festival-2025-endlich-wieder-am-start\\\/#breadcrumb\",\"itemListElement\":[{\"@type\":\"ListItem\",\"position\":1,\"name\":\"Home\",\"item\":\"https:\\\/\\\/www.belvilla.de\\\/blog\\\/\"},{\"@type\":\"ListItem\",\"position\":2,\"name\":\"Das legend\u00e4re Hurricane Festival &#8211; 2025 endlich wieder am Start!\"}]},{\"@type\":\"WebSite\",\"@id\":\"https:\\\/\\\/www.belvilla.de\\\/blog\\\/#website\",\"url\":\"https:\\\/\\\/www.belvilla.de\\\/blog\\\/\",\"name\":\"Belvilla Blog DE\",\"description\":\"\",\"potentialAction\":[{\"@type\":\"SearchAction\",\"target\":{\"@type\":\"EntryPoint\",\"urlTemplate\":\"https:\\\/\\\/www.belvilla.de\\\/blog\\\/?s={search_term_string}\"},\"query-input\":{\"@type\":\"PropertyValueSpecification\",\"valueRequired\":true,\"valueName\":\"search_term_string\"}}],\"inLanguage\":\"de\"},{\"@type\":\"Person\",\"@id\":\"\"}]}<\/script>\n<!-- \/ Yoast SEO plugin. -->","yoast_head_json":{"title":"Das legend\u00e4re Hurricane Festival - 2025","robots":{"index":"index","follow":"follow","max-snippet":"max-snippet:-1","max-image-preview":"max-image-preview:large","max-video-preview":"max-video-preview:-1"},"canonical":"https:\/\/www.belvilla.de\/blog\/das-legendaere-hurricane-festival-2025-endlich-wieder-am-start\/","og_locale":"de_DE","og_type":"article","og_title":"Das legend\u00e4re Hurricane Festival - 2025","og_description":"Das Hurricane Festival ist 2022 endlich wieder f\u00fcr euch da. Wir haben hier zusammengefasst, was Dich erwartet und woran Du unbedingt denken musst.","og_url":"https:\/\/www.belvilla.de\/blog\/das-legendaere-hurricane-festival-2025-endlich-wieder-am-start\/","og_site_name":"Belvilla Blog DE","article_published_time":"2022-06-17T17:34:00+00:00","article_modified_time":"2025-05-01T06:27:02+00:00","og_image":[{"width":1024,"height":683,"url":"https:\/\/www.belvilla.de\/blog\/wp-content\/uploads\/sites\/4\/2022\/06\/shutterstock_184911035.jpg","type":"image\/jpeg"}],"twitter_card":"summary_large_image","twitter_misc":{"Verfasst von":"","Gesch\u00e4tzte Lesezeit":"6\u00a0Minuten"},"schema":{"@context":"https:\/\/schema.org","@graph":[{"@type":"Article","@id":"https:\/\/www.belvilla.de\/blog\/das-legendaere-hurricane-festival-2025-endlich-wieder-am-start\/#article","isPartOf":{"@id":"https:\/\/www.belvilla.de\/blog\/das-legendaere-hurricane-festival-2025-endlich-wieder-am-start\/"},"author":{"name":"","@id":""},"headline":"Das legend\u00e4re Hurricane Festival &#8211; 2025 endlich wieder am Start!","datePublished":"2022-06-17T17:34:00+00:00","dateModified":"2025-05-01T06:27:02+00:00","mainEntityOfPage":{"@id":"https:\/\/www.belvilla.de\/blog\/das-legendaere-hurricane-festival-2025-endlich-wieder-am-start\/"},"wordCount":847,"commentCount":0,"image":{"@id":"https:\/\/www.belvilla.de\/blog\/das-legendaere-hurricane-festival-2025-endlich-wieder-am-start\/#primaryimage"},"thumbnailUrl":"https:\/\/www.belvilla.de\/blog\/wp-content\/uploads\/sites\/4\/2022\/06\/shutterstock_184911035.jpg","articleSection":["Event\/Seasonal"],"inLanguage":"de","potentialAction":[{"@type":"CommentAction","name":"Comment","target":["https:\/\/www.belvilla.de\/blog\/das-legendaere-hurricane-festival-2025-endlich-wieder-am-start\/#respond"]}]},{"@type":"WebPage","@id":"https:\/\/www.belvilla.de\/blog\/das-legendaere-hurricane-festival-2025-endlich-wieder-am-start\/","url":"https:\/\/www.belvilla.de\/blog\/das-legendaere-hurricane-festival-2025-endlich-wieder-am-start\/","name":"Das legend\u00e4re Hurricane Festival - 2025","isPartOf":{"@id":"https:\/\/www.belvilla.de\/blog\/#website"},"primaryImageOfPage":{"@id":"https:\/\/www.belvilla.de\/blog\/das-legendaere-hurricane-festival-2025-endlich-wieder-am-start\/#primaryimage"},"image":{"@id":"https:\/\/www.belvilla.de\/blog\/das-legendaere-hurricane-festival-2025-endlich-wieder-am-start\/#primaryimage"},"thumbnailUrl":"https:\/\/www.belvilla.de\/blog\/wp-content\/uploads\/sites\/4\/2022\/06\/shutterstock_184911035.jpg","datePublished":"2022-06-17T17:34:00+00:00","dateModified":"2025-05-01T06:27:02+00:00","author":{"@id":""},"breadcrumb":{"@id":"https:\/\/www.belvilla.de\/blog\/das-legendaere-hurricane-festival-2025-endlich-wieder-am-start\/#breadcrumb"},"inLanguage":"de","potentialAction":[{"@type":"ReadAction","target":["https:\/\/www.belvilla.de\/blog\/das-legendaere-hurricane-festival-2025-endlich-wieder-am-start\/"]}]},{"@type":"ImageObject","inLanguage":"de","@id":"https:\/\/www.belvilla.de\/blog\/das-legendaere-hurricane-festival-2025-endlich-wieder-am-start\/#primaryimage","url":"https:\/\/www.belvilla.de\/blog\/wp-content\/uploads\/sites\/4\/2022\/06\/shutterstock_184911035.jpg","contentUrl":"https:\/\/www.belvilla.de\/blog\/wp-content\/uploads\/sites\/4\/2022\/06\/shutterstock_184911035.jpg","width":1024,"height":683,"caption":"Happy crowd in an outdoor festival"},{"@type":"BreadcrumbList","@id":"https:\/\/www.belvilla.de\/blog\/das-legendaere-hurricane-festival-2025-endlich-wieder-am-start\/#breadcrumb","itemListElement":[{"@type":"ListItem","position":1,"name":"Home","item":"https:\/\/www.belvilla.de\/blog\/"},{"@type":"ListItem","position":2,"name":"Das legend\u00e4re Hurricane Festival &#8211; 2025 endlich wieder am Start!"}]},{"@type":"WebSite","@id":"https:\/\/www.belvilla.de\/blog\/#website","url":"https:\/\/www.belvilla.de\/blog\/","name":"Belvilla Blog DE","description":"","potentialAction":[{"@type":"SearchAction","target":{"@type":"EntryPoint","urlTemplate":"https:\/\/www.belvilla.de\/blog\/?s={search_term_string}"},"query-input":{"@type":"PropertyValueSpecification","valueRequired":true,"valueName":"search_term_string"}}],"inLanguage":"de"},{"@type":"Person","@id":""}]}},"_links":{"self":[{"href":"https:\/\/www.belvilla.de\/blog\/wp-json\/wp\/v2\/posts\/329","targetHints":{"allow":["GET"]}}],"collection":[{"href":"https:\/\/www.belvilla.de\/blog\/wp-json\/wp\/v2\/posts"}],"about":[{"href":"https:\/\/www.belvilla.de\/blog\/wp-json\/wp\/v2\/types\/post"}],"author":[{"embeddable":true,"href":"https:\/\/www.belvilla.de\/blog\/wp-json\/wp\/v2\/users\/6"}],"replies":[{"embeddable":true,"href":"https:\/\/www.belvilla.de\/blog\/wp-json\/wp\/v2\/comments?post=329"}],"version-history":[{"count":7,"href":"https:\/\/www.belvilla.de\/blog\/wp-json\/wp\/v2\/posts\/329\/revisions"}],"predecessor-version":[{"id":3675,"href":"https:\/\/www.belvilla.de\/blog\/wp-json\/wp\/v2\/posts\/329\/revisions\/3675"}],"wp:featuredmedia":[{"embeddable":true,"href":"https:\/\/www.belvilla.de\/blog\/wp-json\/wp\/v2\/media\/393"}],"wp:attachment":[{"href":"https:\/\/www.belvilla.de\/blog\/wp-json\/wp\/v2\/media?parent=329"}],"wp:term":[{"taxonomy":"category","embeddable":true,"href":"https:\/\/www.belvilla.de\/blog\/wp-json\/wp\/v2\/categories?post=329"},{"taxonomy":"post_tag","embeddable":true,"href":"https:\/\/www.belvilla.de\/blog\/wp-json\/wp\/v2\/tags?post=329"},{"taxonomy":"location","embeddable":true,"href":"https:\/\/www.belvilla.de\/blog\/wp-json\/wp\/v2\/location?post=329"}],"curies":[{"name":"wp","href":"https:\/\/api.w.org\/{rel}","templated":true}]}}