{"id":279,"date":"2022-05-26T17:29:00","date_gmt":"2022-05-26T17:29:00","guid":{"rendered":"https:\/\/www.belvilla.de\/blog\/?p=279"},"modified":"2023-08-28T21:08:57","modified_gmt":"2023-08-28T21:08:57","slug":"trekkingurlaub-italienischen-dolomiten","status":"publish","type":"post","link":"https:\/\/www.belvilla.de\/blog\/trekkingurlaub-italienischen-dolomiten\/","title":{"rendered":"Wanderurlaub in den italienischen Dolomiten"},"content":{"rendered":"\n<p>Die hoch aufragenden Gipfel der italienischen Dolomiten, die eine Erweiterung der Alpen sind, laden f\u00f6rmlich zum Trekking ein. Die Regionen an den Ausl\u00e4ufern der Dolomiten, wie <a href=\"https:\/\/www.belvilla.de\/ferienhaus-trentino-suedtirol-italien\/\">Trentino-S\u00fcdtirol<\/a> in <a href=\"https:\/\/www.belvilla.de\/ferienhaus-norditalien\/\">Norditalien<\/a>, sind nicht nur gro\u00dfartige Wintersportregionen, sondern auch Gebiete von au\u00dfergew\u00f6hnlicher nat\u00fcrlicher Sch\u00f6nheit. Hier kann man sowohl das Beste der deutsch-italienischen Kultur als auch das atemberaubende Panorama genie\u00dfen, das einen umgibt.<\/p>\n\n\n\n<h2 class=\"wp-block-heading\">Wanderrouten von Santa Cristina aus<\/h2>\n\n\n\n<figure class=\"wp-block-image size-full\"><img loading=\"lazy\" decoding=\"async\" width=\"1024\" height=\"683\" src=\"https:\/\/www.belvilla.de\/blog\/wp-content\/uploads\/sites\/4\/2022\/05\/shutterstock_1963885135.jpg\" alt=\"Seceda-Gipfel bei Santa Cristina\" class=\"wp-image-282\" srcset=\"https:\/\/www.belvilla.de\/blog\/wp-content\/uploads\/sites\/4\/2022\/05\/shutterstock_1963885135.jpg 1024w, https:\/\/www.belvilla.de\/blog\/wp-content\/uploads\/sites\/4\/2022\/05\/shutterstock_1963885135-750x500.jpg 750w, https:\/\/www.belvilla.de\/blog\/wp-content\/uploads\/sites\/4\/2022\/05\/shutterstock_1963885135-300x200.jpg 300w\" sizes=\"auto, (max-width: 1024px) 100vw, 1024px\" \/><figcaption class=\"wp-element-caption\">Seceda-Gipfel bei Santa Cristina<\/figcaption><\/figure>\n\n\n\n<p>Ob Du nun gerne in einer Wand herum kletterst oder eine Wanderung machen willst, in dieser Provinz gibt es reichlich Gelegenheit, beide dieser Aktivit\u00e4ten zu unternehmen. Nimm zum Beispiel das sch\u00f6ne Dorf Santa Cristina, das 1.428 m \u00fcber dem Meeresspiegel liegt. F\u00fcr Wanderfans gibt es unz\u00e4hlige Routen, die vom Dorf aus direkt in die herrliche Dolomitenlandschaft f\u00fchren, welche im Sommer von bunten, bl\u00fchenden Wiesen, romantischen W\u00e4ldern und stillen Bergseen gepr\u00e4gt ist.<\/p>\n\n\n\n<p>In Deiner <a href=\"https:\/\/www.belvilla.de\/blog\/10-gruende-belvilla-zu-waehlen\/\">Belvilla<\/a> Ferienunterkunft in Trentino-S\u00fcdtirol bist Du genau dort, wo Du sein willst&#8230; inmitten eines Wanderparadies.<\/p>\n\n\n\n<h2 class=\"wp-block-heading\">Die Naturparks der italienischen Dolomiten<\/h2>\n\n\n\n<figure class=\"wp-block-image size-full\"><img loading=\"lazy\" decoding=\"async\" width=\"1024\" height=\"683\" src=\"https:\/\/www.belvilla.de\/blog\/wp-content\/uploads\/sites\/4\/2022\/05\/shutterstock_1514249141.jpg\" alt=\"Alt-Alpenlandschaft, Norditalien, Provinz Belluno \" class=\"wp-image-283\" srcset=\"https:\/\/www.belvilla.de\/blog\/wp-content\/uploads\/sites\/4\/2022\/05\/shutterstock_1514249141.jpg 1024w, https:\/\/www.belvilla.de\/blog\/wp-content\/uploads\/sites\/4\/2022\/05\/shutterstock_1514249141-750x500.jpg 750w, https:\/\/www.belvilla.de\/blog\/wp-content\/uploads\/sites\/4\/2022\/05\/shutterstock_1514249141-300x200.jpg 300w\" sizes=\"auto, (max-width: 1024px) 100vw, 1024px\" \/><figcaption class=\"wp-element-caption\">Alt-Alpenlandschaft, Norditalien, Provinz Belluno <\/figcaption><\/figure>\n\n\n\n<p>In den italienischen Dolomiten gibt es mehrere Nationalparks, die Mutter Natur in ihrer ganzen Pracht und Herrlichkeit zeigen. Sie sind die perfekte Kulisse f\u00fcr hochwertige Wanderungen, bei denen man Sehensw\u00fcrdigkeiten wie die weltber\u00fchmten Drei Zinnen, die Geislergruppe und den wundersch\u00f6nen Pragser Wildsee entdecken kann.<\/p>\n\n\n\n<h3 class=\"wp-block-heading\">Wandern im Naturpark Drei Zinnen<\/h3>\n\n\n\n<figure class=\"wp-block-image size-full\"><img loading=\"lazy\" decoding=\"async\" width=\"1024\" height=\"683\" src=\"https:\/\/www.belvilla.de\/blog\/wp-content\/uploads\/sites\/4\/2022\/05\/shutterstock_1489115126.jpg\" alt=\"Freunde beim Wandern im Naturpark\" class=\"wp-image-284\" srcset=\"https:\/\/www.belvilla.de\/blog\/wp-content\/uploads\/sites\/4\/2022\/05\/shutterstock_1489115126.jpg 1024w, https:\/\/www.belvilla.de\/blog\/wp-content\/uploads\/sites\/4\/2022\/05\/shutterstock_1489115126-750x500.jpg 750w, https:\/\/www.belvilla.de\/blog\/wp-content\/uploads\/sites\/4\/2022\/05\/shutterstock_1489115126-300x200.jpg 300w\" sizes=\"auto, (max-width: 1024px) 100vw, 1024px\" \/><figcaption class=\"wp-element-caption\">Freunde beim Wandern im Naturpark<\/figcaption><\/figure>\n\n\n\n<p>Der Naturpark Drei Zinnen ist ein UNESCO-Weltnaturerbe mit einer Fl\u00e4che von \u00fcber 11.000 Hektar und einer atemberaubenden Landschaft. Er umfasst die Gemeinden Toblach, Innichen und Sexten und ist von Deiner gemieteten Belvilla-Bergh\u00fctte aus leicht zu erreichen.<\/p>\n\n\n\n<p>Bevor es in Naturpark Drei Zinnen umbenannt wurde, war dieses wundersch\u00f6ne Gebiet unter dem Namen Sextner Dolomiten bekannt und w\u00e4hrend des Ersten Weltkriegs Schauplatz vieler erbitterter Bergschlachten zwischen der \u00f6sterreichischen und der italienischen Armee. Wenn Du dort heute eine Wanderung unternimmst, wirst Du mit gro\u00dfer Wahrscheinlichkeit noch immer auf Einschussl\u00f6cher in den Bergh\u00e4ngen, verrostete Granaten und verstreute Schrapnellsplitter sto\u00dfen.<\/p>\n\n\n\n<p>W\u00e4hrend Du die herrliche Tier- und Pflanzenwelt und die spektakul\u00e4re Landschaft der Region bewundern kannst, werden zum Gl\u00fcck jegliche Gedanken an einen Krieg in die Vergangenheit verbannt.<\/p>\n\n\n\n<h3 class=\"wp-block-heading\">Gef\u00fchrte Wanderungen im Naturpark Puez-Geisler<\/h3>\n\n\n\n<figure class=\"wp-block-image size-full\"><img loading=\"lazy\" decoding=\"async\" width=\"1024\" height=\"683\" src=\"https:\/\/www.belvilla.de\/blog\/wp-content\/uploads\/sites\/4\/2022\/05\/shutterstock_1809540214.jpg\" alt=\"Sonnenuntergang im Naturpark Geisler-Puez im Herzen der Dolomiten in Italien mit den ersten Herbstfarben\" class=\"wp-image-285\" srcset=\"https:\/\/www.belvilla.de\/blog\/wp-content\/uploads\/sites\/4\/2022\/05\/shutterstock_1809540214.jpg 1024w, https:\/\/www.belvilla.de\/blog\/wp-content\/uploads\/sites\/4\/2022\/05\/shutterstock_1809540214-750x500.jpg 750w, https:\/\/www.belvilla.de\/blog\/wp-content\/uploads\/sites\/4\/2022\/05\/shutterstock_1809540214-300x200.jpg 300w\" sizes=\"auto, (max-width: 1024px) 100vw, 1024px\" \/><figcaption class=\"wp-element-caption\">Sonnenuntergang im Naturpark Geisler-Puez im Herzen der Dolomiten in Italien mit den ersten Herbstfarben<\/figcaption><\/figure>\n\n\n\n<p>Der Naturpark Puez-Geisler, auf Italienisch Parco Naturale Puez Odle,  ist die Heimat der ber\u00fchmten Geislergruppe. Die Geislergruppe, oder Gruppo delle Odle, wie sie in Italien genannt wird, ist eine aus 19 nadelf\u00f6rmigen Gipfeln bestehende Bergkette in den italienischen Dolomiten, die das Gebiet zwischen der Gemeinde Villn\u00f6ss und Gr\u00f6den umfasst.<\/p>\n\n\n\n<p>Von Deinem Belvilla-Berghaus aus kannst Du und deine Familie einen der \u00fcber 115 wundersch\u00f6nen Rad-, Lauf- und Wanderwege erkunden. Neben gef\u00fchrten Wanderungen f\u00fcr alle Alters- und Leistungsstufen bietet der Naturlehrpfad Zannes in S\u00fcdtirol erstmals auch einen rollstuhlgerechten Zugang.<\/p>\n\n\n\n<h3 class=\"wp-block-heading\">Wanderurlaub rund um den Pragser Wildsee<\/h3>\n\n\n\n<figure class=\"wp-block-image size-full\"><img loading=\"lazy\" decoding=\"async\" width=\"1024\" height=\"683\" src=\"https:\/\/www.belvilla.de\/blog\/wp-content\/uploads\/sites\/4\/2022\/05\/shutterstock_1458935372.jpg\" alt=\"Pragser Wildsee, S\u00fcdtirol\" class=\"wp-image-286\" srcset=\"https:\/\/www.belvilla.de\/blog\/wp-content\/uploads\/sites\/4\/2022\/05\/shutterstock_1458935372.jpg 1024w, https:\/\/www.belvilla.de\/blog\/wp-content\/uploads\/sites\/4\/2022\/05\/shutterstock_1458935372-750x500.jpg 750w, https:\/\/www.belvilla.de\/blog\/wp-content\/uploads\/sites\/4\/2022\/05\/shutterstock_1458935372-300x200.jpg 300w\" sizes=\"auto, (max-width: 1024px) 100vw, 1024px\" \/><figcaption class=\"wp-element-caption\">Pragser Wildsee, S\u00fcdtirol<\/figcaption><\/figure>\n\n\n\n<p>Wenn Du einen Wanderurlaub in den italienischen Dolomiten planst, solltest Du unbedingt die Wanderung um den Pragser Wildsee mit einplanen. Der See selbst liegt an einem der weltweit sch\u00f6nsten Binnengew\u00e4sser, und Du kannst eine relativ einfache Wanderung von 3,5 km L\u00e4nge unternehmen, welche zwischen 1-2 Std. dauert, je nachdem wie oft Du rasten willst, um die atemberaubende Aussicht zu genie\u00dfen.<\/p>\n\n\n\n<p>Das kristallklare blaue Wasser, von majest\u00e4tischen Berggipfeln umgeben, l\u00e4dt Kanufahrer sowie in der Sommerhitze auch Schwimmer zum Verweilen ein. Vergi\u00df aber nicht, dass es sich um einen Gebirgssee handelt und das Wasser daher immer kalt ist. Wir garantieren, dass es ein kurzes Bad sein wird.<\/p>\n\n\n\n<p>Eine Wanderung um den Pragser Wildsee ist eine tolle Familientour. Auch Trekking-Neulinge werden sie lieben. Auf halber Strecke geht es f\u00fcr einige Zeit sogar \u00fcber offenes Land mit grasenden K\u00fchen. Wanderer sind herzlich willkommen. Den Kindern wird es sicherlich ebenfalls gefallen, und wenn Du gegen Abend zu deinem Belvilla Ferienhaus zur\u00fcckkehrst, werden sich alle an einen ereignisreichen Tag erinnern.<\/p>\n\n\n\n<p>Der Pragser Wildsee, eingebettet in den Naturpark Fanes-Senes-Prags, geh\u00f6rt zum Weltnaturerbe der Dolomiten. Im Hochsommer wird es dort ziemlich voll, also denk bitte daran, Deinen Beitrag zum Schutz der nat\u00fcrlichen Sch\u00f6nheit des Gebiets zu leisten, indem Du deinen Abfall stets vorschriftsm\u00e4\u00dfig entsorgst und wieder mitnimmst.<\/p>\n\n\n\n<p>Wanderurlaub, die italienischen Dolomiten und die wundersch\u00f6nen Seen Norditaliens sind allesamt wie f\u00fcreinander geschaffen. Deshalb bietet Belvilla Dir \u00fcber 100 Ferienunterk\u00fcnfte zum Mieten an. Ob Stadtwohnung oder Ferienhaus im Gr\u00fcnen, Bergh\u00fctte oder Landhaus, oder vielleicht auch eine traumhafte <a href=\"https:\/\/www.belvilla.de\/blog\/ferienhaus-mieten\/\">Villa<\/a> am Comer See, am Strand des Gardasee oder an den H\u00e4ngen hoch \u00fcber dem Lago Maggiore &#8211; hier ist f\u00fcr jeden etwas dabei.<\/p>\n","protected":false},"excerpt":{"rendered":"<p>Wenn Du einen Wanderurlaub planst, sollten auch die Dolomiten in Italien in Betracht gezogen werden. Es ist eine der weltweit sch\u00f6nsten Landschaften und bietet wunderbare Trekking-M\u00f6glichkeiten. Ein Ferienhaus, das Du hier bei Belvilla buchen kannst, ist der perfekte Ausgangspunkt daf\u00fcr. Um mehr dar\u00fcber zu erfahren, bitte unbedingt weiterlesen.<\/p>\n","protected":false},"author":6,"featured_media":280,"comment_status":"open","ping_status":"open","sticky":false,"template":"","format":"standard","meta":{"footnotes":""},"categories":[3],"tags":[],"location":[],"class_list":["post-279","post","type-post","status-publish","format-standard","has-post-thumbnail","hentry","category-activities"],"acf":[],"yoast_head":"<!-- This site is optimized with the Yoast SEO plugin v27.5 - https:\/\/yoast.com\/product\/yoast-seo-wordpress\/ -->\n<title>Wanderurlaub in den italienischen Dolomiten<\/title>\n<meta name=\"description\" content=\"Auf der Suche nach einem tollen Wanderurlaub in den italienischen Dolomiten mit den besten Ferienunterk\u00fcnften? Dann solltest Du bei Belvilla buchen.\" \/>\n<meta name=\"robots\" content=\"index, follow, max-snippet:-1, max-image-preview:large, max-video-preview:-1\" \/>\n<link rel=\"canonical\" href=\"https:\/\/www.belvilla.de\/blog\/trekkingurlaub-italienischen-dolomiten\/\" \/>\n<meta property=\"og:locale\" content=\"de_DE\" \/>\n<meta property=\"og:type\" content=\"article\" \/>\n<meta property=\"og:title\" content=\"Wanderurlaub in den italienischen Dolomiten\" \/>\n<meta property=\"og:description\" content=\"Auf der Suche nach einem tollen Wanderurlaub in den italienischen Dolomiten mit den besten Ferienunterk\u00fcnften? Dann solltest Du bei Belvilla buchen.\" \/>\n<meta property=\"og:url\" content=\"https:\/\/www.belvilla.de\/blog\/trekkingurlaub-italienischen-dolomiten\/\" \/>\n<meta property=\"og:site_name\" content=\"Belvilla Blog DE\" \/>\n<meta property=\"article:published_time\" content=\"2022-05-26T17:29:00+00:00\" \/>\n<meta property=\"article:modified_time\" content=\"2023-08-28T21:08:57+00:00\" \/>\n<meta property=\"og:image\" content=\"https:\/\/www.belvilla.de\/blog\/wp-content\/uploads\/sites\/4\/2022\/05\/shutterstock_299905727.jpg\" \/>\n\t<meta property=\"og:image:width\" content=\"1024\" \/>\n\t<meta property=\"og:image:height\" content=\"683\" \/>\n\t<meta property=\"og:image:type\" content=\"image\/jpeg\" \/>\n<meta name=\"twitter:card\" content=\"summary_large_image\" \/>\n<meta name=\"twitter:label1\" content=\"Verfasst von\" \/>\n\t<meta name=\"twitter:data1\" content=\"\" \/>\n\t<meta name=\"twitter:label2\" content=\"Gesch\u00e4tzte Lesezeit\" \/>\n\t<meta name=\"twitter:data2\" content=\"6\u00a0Minuten\" \/>\n<script type=\"application\/ld+json\" class=\"yoast-schema-graph\">{\"@context\":\"https:\\\/\\\/schema.org\",\"@graph\":[{\"@type\":\"Article\",\"@id\":\"https:\\\/\\\/www.belvilla.de\\\/blog\\\/trekkingurlaub-italienischen-dolomiten\\\/#article\",\"isPartOf\":{\"@id\":\"https:\\\/\\\/www.belvilla.de\\\/blog\\\/trekkingurlaub-italienischen-dolomiten\\\/\"},\"author\":{\"name\":\"\",\"@id\":\"\"},\"headline\":\"Wanderurlaub in den italienischen Dolomiten\",\"datePublished\":\"2022-05-26T17:29:00+00:00\",\"dateModified\":\"2023-08-28T21:08:57+00:00\",\"mainEntityOfPage\":{\"@id\":\"https:\\\/\\\/www.belvilla.de\\\/blog\\\/trekkingurlaub-italienischen-dolomiten\\\/\"},\"wordCount\":789,\"commentCount\":0,\"image\":{\"@id\":\"https:\\\/\\\/www.belvilla.de\\\/blog\\\/trekkingurlaub-italienischen-dolomiten\\\/#primaryimage\"},\"thumbnailUrl\":\"https:\\\/\\\/www.belvilla.de\\\/blog\\\/wp-content\\\/uploads\\\/sites\\\/4\\\/2022\\\/05\\\/shutterstock_299905727.jpg\",\"articleSection\":[\"Activities\"],\"inLanguage\":\"de\",\"potentialAction\":[{\"@type\":\"CommentAction\",\"name\":\"Comment\",\"target\":[\"https:\\\/\\\/www.belvilla.de\\\/blog\\\/trekkingurlaub-italienischen-dolomiten\\\/#respond\"]}]},{\"@type\":\"WebPage\",\"@id\":\"https:\\\/\\\/www.belvilla.de\\\/blog\\\/trekkingurlaub-italienischen-dolomiten\\\/\",\"url\":\"https:\\\/\\\/www.belvilla.de\\\/blog\\\/trekkingurlaub-italienischen-dolomiten\\\/\",\"name\":\"Wanderurlaub in den italienischen Dolomiten\",\"isPartOf\":{\"@id\":\"https:\\\/\\\/www.belvilla.de\\\/blog\\\/#website\"},\"primaryImageOfPage\":{\"@id\":\"https:\\\/\\\/www.belvilla.de\\\/blog\\\/trekkingurlaub-italienischen-dolomiten\\\/#primaryimage\"},\"image\":{\"@id\":\"https:\\\/\\\/www.belvilla.de\\\/blog\\\/trekkingurlaub-italienischen-dolomiten\\\/#primaryimage\"},\"thumbnailUrl\":\"https:\\\/\\\/www.belvilla.de\\\/blog\\\/wp-content\\\/uploads\\\/sites\\\/4\\\/2022\\\/05\\\/shutterstock_299905727.jpg\",\"datePublished\":\"2022-05-26T17:29:00+00:00\",\"dateModified\":\"2023-08-28T21:08:57+00:00\",\"author\":{\"@id\":\"\"},\"description\":\"Auf der Suche nach einem tollen Wanderurlaub in den italienischen Dolomiten mit den besten Ferienunterk\u00fcnften? Dann solltest Du bei Belvilla buchen.\",\"breadcrumb\":{\"@id\":\"https:\\\/\\\/www.belvilla.de\\\/blog\\\/trekkingurlaub-italienischen-dolomiten\\\/#breadcrumb\"},\"inLanguage\":\"de\",\"potentialAction\":[{\"@type\":\"ReadAction\",\"target\":[\"https:\\\/\\\/www.belvilla.de\\\/blog\\\/trekkingurlaub-italienischen-dolomiten\\\/\"]}]},{\"@type\":\"ImageObject\",\"inLanguage\":\"de\",\"@id\":\"https:\\\/\\\/www.belvilla.de\\\/blog\\\/trekkingurlaub-italienischen-dolomiten\\\/#primaryimage\",\"url\":\"https:\\\/\\\/www.belvilla.de\\\/blog\\\/wp-content\\\/uploads\\\/sites\\\/4\\\/2022\\\/05\\\/shutterstock_299905727.jpg\",\"contentUrl\":\"https:\\\/\\\/www.belvilla.de\\\/blog\\\/wp-content\\\/uploads\\\/sites\\\/4\\\/2022\\\/05\\\/shutterstock_299905727.jpg\",\"width\":1024,\"height\":683,\"caption\":\"Passo Giau-Dolomiten-Italien\"},{\"@type\":\"BreadcrumbList\",\"@id\":\"https:\\\/\\\/www.belvilla.de\\\/blog\\\/trekkingurlaub-italienischen-dolomiten\\\/#breadcrumb\",\"itemListElement\":[{\"@type\":\"ListItem\",\"position\":1,\"name\":\"Home\",\"item\":\"https:\\\/\\\/www.belvilla.de\\\/blog\\\/\"},{\"@type\":\"ListItem\",\"position\":2,\"name\":\"Wanderurlaub in den italienischen Dolomiten\"}]},{\"@type\":\"WebSite\",\"@id\":\"https:\\\/\\\/www.belvilla.de\\\/blog\\\/#website\",\"url\":\"https:\\\/\\\/www.belvilla.de\\\/blog\\\/\",\"name\":\"Belvilla Blog DE\",\"description\":\"\",\"potentialAction\":[{\"@type\":\"SearchAction\",\"target\":{\"@type\":\"EntryPoint\",\"urlTemplate\":\"https:\\\/\\\/www.belvilla.de\\\/blog\\\/?s={search_term_string}\"},\"query-input\":{\"@type\":\"PropertyValueSpecification\",\"valueRequired\":true,\"valueName\":\"search_term_string\"}}],\"inLanguage\":\"de\"},{\"@type\":\"Person\",\"@id\":\"\"}]}<\/script>\n<!-- \/ Yoast SEO plugin. -->","yoast_head_json":{"title":"Wanderurlaub in den italienischen Dolomiten","description":"Auf der Suche nach einem tollen Wanderurlaub in den italienischen Dolomiten mit den besten Ferienunterk\u00fcnften? Dann solltest Du bei Belvilla buchen.","robots":{"index":"index","follow":"follow","max-snippet":"max-snippet:-1","max-image-preview":"max-image-preview:large","max-video-preview":"max-video-preview:-1"},"canonical":"https:\/\/www.belvilla.de\/blog\/trekkingurlaub-italienischen-dolomiten\/","og_locale":"de_DE","og_type":"article","og_title":"Wanderurlaub in den italienischen Dolomiten","og_description":"Auf der Suche nach einem tollen Wanderurlaub in den italienischen Dolomiten mit den besten Ferienunterk\u00fcnften? Dann solltest Du bei Belvilla buchen.","og_url":"https:\/\/www.belvilla.de\/blog\/trekkingurlaub-italienischen-dolomiten\/","og_site_name":"Belvilla Blog DE","article_published_time":"2022-05-26T17:29:00+00:00","article_modified_time":"2023-08-28T21:08:57+00:00","og_image":[{"width":1024,"height":683,"url":"https:\/\/www.belvilla.de\/blog\/wp-content\/uploads\/sites\/4\/2022\/05\/shutterstock_299905727.jpg","type":"image\/jpeg"}],"twitter_card":"summary_large_image","twitter_misc":{"Verfasst von":"","Gesch\u00e4tzte Lesezeit":"6\u00a0Minuten"},"schema":{"@context":"https:\/\/schema.org","@graph":[{"@type":"Article","@id":"https:\/\/www.belvilla.de\/blog\/trekkingurlaub-italienischen-dolomiten\/#article","isPartOf":{"@id":"https:\/\/www.belvilla.de\/blog\/trekkingurlaub-italienischen-dolomiten\/"},"author":{"name":"","@id":""},"headline":"Wanderurlaub in den italienischen Dolomiten","datePublished":"2022-05-26T17:29:00+00:00","dateModified":"2023-08-28T21:08:57+00:00","mainEntityOfPage":{"@id":"https:\/\/www.belvilla.de\/blog\/trekkingurlaub-italienischen-dolomiten\/"},"wordCount":789,"commentCount":0,"image":{"@id":"https:\/\/www.belvilla.de\/blog\/trekkingurlaub-italienischen-dolomiten\/#primaryimage"},"thumbnailUrl":"https:\/\/www.belvilla.de\/blog\/wp-content\/uploads\/sites\/4\/2022\/05\/shutterstock_299905727.jpg","articleSection":["Activities"],"inLanguage":"de","potentialAction":[{"@type":"CommentAction","name":"Comment","target":["https:\/\/www.belvilla.de\/blog\/trekkingurlaub-italienischen-dolomiten\/#respond"]}]},{"@type":"WebPage","@id":"https:\/\/www.belvilla.de\/blog\/trekkingurlaub-italienischen-dolomiten\/","url":"https:\/\/www.belvilla.de\/blog\/trekkingurlaub-italienischen-dolomiten\/","name":"Wanderurlaub in den italienischen Dolomiten","isPartOf":{"@id":"https:\/\/www.belvilla.de\/blog\/#website"},"primaryImageOfPage":{"@id":"https:\/\/www.belvilla.de\/blog\/trekkingurlaub-italienischen-dolomiten\/#primaryimage"},"image":{"@id":"https:\/\/www.belvilla.de\/blog\/trekkingurlaub-italienischen-dolomiten\/#primaryimage"},"thumbnailUrl":"https:\/\/www.belvilla.de\/blog\/wp-content\/uploads\/sites\/4\/2022\/05\/shutterstock_299905727.jpg","datePublished":"2022-05-26T17:29:00+00:00","dateModified":"2023-08-28T21:08:57+00:00","author":{"@id":""},"description":"Auf der Suche nach einem tollen Wanderurlaub in den italienischen Dolomiten mit den besten Ferienunterk\u00fcnften? Dann solltest Du bei Belvilla buchen.","breadcrumb":{"@id":"https:\/\/www.belvilla.de\/blog\/trekkingurlaub-italienischen-dolomiten\/#breadcrumb"},"inLanguage":"de","potentialAction":[{"@type":"ReadAction","target":["https:\/\/www.belvilla.de\/blog\/trekkingurlaub-italienischen-dolomiten\/"]}]},{"@type":"ImageObject","inLanguage":"de","@id":"https:\/\/www.belvilla.de\/blog\/trekkingurlaub-italienischen-dolomiten\/#primaryimage","url":"https:\/\/www.belvilla.de\/blog\/wp-content\/uploads\/sites\/4\/2022\/05\/shutterstock_299905727.jpg","contentUrl":"https:\/\/www.belvilla.de\/blog\/wp-content\/uploads\/sites\/4\/2022\/05\/shutterstock_299905727.jpg","width":1024,"height":683,"caption":"Passo Giau-Dolomiten-Italien"},{"@type":"BreadcrumbList","@id":"https:\/\/www.belvilla.de\/blog\/trekkingurlaub-italienischen-dolomiten\/#breadcrumb","itemListElement":[{"@type":"ListItem","position":1,"name":"Home","item":"https:\/\/www.belvilla.de\/blog\/"},{"@type":"ListItem","position":2,"name":"Wanderurlaub in den italienischen Dolomiten"}]},{"@type":"WebSite","@id":"https:\/\/www.belvilla.de\/blog\/#website","url":"https:\/\/www.belvilla.de\/blog\/","name":"Belvilla Blog DE","description":"","potentialAction":[{"@type":"SearchAction","target":{"@type":"EntryPoint","urlTemplate":"https:\/\/www.belvilla.de\/blog\/?s={search_term_string}"},"query-input":{"@type":"PropertyValueSpecification","valueRequired":true,"valueName":"search_term_string"}}],"inLanguage":"de"},{"@type":"Person","@id":""}]}},"_links":{"self":[{"href":"https:\/\/www.belvilla.de\/blog\/wp-json\/wp\/v2\/posts\/279","targetHints":{"allow":["GET"]}}],"collection":[{"href":"https:\/\/www.belvilla.de\/blog\/wp-json\/wp\/v2\/posts"}],"about":[{"href":"https:\/\/www.belvilla.de\/blog\/wp-json\/wp\/v2\/types\/post"}],"author":[{"embeddable":true,"href":"https:\/\/www.belvilla.de\/blog\/wp-json\/wp\/v2\/users\/6"}],"replies":[{"embeddable":true,"href":"https:\/\/www.belvilla.de\/blog\/wp-json\/wp\/v2\/comments?post=279"}],"version-history":[{"count":8,"href":"https:\/\/www.belvilla.de\/blog\/wp-json\/wp\/v2\/posts\/279\/revisions"}],"predecessor-version":[{"id":3265,"href":"https:\/\/www.belvilla.de\/blog\/wp-json\/wp\/v2\/posts\/279\/revisions\/3265"}],"wp:featuredmedia":[{"embeddable":true,"href":"https:\/\/www.belvilla.de\/blog\/wp-json\/wp\/v2\/media\/280"}],"wp:attachment":[{"href":"https:\/\/www.belvilla.de\/blog\/wp-json\/wp\/v2\/media?parent=279"}],"wp:term":[{"taxonomy":"category","embeddable":true,"href":"https:\/\/www.belvilla.de\/blog\/wp-json\/wp\/v2\/categories?post=279"},{"taxonomy":"post_tag","embeddable":true,"href":"https:\/\/www.belvilla.de\/blog\/wp-json\/wp\/v2\/tags?post=279"},{"taxonomy":"location","embeddable":true,"href":"https:\/\/www.belvilla.de\/blog\/wp-json\/wp\/v2\/location?post=279"}],"curies":[{"name":"wp","href":"https:\/\/api.w.org\/{rel}","templated":true}]}}