{"id":2776,"date":"2023-06-25T09:28:05","date_gmt":"2023-06-25T09:28:05","guid":{"rendered":"https:\/\/www.belvilla.de\/blog\/?p=2776"},"modified":"2023-08-28T21:09:18","modified_gmt":"2023-08-28T21:09:18","slug":"allgaeu-wandern","status":"publish","type":"post","link":"https:\/\/www.belvilla.de\/blog\/allgaeu-wandern\/","title":{"rendered":"Unsere Top 5: Die sch\u00f6nsten Wanderwege im Allg\u00e4u"},"content":{"rendered":"\n<p>Das Allg\u00e4u ist ein wahres Paradies f\u00fcr Naturliebhaber und Wanderer. Mit seiner atemberaubenden Landschaft, die von sanften H\u00fcgeln bis hin zu majest\u00e4tischen Bergen reicht, bietet es eine Vielzahl von Wanderwegen, die nur darauf warten, von euch entdeckt zu werden. Jeder Weg bietet ein einzigartiges Erlebnis, von ruhigen Spazierg\u00e4ngen durch bl\u00fchende Wiesen bis hin zu anspruchsvollen Bergtouren mit beeindruckenden Ausblicken. Und was gibt es Sch\u00f6neres, als nach einem Tag voller Abenteuer in euer gem\u00fctliches <a href=\"https:\/\/www.belvilla.de\/ferienhaus-allgaeu-deutschland\/\" target=\"_blank\" rel=\"noopener noreferrer\">Ferienhaus im Allg\u00e4u<\/a> zur\u00fcckzukehren? Lasst uns die Top 5 Wanderwege im Allg\u00e4u entdecken, die ihr bei eurem n\u00e4chsten Urlaub im Allg\u00e4u nicht verpassen solltet.<\/p>\n\n\n\n<h2 class=\"wp-block-heading\">Schrecksee<\/h2>\n\n\n\n<p>Als &#8222;sch\u00f6nster Bergsee im Allg\u00e4u&#8220; ist der Schrecksee ein absolutes Muss f\u00fcr jeden Wanderer. Der Weg zum See f\u00fchrt euch durch malerische Landschaften und bietet atemberaubende Ausblicke auf die umliegenden Berge. Die beste Zeit f\u00fcr diese Wanderung ist im Sommer, wenn der See von wilden Blumen umgeben ist und das Wasser zum Schwimmen einl\u00e4dt. Nach einem erfrischenden Bad k\u00f6nnt ihr euch auf den umliegenden Wiesen sonnen und die Sch\u00f6nheit der Natur genie\u00dfen. Vergesst nicht, einen Picknickkorb mitzunehmen, um ein entspanntes Picknick am See zu genie\u00dfen.<\/p>\n\n\n\n<figure class=\"wp-block-image size-large\"><img loading=\"lazy\" decoding=\"async\" width=\"1096\" height=\"863\" src=\"https:\/\/www.belvilla.de\/blog\/wp-content\/uploads\/sites\/4\/2023\/06\/shutterstock_1764714665-1096x863.jpg\" alt=\"Wanderweg zum Schecksee im Allg\u00e4u\" class=\"wp-image-2779\" \/><\/figure>\n\n\n\n<h2 class=\"wp-block-heading\">Breitachklamm<\/h2>\n\n\n\n<p>Die Breitachklamm, die tiefste Schlucht Deutschlands, bietet eine einzigartige Wandererfahrung. Der Weg f\u00fchrt euch entlang des rauschenden Flusses und durch die beeindruckende Schlucht. Mit ihren steilen Felsw\u00e4nden und dem st\u00e4ndigen Rauschen des Wassers ist die Breitachklamm ein wahres Naturspektakel. Nehmt euch Zeit, um die Kraft der Natur zu bewundern, die frische Luft der Berge einzuatmen und die einzigartige Atmosph\u00e4re dieses Ortes zu erleben. Und vergesst nicht, eure Kamera mitzunehmen, um die beeindruckende Sch\u00f6nheit der Schlucht festzuhalten und diese besonderen Momente f\u00fcr immer zu bewahren.<\/p>\n\n\n\n<figure class=\"wp-block-image size-large\"><img loading=\"lazy\" decoding=\"async\" width=\"1096\" height=\"863\" src=\"https:\/\/www.belvilla.de\/blog\/wp-content\/uploads\/sites\/4\/2023\/06\/shutterstock_482421064-1096x863.jpg\" alt=\"Breitachklamm, tiefste Schlucht Deutschlands\" class=\"wp-image-2781\" \/><\/figure>\n\n\n\n<h2 class=\"wp-block-heading\">Fellhorn-Kanzelwand<\/h2>\n\n\n\n<p>Die Gratwanderung zwischen Fellhorn und Kanzelwand in Oberstdorf ist eine Herausforderung, die sich lohnt. Der Weg f\u00fchrt euch \u00fcber die Gipfel und bietet wundersch\u00f6ne Ausblicke auf das Allg\u00e4u und die umliegenden Alpen. Diese Wanderung ist besonders im Fr\u00fchling und Sommer zu empfehlen, wenn die Alpenblumen bl\u00fchen und die Gipfel in der Sonne gl\u00e4nzen. Nehmt euch einen Moment Zeit, um die Aussicht zu genie\u00dfen, die Ruhe der Berge zu sp\u00fcren und die Sch\u00f6nheit der Natur in vollen Z\u00fcgen zu genie\u00dfen. Und nach der Wanderung k\u00f6nnt ihr euch auf eine wohlverdiente Brotzeit in einer der vielen Bergh\u00fctten freuen, wo ihr regionale Spezialit\u00e4ten probieren und die Gastfreundschaft des Allg\u00e4us erleben k\u00f6nnt.<\/p>\n\n\n\n<figure class=\"wp-block-image size-large\"><img loading=\"lazy\" decoding=\"async\" width=\"1096\" height=\"863\" src=\"https:\/\/www.belvilla.de\/blog\/wp-content\/uploads\/sites\/4\/2023\/06\/shutterstock_2200217003-1096x863.jpg\" alt=\"Gipfelwanderung im Allg\u00e4u\" class=\"wp-image-2782\" \/><\/figure>\n\n\n\n<h2 class=\"wp-block-heading\">Buchenegger Wasserf\u00e4lle<\/h2>\n\n\n\n<p>Die Buchenegger Wasserf\u00e4lle sind ein wahres Highlight im Allg\u00e4u und sowohl f\u00fcr Familien als auch <a href=\"https:\/\/www.belvilla.de\/ferienhaus-deutschland-mit-hund\/\" target=\"_blank\" rel=\"noopener noreferrer\">f\u00fcr Hunde<\/a> geeignet. Der Wanderweg ist relativ einfach und f\u00fchrt durch wundersch\u00f6ne W\u00e4lder und vorbei an beeindruckenden Wasserf\u00e4llen. Es ist ein gro\u00dfartiger Ort f\u00fcr Kinder, um die Natur zu entdecken und f\u00fcr Hunde, um sich auszutoben. Besonders im Sommer, wenn die Temperaturen steigen, sind die Wasserf\u00e4lle ein beliebtes Ziel f\u00fcr eine erfrischende Abk\u00fchlung. Nehmt euch Zeit, um das Rauschen des Wassers zu genie\u00dfen und die Sch\u00f6nheit der Wasserf\u00e4lle zu bewundern. Und vergesst nicht, ein Picknick zu machen und die Ruhe dieses wundersch\u00f6nen Ortes zu genie\u00dfen.<\/p>\n\n\n\n<figure class=\"wp-block-image size-large\"><img loading=\"lazy\" decoding=\"async\" width=\"1096\" height=\"863\" src=\"https:\/\/www.belvilla.de\/blog\/wp-content\/uploads\/sites\/4\/2023\/06\/shutterstock_1779175250-1096x863.jpg\" alt=\"Buchenegger Wasserfall im Allg\u00e4u\" class=\"wp-image-2783\" \/><\/figure>\n\n\n\n<h2 class=\"wp-block-heading\">H\u00fcndle zur Krokusbl\u00fcte<\/h2>\n\n\n\n<p>Die Wanderung vom H\u00fcndle zur Krokusbl\u00fcte ist ein besonderes Erlebnis und besonders <a href=\"https:\/\/www.belvilla.de\/ferienhaus-familien\/\" target=\"_blank\" rel=\"noopener noreferrer\">familienfreundlich<\/a>. Der Wanderweg ist nicht zu anspruchsvoll und daher auch f\u00fcr Kinder gut geeignet. Im Fr\u00fchling, wenn die Krokusse bl\u00fchen, verwandelt sich die Landschaft in ein Meer aus lila Bl\u00fcten. Es ist ein wunderbarer Ort, um mit der ganzen Familie die Sch\u00f6nheit der Natur zu genie\u00dfen und gemeinsam unvergessliche Erinnerungen zu schaffen. Nehmt euch Zeit, um die Blumen zu bewundern und die frische Bergluft einzuatmen.<\/p>\n\n\n\n<figure class=\"wp-block-image size-large\"><img loading=\"lazy\" decoding=\"async\" width=\"1096\" height=\"863\" src=\"https:\/\/www.belvilla.de\/blog\/wp-content\/uploads\/sites\/4\/2023\/06\/shutterstock_1481389766-1096x863.jpg\" alt=\"Familienwanderung in H\u00fcndle\" class=\"wp-image-2784\" \/><\/figure>\n\n\n\n<p>Das Allg\u00e4u hat so viel zu bieten, und diese Wanderwege sind nur der Anfang. Egal, ob ihr die Stille der Natur sucht, eine Herausforderung liebt oder einfach nur die Sch\u00f6nheit der Landschaft genie\u00dfen wollt &#8211; im Allg\u00e4u findet ihr genau das, was ihr sucht. Bitte beachtet, dass auf einigen Wanderwegen Leinenpflicht f\u00fcr Hunde besteht. Es ist immer eine gute Idee, dies im Voraus zu \u00fcberpr\u00fcfen und sicherzustellen, dass ihr die Regeln des jeweiligen Wanderwegs befolgt. Also packt eure Wanderschuhe ein und entdeckt die Sch\u00f6nheit des Allg\u00e4us auf diesen Top 5 Wanderwegen, am besten von eurem Ferienhaus im Allg\u00e4u aus.<\/p>\n","protected":false},"excerpt":{"rendered":"<p>Wandert durch die atemberaubende Landschaft des Allg\u00e4us und entdeckt die Top 5 Wanderwege, die wir f\u00fcr euch ausgew\u00e4hlt haben. Von malerischen Bergseen bis hin zu tiefen Schluchten &#8211; diese Wanderwege bieten f\u00fcr jeden etwas.<\/p>\n","protected":false},"author":6,"featured_media":2778,"comment_status":"open","ping_status":"open","sticky":false,"template":"","format":"standard","meta":{"footnotes":""},"categories":[11],"tags":[],"location":[],"class_list":["post-2776","post","type-post","status-publish","format-standard","has-post-thumbnail","hentry","category-destination"],"acf":[],"yoast_head":"<!-- This site is optimized with the Yoast SEO plugin v27.5 - https:\/\/yoast.com\/product\/yoast-seo-wordpress\/ -->\n<title>TOP 5 Wanderwege im Allg\u00e4u - Ein Guide f\u00fcr Naturliebhaber | Belvilla<\/title>\n<meta name=\"description\" content=\"Erlebt die Vielfalt des Allg\u00e4us auf den sch\u00f6nsten Wanderwegen. Unsere Top 5 Auswahl bietet unvergessliche Naturerlebnisse von eurem Ferienhaus aus.\" \/>\n<meta name=\"robots\" content=\"index, follow, max-snippet:-1, max-image-preview:large, max-video-preview:-1\" \/>\n<link rel=\"canonical\" href=\"https:\/\/www.belvilla.de\/blog\/allgaeu-wandern\/\" \/>\n<meta property=\"og:locale\" content=\"de_DE\" \/>\n<meta property=\"og:type\" content=\"article\" \/>\n<meta property=\"og:title\" content=\"TOP 5 Wanderwege im Allg\u00e4u - Ein Guide f\u00fcr Naturliebhaber | Belvilla\" \/>\n<meta property=\"og:description\" content=\"Erlebt die Vielfalt des Allg\u00e4us auf den sch\u00f6nsten Wanderwegen. Unsere Top 5 Auswahl bietet unvergessliche Naturerlebnisse von eurem Ferienhaus aus.\" \/>\n<meta property=\"og:url\" content=\"https:\/\/www.belvilla.de\/blog\/allgaeu-wandern\/\" \/>\n<meta property=\"og:site_name\" content=\"Belvilla Blog DE\" \/>\n<meta property=\"article:published_time\" content=\"2023-06-25T09:28:05+00:00\" \/>\n<meta property=\"article:modified_time\" content=\"2023-08-28T21:09:18+00:00\" \/>\n<meta property=\"og:image\" content=\"https:\/\/www.belvilla.de\/blog\/wp-content\/uploads\/sites\/4\/2023\/06\/shutterstock_2182209663.jpg\" \/>\n\t<meta property=\"og:image:width\" content=\"1096\" \/>\n\t<meta property=\"og:image:height\" content=\"683\" \/>\n\t<meta property=\"og:image:type\" content=\"image\/jpeg\" \/>\n<meta name=\"twitter:card\" content=\"summary_large_image\" \/>\n<meta name=\"twitter:label1\" content=\"Verfasst von\" \/>\n\t<meta name=\"twitter:data1\" content=\"\" \/>\n\t<meta name=\"twitter:label2\" content=\"Gesch\u00e4tzte Lesezeit\" \/>\n\t<meta name=\"twitter:data2\" content=\"5\u00a0Minuten\" \/>\n<script type=\"application\/ld+json\" class=\"yoast-schema-graph\">{\"@context\":\"https:\\\/\\\/schema.org\",\"@graph\":[{\"@type\":\"Article\",\"@id\":\"https:\\\/\\\/www.belvilla.de\\\/blog\\\/allgaeu-wandern\\\/#article\",\"isPartOf\":{\"@id\":\"https:\\\/\\\/www.belvilla.de\\\/blog\\\/allgaeu-wandern\\\/\"},\"author\":{\"name\":\"\",\"@id\":\"\"},\"headline\":\"Unsere Top 5: Die sch\u00f6nsten Wanderwege im Allg\u00e4u\",\"datePublished\":\"2023-06-25T09:28:05+00:00\",\"dateModified\":\"2023-08-28T21:09:18+00:00\",\"mainEntityOfPage\":{\"@id\":\"https:\\\/\\\/www.belvilla.de\\\/blog\\\/allgaeu-wandern\\\/\"},\"wordCount\":749,\"commentCount\":0,\"image\":{\"@id\":\"https:\\\/\\\/www.belvilla.de\\\/blog\\\/allgaeu-wandern\\\/#primaryimage\"},\"thumbnailUrl\":\"https:\\\/\\\/www.belvilla.de\\\/blog\\\/wp-content\\\/uploads\\\/sites\\\/4\\\/2023\\\/06\\\/shutterstock_2182209663.jpg\",\"articleSection\":[\"Destination\"],\"inLanguage\":\"de\",\"potentialAction\":[{\"@type\":\"CommentAction\",\"name\":\"Comment\",\"target\":[\"https:\\\/\\\/www.belvilla.de\\\/blog\\\/allgaeu-wandern\\\/#respond\"]}]},{\"@type\":\"WebPage\",\"@id\":\"https:\\\/\\\/www.belvilla.de\\\/blog\\\/allgaeu-wandern\\\/\",\"url\":\"https:\\\/\\\/www.belvilla.de\\\/blog\\\/allgaeu-wandern\\\/\",\"name\":\"TOP 5 Wanderwege im Allg\u00e4u - Ein Guide f\u00fcr Naturliebhaber | Belvilla\",\"isPartOf\":{\"@id\":\"https:\\\/\\\/www.belvilla.de\\\/blog\\\/#website\"},\"primaryImageOfPage\":{\"@id\":\"https:\\\/\\\/www.belvilla.de\\\/blog\\\/allgaeu-wandern\\\/#primaryimage\"},\"image\":{\"@id\":\"https:\\\/\\\/www.belvilla.de\\\/blog\\\/allgaeu-wandern\\\/#primaryimage\"},\"thumbnailUrl\":\"https:\\\/\\\/www.belvilla.de\\\/blog\\\/wp-content\\\/uploads\\\/sites\\\/4\\\/2023\\\/06\\\/shutterstock_2182209663.jpg\",\"datePublished\":\"2023-06-25T09:28:05+00:00\",\"dateModified\":\"2023-08-28T21:09:18+00:00\",\"author\":{\"@id\":\"\"},\"description\":\"Erlebt die Vielfalt des Allg\u00e4us auf den sch\u00f6nsten Wanderwegen. Unsere Top 5 Auswahl bietet unvergessliche Naturerlebnisse von eurem Ferienhaus aus.\",\"breadcrumb\":{\"@id\":\"https:\\\/\\\/www.belvilla.de\\\/blog\\\/allgaeu-wandern\\\/#breadcrumb\"},\"inLanguage\":\"de\",\"potentialAction\":[{\"@type\":\"ReadAction\",\"target\":[\"https:\\\/\\\/www.belvilla.de\\\/blog\\\/allgaeu-wandern\\\/\"]}]},{\"@type\":\"ImageObject\",\"inLanguage\":\"de\",\"@id\":\"https:\\\/\\\/www.belvilla.de\\\/blog\\\/allgaeu-wandern\\\/#primaryimage\",\"url\":\"https:\\\/\\\/www.belvilla.de\\\/blog\\\/wp-content\\\/uploads\\\/sites\\\/4\\\/2023\\\/06\\\/shutterstock_2182209663.jpg\",\"contentUrl\":\"https:\\\/\\\/www.belvilla.de\\\/blog\\\/wp-content\\\/uploads\\\/sites\\\/4\\\/2023\\\/06\\\/shutterstock_2182209663.jpg\",\"width\":1096,\"height\":683,\"caption\":\"Wanderschuhe f\u00fcr den Allg\u00e4u Urlaub\"},{\"@type\":\"BreadcrumbList\",\"@id\":\"https:\\\/\\\/www.belvilla.de\\\/blog\\\/allgaeu-wandern\\\/#breadcrumb\",\"itemListElement\":[{\"@type\":\"ListItem\",\"position\":1,\"name\":\"Home\",\"item\":\"https:\\\/\\\/www.belvilla.de\\\/blog\\\/\"},{\"@type\":\"ListItem\",\"position\":2,\"name\":\"Unsere Top 5: Die sch\u00f6nsten Wanderwege im Allg\u00e4u\"}]},{\"@type\":\"WebSite\",\"@id\":\"https:\\\/\\\/www.belvilla.de\\\/blog\\\/#website\",\"url\":\"https:\\\/\\\/www.belvilla.de\\\/blog\\\/\",\"name\":\"Belvilla Blog DE\",\"description\":\"\",\"potentialAction\":[{\"@type\":\"SearchAction\",\"target\":{\"@type\":\"EntryPoint\",\"urlTemplate\":\"https:\\\/\\\/www.belvilla.de\\\/blog\\\/?s={search_term_string}\"},\"query-input\":{\"@type\":\"PropertyValueSpecification\",\"valueRequired\":true,\"valueName\":\"search_term_string\"}}],\"inLanguage\":\"de\"},{\"@type\":\"Person\",\"@id\":\"\"}]}<\/script>\n<!-- \/ Yoast SEO plugin. -->","yoast_head_json":{"title":"TOP 5 Wanderwege im Allg\u00e4u - Ein Guide f\u00fcr Naturliebhaber | Belvilla","description":"Erlebt die Vielfalt des Allg\u00e4us auf den sch\u00f6nsten Wanderwegen. Unsere Top 5 Auswahl bietet unvergessliche Naturerlebnisse von eurem Ferienhaus aus.","robots":{"index":"index","follow":"follow","max-snippet":"max-snippet:-1","max-image-preview":"max-image-preview:large","max-video-preview":"max-video-preview:-1"},"canonical":"https:\/\/www.belvilla.de\/blog\/allgaeu-wandern\/","og_locale":"de_DE","og_type":"article","og_title":"TOP 5 Wanderwege im Allg\u00e4u - Ein Guide f\u00fcr Naturliebhaber | Belvilla","og_description":"Erlebt die Vielfalt des Allg\u00e4us auf den sch\u00f6nsten Wanderwegen. Unsere Top 5 Auswahl bietet unvergessliche Naturerlebnisse von eurem Ferienhaus aus.","og_url":"https:\/\/www.belvilla.de\/blog\/allgaeu-wandern\/","og_site_name":"Belvilla Blog DE","article_published_time":"2023-06-25T09:28:05+00:00","article_modified_time":"2023-08-28T21:09:18+00:00","og_image":[{"width":1096,"height":683,"url":"https:\/\/www.belvilla.de\/blog\/wp-content\/uploads\/sites\/4\/2023\/06\/shutterstock_2182209663.jpg","type":"image\/jpeg"}],"twitter_card":"summary_large_image","twitter_misc":{"Verfasst von":"","Gesch\u00e4tzte Lesezeit":"5\u00a0Minuten"},"schema":{"@context":"https:\/\/schema.org","@graph":[{"@type":"Article","@id":"https:\/\/www.belvilla.de\/blog\/allgaeu-wandern\/#article","isPartOf":{"@id":"https:\/\/www.belvilla.de\/blog\/allgaeu-wandern\/"},"author":{"name":"","@id":""},"headline":"Unsere Top 5: Die sch\u00f6nsten Wanderwege im Allg\u00e4u","datePublished":"2023-06-25T09:28:05+00:00","dateModified":"2023-08-28T21:09:18+00:00","mainEntityOfPage":{"@id":"https:\/\/www.belvilla.de\/blog\/allgaeu-wandern\/"},"wordCount":749,"commentCount":0,"image":{"@id":"https:\/\/www.belvilla.de\/blog\/allgaeu-wandern\/#primaryimage"},"thumbnailUrl":"https:\/\/www.belvilla.de\/blog\/wp-content\/uploads\/sites\/4\/2023\/06\/shutterstock_2182209663.jpg","articleSection":["Destination"],"inLanguage":"de","potentialAction":[{"@type":"CommentAction","name":"Comment","target":["https:\/\/www.belvilla.de\/blog\/allgaeu-wandern\/#respond"]}]},{"@type":"WebPage","@id":"https:\/\/www.belvilla.de\/blog\/allgaeu-wandern\/","url":"https:\/\/www.belvilla.de\/blog\/allgaeu-wandern\/","name":"TOP 5 Wanderwege im Allg\u00e4u - Ein Guide f\u00fcr Naturliebhaber | Belvilla","isPartOf":{"@id":"https:\/\/www.belvilla.de\/blog\/#website"},"primaryImageOfPage":{"@id":"https:\/\/www.belvilla.de\/blog\/allgaeu-wandern\/#primaryimage"},"image":{"@id":"https:\/\/www.belvilla.de\/blog\/allgaeu-wandern\/#primaryimage"},"thumbnailUrl":"https:\/\/www.belvilla.de\/blog\/wp-content\/uploads\/sites\/4\/2023\/06\/shutterstock_2182209663.jpg","datePublished":"2023-06-25T09:28:05+00:00","dateModified":"2023-08-28T21:09:18+00:00","author":{"@id":""},"description":"Erlebt die Vielfalt des Allg\u00e4us auf den sch\u00f6nsten Wanderwegen. Unsere Top 5 Auswahl bietet unvergessliche Naturerlebnisse von eurem Ferienhaus aus.","breadcrumb":{"@id":"https:\/\/www.belvilla.de\/blog\/allgaeu-wandern\/#breadcrumb"},"inLanguage":"de","potentialAction":[{"@type":"ReadAction","target":["https:\/\/www.belvilla.de\/blog\/allgaeu-wandern\/"]}]},{"@type":"ImageObject","inLanguage":"de","@id":"https:\/\/www.belvilla.de\/blog\/allgaeu-wandern\/#primaryimage","url":"https:\/\/www.belvilla.de\/blog\/wp-content\/uploads\/sites\/4\/2023\/06\/shutterstock_2182209663.jpg","contentUrl":"https:\/\/www.belvilla.de\/blog\/wp-content\/uploads\/sites\/4\/2023\/06\/shutterstock_2182209663.jpg","width":1096,"height":683,"caption":"Wanderschuhe f\u00fcr den Allg\u00e4u Urlaub"},{"@type":"BreadcrumbList","@id":"https:\/\/www.belvilla.de\/blog\/allgaeu-wandern\/#breadcrumb","itemListElement":[{"@type":"ListItem","position":1,"name":"Home","item":"https:\/\/www.belvilla.de\/blog\/"},{"@type":"ListItem","position":2,"name":"Unsere Top 5: Die sch\u00f6nsten Wanderwege im Allg\u00e4u"}]},{"@type":"WebSite","@id":"https:\/\/www.belvilla.de\/blog\/#website","url":"https:\/\/www.belvilla.de\/blog\/","name":"Belvilla Blog DE","description":"","potentialAction":[{"@type":"SearchAction","target":{"@type":"EntryPoint","urlTemplate":"https:\/\/www.belvilla.de\/blog\/?s={search_term_string}"},"query-input":{"@type":"PropertyValueSpecification","valueRequired":true,"valueName":"search_term_string"}}],"inLanguage":"de"},{"@type":"Person","@id":""}]}},"_links":{"self":[{"href":"https:\/\/www.belvilla.de\/blog\/wp-json\/wp\/v2\/posts\/2776","targetHints":{"allow":["GET"]}}],"collection":[{"href":"https:\/\/www.belvilla.de\/blog\/wp-json\/wp\/v2\/posts"}],"about":[{"href":"https:\/\/www.belvilla.de\/blog\/wp-json\/wp\/v2\/types\/post"}],"author":[{"embeddable":true,"href":"https:\/\/www.belvilla.de\/blog\/wp-json\/wp\/v2\/users\/6"}],"replies":[{"embeddable":true,"href":"https:\/\/www.belvilla.de\/blog\/wp-json\/wp\/v2\/comments?post=2776"}],"version-history":[{"count":8,"href":"https:\/\/www.belvilla.de\/blog\/wp-json\/wp\/v2\/posts\/2776\/revisions"}],"predecessor-version":[{"id":3270,"href":"https:\/\/www.belvilla.de\/blog\/wp-json\/wp\/v2\/posts\/2776\/revisions\/3270"}],"wp:featuredmedia":[{"embeddable":true,"href":"https:\/\/www.belvilla.de\/blog\/wp-json\/wp\/v2\/media\/2778"}],"wp:attachment":[{"href":"https:\/\/www.belvilla.de\/blog\/wp-json\/wp\/v2\/media?parent=2776"}],"wp:term":[{"taxonomy":"category","embeddable":true,"href":"https:\/\/www.belvilla.de\/blog\/wp-json\/wp\/v2\/categories?post=2776"},{"taxonomy":"post_tag","embeddable":true,"href":"https:\/\/www.belvilla.de\/blog\/wp-json\/wp\/v2\/tags?post=2776"},{"taxonomy":"location","embeddable":true,"href":"https:\/\/www.belvilla.de\/blog\/wp-json\/wp\/v2\/location?post=2776"}],"curies":[{"name":"wp","href":"https:\/\/api.w.org\/{rel}","templated":true}]}}