{"id":2659,"date":"2023-05-30T15:42:37","date_gmt":"2023-05-30T15:42:37","guid":{"rendered":"https:\/\/www.belvilla.de\/blog\/?p=2659"},"modified":"2023-08-28T21:10:22","modified_gmt":"2023-08-28T21:10:22","slug":"costa-brava-ferienhaus","status":"publish","type":"post","link":"https:\/\/www.belvilla.de\/blog\/costa-brava-ferienhaus\/","title":{"rendered":"Pura Vida in Spanien &#8211; Die Costa Brava erleben"},"content":{"rendered":"\n<p>Die Costa Brava, \u00fcbersetzt <em>die wilde K\u00fcste<\/em>, ist eine der sch\u00f6nsten K\u00fcsten in Spanien. Die 220 km lange K\u00fcste liegt im Nordosten Kataloniens am Mittelmeer. Ein <a href=\"https:\/\/www.belvilla.de\/ferienhaus-costa-brava-spanien\/\" target=\"_blank\" rel=\"noopener noreferrer\">Ferienhaus an der Costa Brava <\/a>ist eine sch\u00f6ne M\u00f6glichkeit die Gegend richtig kennenzulernen. Hier liegen unz\u00e4hlige sch\u00f6ne Orte, die ihr entdecken k\u00f6nnt. Das sind Cadaqu\u00e9s, Tossa de Mar, Pals, Blanes, Lloret de Mar, Roses, Calella und einige mehr. Wir stellen euch ein paar der sch\u00f6nsten Orte vor. Von Barcelona aus ist es nicht weit bis an die Costa Brava. <\/p>\n\n\n\n<h2 class=\"wp-block-heading\">Pals<\/h2>\n\n\n\n<p>In <a href=\"https:\/\/www.belvilla.de\/ferienhaus-spanien\/ferienhaeuser-pals\/\" target=\"_blank\" rel=\"noopener noreferrer\">Pals<\/a> an der Costa Brava ist eine Ferienwohnung ein besonderes Erlebnis, denn Pals liegt nicht direkt an der K\u00fcste, sondern im Hinterland. Pals ist wohl eine der sch\u00f6nsten Orte an der Costa Brava. Pals besticht mit mittelalterlichen H\u00e4usern aus hellem Sandstein, niedlichen Gassen und dem Aussichtspunkt <em>Mirador de Josep Pla<\/em>, von dem aus ihr die K\u00fcste und das Meer bestaunen k\u00f6nnt.<\/p>\n\n\n\n<h2 class=\"wp-block-heading\">Roses<\/h2>\n\n\n\n<figure class=\"wp-block-image size-large\"><img loading=\"lazy\" decoding=\"async\" width=\"1096\" height=\"863\" src=\"https:\/\/www.belvilla.de\/blog\/wp-content\/uploads\/sites\/4\/2023\/05\/Shutterstock_1343303072-1-1096x863.jpg\" alt=\"Blick auf Roses, Meer und Segelboot\" class=\"wp-image-2666\" \/><\/figure>\n\n\n\n<p><a href=\"https:\/\/www.belvilla.de\/ferienhaus-spanien\/ferienhaeuser-roses\/\" target=\"_blank\" rel=\"noopener noreferrer\">Roses<\/a> ist der gr\u00f6\u00dfte Urlaubsort an der Costa Brava. Hier erwarten euch Str\u00e4nde, Buchten und eine h\u00fcbsche Altstadt mit Zitadelle, auf Katalanisch <em>Ciutadella<\/em>. In Roses selbst k\u00f6nnen Urlauber verschiedenen Aktivit\u00e4ten nachgehen: Surfen, Segeln, Kajak fahren oder Tauchen. Aber auch wandern l\u00e4sst es sich rund um Roses sehr gut, beispielsweise im Naturpark <em>Aig\u00fcamolls de l\u2019Empord\u00e0<\/em>. Abends warten Restaurants mit spanischen und katalanischen K\u00f6stlichkeiten auf euch, um den Tag gen\u00fcsslich ausklingen zu lassen. <\/p>\n\n\n\n<h2 class=\"wp-block-heading\">Cadaqu\u00e9s<\/h2>\n\n\n\n<figure class=\"wp-block-image size-large\"><img loading=\"lazy\" decoding=\"async\" width=\"1096\" height=\"863\" src=\"https:\/\/www.belvilla.de\/blog\/wp-content\/uploads\/sites\/4\/2023\/05\/Shutterstock_1308965887-1096x863.jpg\" alt=\"Panorama von Cadaqu\u00e9s\" class=\"wp-image-2667\" \/><\/figure>\n\n\n\n<p>Ein Ferienhaus an der Costa Brava in <a href=\"https:\/\/www.belvilla.de\/ferienhaus-spanien\/ferienhaeuser-cadaques\/\" target=\"_blank\" rel=\"noopener noreferrer\">Cadaqu\u00e9s<\/a> ist vor allem romantisch und erholsam, denn Cadaqu\u00e9s ist klein und besticht durch seine schicken Promenaden, wei\u00df get\u00fcnchte H\u00e4user mit blauen T\u00fcren und Pinienb\u00e4umen &#8211; und das alles direkt am Meer. Die traumhafte Kulisse ist allj\u00e4hrlich im August auch Veranstaltungsort eines internationalen Musikfestivals. <\/p>\n\n\n\n<h2 class=\"wp-block-heading\">Calella de Palafrugell<\/h2>\n\n\n\n<p>Kubanisches Flair erwartet euch in <a href=\"https:\/\/www.belvilla.de\/ferienhaus-spanien\/ferienhaeuser-calella-de-palafrugell\/\" target=\"_blank\" rel=\"noopener noreferrer\">Calella de Palafrugell<\/a>. Einige Menschen aus der Stadt zogen in den Unabh\u00e4ngigkeitskrieg nach Kuba. Manche &#8222;Kubaner&#8220; kehrten sp\u00e4ter mit typischen Br\u00e4uchen zur\u00fcck. Allj\u00e4hrlich erwartet Besucher hier das <em>Cantada d\u2019Havaneres <\/em>am Hafen Port Bo, direkt am Meer. <\/p>\n\n\n\n<h2 class=\"wp-block-heading\">Palam\u00f3s<\/h2>\n\n\n\n<figure class=\"wp-block-image size-large\"><img loading=\"lazy\" decoding=\"async\" width=\"1096\" height=\"863\" src=\"https:\/\/www.belvilla.de\/blog\/wp-content\/uploads\/sites\/4\/2023\/05\/Shutterstock_362427875-1096x863.jpg\" alt=\"Hafen von Palam\u00f3s\" class=\"wp-image-2668\" \/><\/figure>\n\n\n\n<p>Buchten, Str\u00e4nde, Fischerh\u00e4fen, Sporth\u00e4fen und sch\u00f6ne Gassen: Das ist <a href=\"https:\/\/www.belvilla.de\/ferienhaus-spanien\/ferienhaeuser-palamos\/\" target=\"_blank\" rel=\"noopener noreferrer\">Palam\u00f3s<\/a>. Den einstigen Fischerei-Ort gibt es bereits seit dem 12. Jahrhundert. Hier lassen sich historische Pl\u00e4tze entdecken wie der <em>Plaza de El Pedr\u00f3<\/em> und <em>Plaza Murada<\/em> oder die Kirche Santa Mar\u00eda del Mar. Der Strand Gran Playa und die Buchten Cala S\u00b4Alguer und Cala Margarida laden zum Entspannen in der Sonne ein.<\/p>\n\n\n\n<h2 class=\"wp-block-heading\">Lloret de Mar<\/h2>\n\n\n\n<p>Wie w\u00e4re es mit einem Ferienhaus mit Pool in <a href=\"https:\/\/www.belvilla.de\/ferienhaus-spanien\/ferienhaeuser-lloret-de-mar\/\" target=\"_blank\" rel=\"noopener noreferrer\">Lloret de Mar<\/a>? Vielen ist die sch\u00f6ne K\u00fcstenstadt als Partyhochburg bekannt, aber sie hat viel mehr zu bieten. Beispielsweise die fantastischen G\u00e4rten von Santa Clotilde oder die bunte Pfarrkirche des Sant Rom\u00e0. Diese Kirche vereint Elemente aus Gotik und Jugendstil. Einen perfekten Tag k\u00f6nnt ihr am Hafen in einem Fischrestaurant ausklingen lassen, am besten bei einem typischen Sangria oder roten <a href=\"https:\/\/www.belvilla.de\/blog\/schoenste-weinregionen\/\">Wein<\/a>. Wer gerne die Nacht zum Tag macht, wird in Lloret de Mar bestimmt einige M\u00f6glichkeiten zum Tanzen finden. <\/p>\n\n\n\n<h2 class=\"wp-block-heading\">Tossa de Mar<\/h2>\n\n\n\n<figure class=\"wp-block-image size-large\"><img loading=\"lazy\" decoding=\"async\" width=\"1096\" height=\"863\" src=\"https:\/\/www.belvilla.de\/blog\/wp-content\/uploads\/sites\/4\/2023\/05\/Shutterstock_1977789815-1096x863.jpg\" alt=\"Panorama von Tossa de Mar\" class=\"wp-image-2669\" \/><\/figure>\n\n\n\n<p>Der schmucke Ort Tossa de Mar l\u00e4dt zum Bummeln in seinen Gassen und flanieren an der Strandpromenade ein. Hier ist es idyllisch und romantisch. Tossa de Mars Altstadt steht unter Denkmalschutz und Tossa de Mar ist komplett von einer Stadtmauer umgeben. In und um Tossa de Mar gibt es unz\u00e4hlige Str\u00e4nde und Buchten mit t\u00fcrkisblauem Wasser, an denen ihr schwimmen und euch entspannen k\u00f6nnt. Einen perfekten Tag in Tossa de Mar schlie\u00dft ihr mit einem Wein an der Uferpromenade ab, am besten zum sch\u00f6nen Sonnenuntergang mit Blick auf die Festung. Ein Poolferienhaus an der Costa Brava ist in <a href=\"https:\/\/www.belvilla.de\/ferienhaus-spanien\/ferienhaeuser-tossa-de-mar\/\" target=\"_blank\" rel=\"noopener noreferrer\">Tossa de Mar<\/a> besonders sch\u00f6n. <\/p>\n\n\n\n<p><strong>Extratipp<\/strong>: Macht einen Abstecher in die nahe gelegene Metropole Barcelona. Wenn ihr nach und\/oder von Barcelona fliegt, l\u00e4sst sich das noch besser verbinden. Barcelona ist eine bunte und dynamische Metropole direkt am Meer. <\/p>\n","protected":false},"excerpt":{"rendered":"<p>Die Costa Brava am Mittelmeer ist wohl eine der sch\u00f6nsten K\u00fcsten Spaniens. Erfahrt hier, welche Reiseziele an der Costa Brava ihr nicht verpassen solltet.<\/p>\n","protected":false},"author":10,"featured_media":2665,"comment_status":"open","ping_status":"open","sticky":false,"template":"","format":"standard","meta":{"footnotes":""},"categories":[11],"tags":[219,220,222,221],"location":[],"class_list":["post-2659","post","type-post","status-publish","format-standard","has-post-thumbnail","hentry","category-destination","tag-costa-brava","tag-costa-brava-ferienhaus","tag-ferienhaus-spanien","tag-poolferienhaus"],"acf":[],"yoast_head":"<!-- This site is optimized with the Yoast SEO plugin v27.5 - https:\/\/yoast.com\/product\/yoast-seo-wordpress\/ -->\n<title>Ein Ferienhaus im Paradies: Die Costa Brava | Belvilla<\/title>\n<meta name=\"description\" content=\"Die Costa Brava ist eine der sch\u00f6nsten K\u00fcsten Spaniens. Sie liegt an der Mittelmeerk\u00fcste Kataloniens und besticht mit malerischer Natur und idyllischen Orten.\" \/>\n<meta name=\"robots\" content=\"index, follow, max-snippet:-1, max-image-preview:large, max-video-preview:-1\" \/>\n<link rel=\"canonical\" href=\"https:\/\/www.belvilla.de\/blog\/costa-brava-ferienhaus\/\" \/>\n<meta property=\"og:locale\" content=\"de_DE\" \/>\n<meta property=\"og:type\" content=\"article\" \/>\n<meta property=\"og:title\" content=\"Ein Ferienhaus im Paradies: Die Costa Brava | Belvilla\" \/>\n<meta property=\"og:description\" content=\"Die Costa Brava ist eine der sch\u00f6nsten K\u00fcsten Spaniens. Sie liegt an der Mittelmeerk\u00fcste Kataloniens und besticht mit malerischer Natur und idyllischen Orten.\" \/>\n<meta property=\"og:url\" content=\"https:\/\/www.belvilla.de\/blog\/costa-brava-ferienhaus\/\" \/>\n<meta property=\"og:site_name\" content=\"Belvilla Blog DE\" \/>\n<meta property=\"article:published_time\" content=\"2023-05-30T15:42:37+00:00\" \/>\n<meta property=\"article:modified_time\" content=\"2023-08-28T21:10:22+00:00\" \/>\n<meta property=\"og:image\" content=\"https:\/\/www.belvilla.de\/blog\/wp-content\/uploads\/sites\/4\/2023\/05\/Shutterstock_654946138.jpg\" \/>\n\t<meta property=\"og:image:width\" content=\"1096\" \/>\n\t<meta property=\"og:image:height\" content=\"683\" \/>\n\t<meta property=\"og:image:type\" content=\"image\/jpeg\" \/>\n<meta name=\"twitter:card\" content=\"summary_large_image\" \/>\n<meta name=\"twitter:label1\" content=\"Verfasst von\" \/>\n\t<meta name=\"twitter:data1\" content=\"\" \/>\n\t<meta name=\"twitter:label2\" content=\"Gesch\u00e4tzte Lesezeit\" \/>\n\t<meta name=\"twitter:data2\" content=\"5\u00a0Minuten\" \/>\n<script type=\"application\/ld+json\" class=\"yoast-schema-graph\">{\"@context\":\"https:\\\/\\\/schema.org\",\"@graph\":[{\"@type\":\"Article\",\"@id\":\"https:\\\/\\\/www.belvilla.de\\\/blog\\\/costa-brava-ferienhaus\\\/#article\",\"isPartOf\":{\"@id\":\"https:\\\/\\\/www.belvilla.de\\\/blog\\\/costa-brava-ferienhaus\\\/\"},\"author\":{\"name\":\"\",\"@id\":\"\"},\"headline\":\"Pura Vida in Spanien &#8211; Die Costa Brava erleben\",\"datePublished\":\"2023-05-30T15:42:37+00:00\",\"dateModified\":\"2023-08-28T21:10:22+00:00\",\"mainEntityOfPage\":{\"@id\":\"https:\\\/\\\/www.belvilla.de\\\/blog\\\/costa-brava-ferienhaus\\\/\"},\"wordCount\":680,\"commentCount\":0,\"image\":{\"@id\":\"https:\\\/\\\/www.belvilla.de\\\/blog\\\/costa-brava-ferienhaus\\\/#primaryimage\"},\"thumbnailUrl\":\"https:\\\/\\\/www.belvilla.de\\\/blog\\\/wp-content\\\/uploads\\\/sites\\\/4\\\/2023\\\/05\\\/Shutterstock_654946138.jpg\",\"keywords\":[\"costa brava\",\"costa brava ferienhaus\",\"ferienhaus spanien\",\"poolferienhaus\"],\"articleSection\":[\"Destination\"],\"inLanguage\":\"de\",\"potentialAction\":[{\"@type\":\"CommentAction\",\"name\":\"Comment\",\"target\":[\"https:\\\/\\\/www.belvilla.de\\\/blog\\\/costa-brava-ferienhaus\\\/#respond\"]}]},{\"@type\":\"WebPage\",\"@id\":\"https:\\\/\\\/www.belvilla.de\\\/blog\\\/costa-brava-ferienhaus\\\/\",\"url\":\"https:\\\/\\\/www.belvilla.de\\\/blog\\\/costa-brava-ferienhaus\\\/\",\"name\":\"Ein Ferienhaus im Paradies: Die Costa Brava | Belvilla\",\"isPartOf\":{\"@id\":\"https:\\\/\\\/www.belvilla.de\\\/blog\\\/#website\"},\"primaryImageOfPage\":{\"@id\":\"https:\\\/\\\/www.belvilla.de\\\/blog\\\/costa-brava-ferienhaus\\\/#primaryimage\"},\"image\":{\"@id\":\"https:\\\/\\\/www.belvilla.de\\\/blog\\\/costa-brava-ferienhaus\\\/#primaryimage\"},\"thumbnailUrl\":\"https:\\\/\\\/www.belvilla.de\\\/blog\\\/wp-content\\\/uploads\\\/sites\\\/4\\\/2023\\\/05\\\/Shutterstock_654946138.jpg\",\"datePublished\":\"2023-05-30T15:42:37+00:00\",\"dateModified\":\"2023-08-28T21:10:22+00:00\",\"author\":{\"@id\":\"\"},\"description\":\"Die Costa Brava ist eine der sch\u00f6nsten K\u00fcsten Spaniens. Sie liegt an der Mittelmeerk\u00fcste Kataloniens und besticht mit malerischer Natur und idyllischen Orten.\",\"breadcrumb\":{\"@id\":\"https:\\\/\\\/www.belvilla.de\\\/blog\\\/costa-brava-ferienhaus\\\/#breadcrumb\"},\"inLanguage\":\"de\",\"potentialAction\":[{\"@type\":\"ReadAction\",\"target\":[\"https:\\\/\\\/www.belvilla.de\\\/blog\\\/costa-brava-ferienhaus\\\/\"]}]},{\"@type\":\"ImageObject\",\"inLanguage\":\"de\",\"@id\":\"https:\\\/\\\/www.belvilla.de\\\/blog\\\/costa-brava-ferienhaus\\\/#primaryimage\",\"url\":\"https:\\\/\\\/www.belvilla.de\\\/blog\\\/wp-content\\\/uploads\\\/sites\\\/4\\\/2023\\\/05\\\/Shutterstock_654946138.jpg\",\"contentUrl\":\"https:\\\/\\\/www.belvilla.de\\\/blog\\\/wp-content\\\/uploads\\\/sites\\\/4\\\/2023\\\/05\\\/Shutterstock_654946138.jpg\",\"width\":1096,\"height\":683,\"caption\":\"Costa Brava Panorama\"},{\"@type\":\"BreadcrumbList\",\"@id\":\"https:\\\/\\\/www.belvilla.de\\\/blog\\\/costa-brava-ferienhaus\\\/#breadcrumb\",\"itemListElement\":[{\"@type\":\"ListItem\",\"position\":1,\"name\":\"Home\",\"item\":\"https:\\\/\\\/www.belvilla.de\\\/blog\\\/\"},{\"@type\":\"ListItem\",\"position\":2,\"name\":\"Pura Vida in Spanien &#8211; Die Costa Brava erleben\"}]},{\"@type\":\"WebSite\",\"@id\":\"https:\\\/\\\/www.belvilla.de\\\/blog\\\/#website\",\"url\":\"https:\\\/\\\/www.belvilla.de\\\/blog\\\/\",\"name\":\"Belvilla Blog DE\",\"description\":\"\",\"potentialAction\":[{\"@type\":\"SearchAction\",\"target\":{\"@type\":\"EntryPoint\",\"urlTemplate\":\"https:\\\/\\\/www.belvilla.de\\\/blog\\\/?s={search_term_string}\"},\"query-input\":{\"@type\":\"PropertyValueSpecification\",\"valueRequired\":true,\"valueName\":\"search_term_string\"}}],\"inLanguage\":\"de\"},{\"@type\":\"Person\",\"@id\":\"\"}]}<\/script>\n<!-- \/ Yoast SEO plugin. -->","yoast_head_json":{"title":"Ein Ferienhaus im Paradies: Die Costa Brava | Belvilla","description":"Die Costa Brava ist eine der sch\u00f6nsten K\u00fcsten Spaniens. Sie liegt an der Mittelmeerk\u00fcste Kataloniens und besticht mit malerischer Natur und idyllischen Orten.","robots":{"index":"index","follow":"follow","max-snippet":"max-snippet:-1","max-image-preview":"max-image-preview:large","max-video-preview":"max-video-preview:-1"},"canonical":"https:\/\/www.belvilla.de\/blog\/costa-brava-ferienhaus\/","og_locale":"de_DE","og_type":"article","og_title":"Ein Ferienhaus im Paradies: Die Costa Brava | Belvilla","og_description":"Die Costa Brava ist eine der sch\u00f6nsten K\u00fcsten Spaniens. Sie liegt an der Mittelmeerk\u00fcste Kataloniens und besticht mit malerischer Natur und idyllischen Orten.","og_url":"https:\/\/www.belvilla.de\/blog\/costa-brava-ferienhaus\/","og_site_name":"Belvilla Blog DE","article_published_time":"2023-05-30T15:42:37+00:00","article_modified_time":"2023-08-28T21:10:22+00:00","og_image":[{"width":1096,"height":683,"url":"https:\/\/www.belvilla.de\/blog\/wp-content\/uploads\/sites\/4\/2023\/05\/Shutterstock_654946138.jpg","type":"image\/jpeg"}],"twitter_card":"summary_large_image","twitter_misc":{"Verfasst von":"","Gesch\u00e4tzte Lesezeit":"5\u00a0Minuten"},"schema":{"@context":"https:\/\/schema.org","@graph":[{"@type":"Article","@id":"https:\/\/www.belvilla.de\/blog\/costa-brava-ferienhaus\/#article","isPartOf":{"@id":"https:\/\/www.belvilla.de\/blog\/costa-brava-ferienhaus\/"},"author":{"name":"","@id":""},"headline":"Pura Vida in Spanien &#8211; Die Costa Brava erleben","datePublished":"2023-05-30T15:42:37+00:00","dateModified":"2023-08-28T21:10:22+00:00","mainEntityOfPage":{"@id":"https:\/\/www.belvilla.de\/blog\/costa-brava-ferienhaus\/"},"wordCount":680,"commentCount":0,"image":{"@id":"https:\/\/www.belvilla.de\/blog\/costa-brava-ferienhaus\/#primaryimage"},"thumbnailUrl":"https:\/\/www.belvilla.de\/blog\/wp-content\/uploads\/sites\/4\/2023\/05\/Shutterstock_654946138.jpg","keywords":["costa brava","costa brava ferienhaus","ferienhaus spanien","poolferienhaus"],"articleSection":["Destination"],"inLanguage":"de","potentialAction":[{"@type":"CommentAction","name":"Comment","target":["https:\/\/www.belvilla.de\/blog\/costa-brava-ferienhaus\/#respond"]}]},{"@type":"WebPage","@id":"https:\/\/www.belvilla.de\/blog\/costa-brava-ferienhaus\/","url":"https:\/\/www.belvilla.de\/blog\/costa-brava-ferienhaus\/","name":"Ein Ferienhaus im Paradies: Die Costa Brava | Belvilla","isPartOf":{"@id":"https:\/\/www.belvilla.de\/blog\/#website"},"primaryImageOfPage":{"@id":"https:\/\/www.belvilla.de\/blog\/costa-brava-ferienhaus\/#primaryimage"},"image":{"@id":"https:\/\/www.belvilla.de\/blog\/costa-brava-ferienhaus\/#primaryimage"},"thumbnailUrl":"https:\/\/www.belvilla.de\/blog\/wp-content\/uploads\/sites\/4\/2023\/05\/Shutterstock_654946138.jpg","datePublished":"2023-05-30T15:42:37+00:00","dateModified":"2023-08-28T21:10:22+00:00","author":{"@id":""},"description":"Die Costa Brava ist eine der sch\u00f6nsten K\u00fcsten Spaniens. Sie liegt an der Mittelmeerk\u00fcste Kataloniens und besticht mit malerischer Natur und idyllischen Orten.","breadcrumb":{"@id":"https:\/\/www.belvilla.de\/blog\/costa-brava-ferienhaus\/#breadcrumb"},"inLanguage":"de","potentialAction":[{"@type":"ReadAction","target":["https:\/\/www.belvilla.de\/blog\/costa-brava-ferienhaus\/"]}]},{"@type":"ImageObject","inLanguage":"de","@id":"https:\/\/www.belvilla.de\/blog\/costa-brava-ferienhaus\/#primaryimage","url":"https:\/\/www.belvilla.de\/blog\/wp-content\/uploads\/sites\/4\/2023\/05\/Shutterstock_654946138.jpg","contentUrl":"https:\/\/www.belvilla.de\/blog\/wp-content\/uploads\/sites\/4\/2023\/05\/Shutterstock_654946138.jpg","width":1096,"height":683,"caption":"Costa Brava Panorama"},{"@type":"BreadcrumbList","@id":"https:\/\/www.belvilla.de\/blog\/costa-brava-ferienhaus\/#breadcrumb","itemListElement":[{"@type":"ListItem","position":1,"name":"Home","item":"https:\/\/www.belvilla.de\/blog\/"},{"@type":"ListItem","position":2,"name":"Pura Vida in Spanien &#8211; Die Costa Brava erleben"}]},{"@type":"WebSite","@id":"https:\/\/www.belvilla.de\/blog\/#website","url":"https:\/\/www.belvilla.de\/blog\/","name":"Belvilla Blog DE","description":"","potentialAction":[{"@type":"SearchAction","target":{"@type":"EntryPoint","urlTemplate":"https:\/\/www.belvilla.de\/blog\/?s={search_term_string}"},"query-input":{"@type":"PropertyValueSpecification","valueRequired":true,"valueName":"search_term_string"}}],"inLanguage":"de"},{"@type":"Person","@id":""}]}},"_links":{"self":[{"href":"https:\/\/www.belvilla.de\/blog\/wp-json\/wp\/v2\/posts\/2659","targetHints":{"allow":["GET"]}}],"collection":[{"href":"https:\/\/www.belvilla.de\/blog\/wp-json\/wp\/v2\/posts"}],"about":[{"href":"https:\/\/www.belvilla.de\/blog\/wp-json\/wp\/v2\/types\/post"}],"author":[{"embeddable":true,"href":"https:\/\/www.belvilla.de\/blog\/wp-json\/wp\/v2\/users\/10"}],"replies":[{"embeddable":true,"href":"https:\/\/www.belvilla.de\/blog\/wp-json\/wp\/v2\/comments?post=2659"}],"version-history":[{"count":13,"href":"https:\/\/www.belvilla.de\/blog\/wp-json\/wp\/v2\/posts\/2659\/revisions"}],"predecessor-version":[{"id":3277,"href":"https:\/\/www.belvilla.de\/blog\/wp-json\/wp\/v2\/posts\/2659\/revisions\/3277"}],"wp:featuredmedia":[{"embeddable":true,"href":"https:\/\/www.belvilla.de\/blog\/wp-json\/wp\/v2\/media\/2665"}],"wp:attachment":[{"href":"https:\/\/www.belvilla.de\/blog\/wp-json\/wp\/v2\/media?parent=2659"}],"wp:term":[{"taxonomy":"category","embeddable":true,"href":"https:\/\/www.belvilla.de\/blog\/wp-json\/wp\/v2\/categories?post=2659"},{"taxonomy":"post_tag","embeddable":true,"href":"https:\/\/www.belvilla.de\/blog\/wp-json\/wp\/v2\/tags?post=2659"},{"taxonomy":"location","embeddable":true,"href":"https:\/\/www.belvilla.de\/blog\/wp-json\/wp\/v2\/location?post=2659"}],"curies":[{"name":"wp","href":"https:\/\/api.w.org\/{rel}","templated":true}]}}