{"id":2658,"date":"2023-05-30T16:08:33","date_gmt":"2023-05-30T16:08:33","guid":{"rendered":"https:\/\/www.belvilla.de\/blog\/?p=2658"},"modified":"2023-08-28T21:10:22","modified_gmt":"2023-08-28T21:10:22","slug":"chalet-urlaub","status":"publish","type":"post","link":"https:\/\/www.belvilla.de\/blog\/chalet-urlaub\/","title":{"rendered":"Entdeckt die Faszination Chalet-Urlaub mit Belvilla"},"content":{"rendered":"\n<p>Ein <a href=\"https:\/\/www.belvilla.de\/chalet-mieten\/\" target=\"_blank\" rel=\"noopener noreferrer\">Urlaub in einem Chalet<\/a> ist eine Erfahrung, die man nie vergisst. Die gem\u00fctlichen Holzh\u00e4user bieten nicht nur eine einzigartige Atmosph\u00e4re, sondern auch jede Menge Platz und Privatsph\u00e4re. Ihr k\u00f6nnt in eurer eigenen kleinen Welt entspannen und genie\u00dfen, weit weg vom Trubel des Alltags. Dabei bleibt der Luxus nicht auf der Strecke. Moderne Chalets sind oft mit allem Komfort ausgestattet, den ihr euch w\u00fcnschen k\u00f6nnt: von einer voll ausgestatteten K\u00fcche bis hin zu einem <a href=\"https:\/\/www.belvilla.de\/ferienhaus-wellness\/\" target=\"_blank\" rel=\"noopener noreferrer\">privaten Whirlpool oder sogar einem Saunabereich<\/a>. Die M\u00f6glichkeiten, euren Urlaub zu gestalten, sind so vielf\u00e4ltig wie die Chalets selbst. Ob ein romantisches Wochenende zu zweit, ein ausgelassener <a href=\"https:\/\/www.belvilla.de\/blog\/sportmitfamilie-imurlaub\/\">Familienurlaub<\/a> oder eine Auszeit mit Freunden &#8211; im Chalet findet jeder seinen perfekten Urlaub.<\/p>\n\n\n\n<figure class=\"wp-block-image size-large\"><img loading=\"lazy\" decoding=\"async\" width=\"1096\" height=\"863\" src=\"https:\/\/www.belvilla.de\/blog\/wp-content\/uploads\/sites\/4\/2023\/05\/Shutterstock_541396252-2-1096x863.jpg\" alt=\"Chalet mit Whirlpool\" class=\"wp-image-2682\" \/><\/figure>\n\n\n\n<h2 class=\"wp-block-heading\">Chalet-Urlaub in \u00d6sterreich: Berge, Natur und Gem\u00fctlichkeit<\/h2>\n\n\n\n<p>\u00d6sterreich ist bekannt f\u00fcr seine malerischen Landschaften und bietet daher eine perfekte Kulisse f\u00fcr einen <a href=\"https:\/\/www.belvilla.de\/chalet-oesterreich\/\" target=\"_blank\" rel=\"noreferrer noopener\">Chalet-Urlaub in \u00d6sterreich<\/a>. Inmitten von gr\u00fcnen Wiesen, klaren Seen und imposanten Bergen k\u00f6nnt ihr eine Auszeit vom Alltag nehmen und die Seele baumeln lassen. Die \u00f6sterreichischen Alpen sind ein wahres Paradies f\u00fcr Natur- und Sportliebhaber: Hier k\u00f6nnt ihr wandern, Mountainbiken, Ski fahren oder einfach nur die frische Bergluft genie\u00dfen. Nach einem ereignisreichen Tag kehrt ihr zur\u00fcck in euer Chalet, wo der Kamin schon knistert und eine wohlige W\u00e4rme verbreitet. Genie\u00dft ein Gl\u00e4schen \u00f6sterreichischen <a href=\"https:\/\/www.belvilla.de\/blog\/schoenste-weinregionen\/\">Wein<\/a> und lasst den Tag gem\u00fctlich ausklingen. Mit <a href=\"https:\/\/www.belvilla.de\/blog\/10-gruende-belvilla-zu-waehlen\/\">Belvilla<\/a> findet ihr euer Traumchalet in den \u00f6sterreichischen <a href=\"https:\/\/www.belvilla.de\/ferienhaus-alpen\/\" target=\"_blank\" rel=\"noopener noreferrer\">Alpen<\/a>.<\/p>\n\n\n\n<figure class=\"wp-block-image size-large\"><img loading=\"lazy\" decoding=\"async\" width=\"1096\" height=\"863\" src=\"https:\/\/www.belvilla.de\/blog\/wp-content\/uploads\/sites\/4\/2023\/05\/Shutterstock_305902448-1096x863.jpg\" alt=\"Chalet in K\u00e4rnten, \u00d6sterreich\" class=\"wp-image-2683\" \/><\/figure>\n\n\n\n<h2 class=\"wp-block-heading\">Die Vielfalt der Chalets: Euer perfektes Chalet in diversen L\u00e4ndern<\/h2>\n\n\n\n<p>Nicht nur in \u00d6sterreich, sondern in ganz Europa gibt es traumhafte Chalets zu entdecken. Egal, ob ihr den Charme der <a href=\"https:\/\/www.belvilla.de\/ferienhaus-suedliche-alpen-frankreich\/\" target=\"_blank\" rel=\"noopener noreferrer\">Franz\u00f6sischen Alpen<\/a> erleben, die Sonne an der <a href=\"https:\/\/www.belvilla.de\/ferienhaus-spanische-kueste\/\" target=\"_blank\" rel=\"noopener noreferrer\">spanischen K\u00fcste<\/a> genie\u00dfen oder die unber\u00fchrte Natur Skandinaviens entdecken m\u00f6chtet &#8211; f\u00fcr jeden Geschmack und jeden Urlaubswunsch gibt es das passende Chalet. Die Chalets unterscheiden sich nicht nur in ihrer Lage, sondern auch in ihrer Ausstattung und ihrem Stil. Einige Chalets verzaubern mit ihrer traditionellen Holzarchitektur, andere beeindrucken durch ihr modernes Design. Aber egal, f\u00fcr welches Chalet ihr euch entscheidet, eines haben alle gemeinsam: Sie bieten einen Ort der Ruhe und Entspannung, an dem ihr euren Urlaub in vollen Z\u00fcgen genie\u00dfen k\u00f6nnt.<\/p>\n\n\n\n<figure class=\"wp-block-image size-large\"><img loading=\"lazy\" decoding=\"async\" width=\"1096\" height=\"863\" src=\"https:\/\/www.belvilla.de\/blog\/wp-content\/uploads\/sites\/4\/2023\/05\/Shutterstock_541400212-1096x863.jpg\" alt=\"Chalet in den franz\u00f6sischen Alpen\" class=\"wp-image-2684\" \/><\/figure>\n\n\n\n<h2 class=\"wp-block-heading\">Top 6 Gr\u00fcnde, warum ihr ein Chalet f\u00fcr den n\u00e4chsten Urlaub mieten solltet<\/h2>\n\n\n\n<ol class=\"wp-block-list\">\n<li><strong>Unvergleichliche Atmosph\u00e4re:<\/strong> Ein Chalet strahlt eine Gem\u00fctlichkeit und W\u00e4rme aus, die ihr in keinem Hotel finden werdet. Der Duft von Holz, die rustikale Einrichtung und der knisternde Kamin schaffen eine Atmosph\u00e4re zum Wohlf\u00fchlen.<\/li>\n\n\n\n<li><strong>Privatsph\u00e4re:<\/strong> Im Gegensatz zu einem Hotelzimmer habt ihr in einem Chalet viel mehr Privatsph\u00e4re. Keine neugierigen Nachbarn, kein L\u00e4rm von der Stra\u00dfe &#8211; nur ihr und die Ruhe der Natur.<\/li>\n\n\n\n<li><strong>N\u00e4he zur Natur:<\/strong> Viele Chalets liegen inmitten herrlicher Landschaften. Ob direkt an einem Berg, in einem Wald oder an einem See &#8211; ein Chalet bietet euch die M\u00f6glichkeit, die Natur hautnah zu erleben.<\/li>\n\n\n\n<li><strong>Freiraum:<\/strong> Ein Chalet bietet viel Platz &#8211; sowohl innen als auch au\u00dfen. Das bedeutet, dass jeder seinen eigenen Bereich hat und ihr dennoch gemeinsame Zeit verbringen k\u00f6nnt. Perfekt f\u00fcr Familien oder Freundesgruppen!<\/li>\n\n\n\n<li><strong>Selbstversorgung:<\/strong> In einem Chalet k\u00f6nnt ihr euch selbst verpflegen. Das hei\u00dft, dass ihr eure Mahlzeiten nach euren eigenen W\u00fcnschen und Bed\u00fcrfnissen zubereiten k\u00f6nnt. Au\u00dferdem k\u00f6nnt ihr regionale Produkte probieren und so die lokale K\u00fcche kennenlernen.<\/li>\n\n\n\n<li><strong>Individueller Urlaub:<\/strong> Ein Chalet-Urlaub ist so individuell wie ihr selbst. Ob ihr einen aktiven Urlaub plant, mit Wanderungen und Radtouren, oder ob ihr einfach nur entspannen und die Seele baumeln lassen wollt &#8211; in einem Chalet ist alles m\u00f6glich.<\/li>\n<\/ol>\n\n\n\n<p>Entdeckt die Vorteile eines Chalet-Urlaubs und erlebt unvergessliche Momente mit Belvilla! Euer Traumchalet wartet schon auf euch.<\/p>\n","protected":false},"excerpt":{"rendered":"<p>Immer mehr Reisende tr\u00e4umen von einem Urlaub in einem gem\u00fctlichen Chalet. Sei es in den \u00f6sterreichischen Alpen oder an den K\u00fcsten Spaniens, Chalets bieten eine einzigartige Mischung aus Komfort und Naturn\u00e4he. Taucht mit uns in die Welt der Chalets ein.<\/p>\n","protected":false},"author":10,"featured_media":2681,"comment_status":"open","ping_status":"open","sticky":false,"template":"","format":"standard","meta":{"footnotes":""},"categories":[5],"tags":[],"location":[],"class_list":["post-2658","post","type-post","status-publish","format-standard","has-post-thumbnail","hentry","category-discovery"],"acf":[],"yoast_head":"<!-- This site is optimized with the Yoast SEO plugin v27.5 - https:\/\/yoast.com\/product\/yoast-seo-wordpress\/ -->\n<title>6 Gr\u00fcnde: Chalet mieten f\u00fcr Euren Traumurlaub | Belvilla<\/title>\n<meta name=\"description\" content=\"Entflieht dem Alltag und genie\u00dft einzigartige Chalet-Erlebnisse mit Belvilla. Erfahrt hier, was einen Urlaub im Chalet so besonders macht.\" \/>\n<meta name=\"robots\" content=\"index, follow, max-snippet:-1, max-image-preview:large, max-video-preview:-1\" \/>\n<link rel=\"canonical\" href=\"https:\/\/www.belvilla.de\/blog\/chalet-urlaub\/\" \/>\n<meta property=\"og:locale\" content=\"de_DE\" \/>\n<meta property=\"og:type\" content=\"article\" \/>\n<meta property=\"og:title\" content=\"6 Gr\u00fcnde: Chalet mieten f\u00fcr Euren Traumurlaub | Belvilla\" \/>\n<meta property=\"og:description\" content=\"Entflieht dem Alltag und genie\u00dft einzigartige Chalet-Erlebnisse mit Belvilla. Erfahrt hier, was einen Urlaub im Chalet so besonders macht.\" \/>\n<meta property=\"og:url\" content=\"https:\/\/www.belvilla.de\/blog\/chalet-urlaub\/\" \/>\n<meta property=\"og:site_name\" content=\"Belvilla Blog DE\" \/>\n<meta property=\"article:published_time\" content=\"2023-05-30T16:08:33+00:00\" \/>\n<meta property=\"article:modified_time\" content=\"2023-08-28T21:10:22+00:00\" \/>\n<meta property=\"og:image\" content=\"https:\/\/www.belvilla.de\/blog\/wp-content\/uploads\/sites\/4\/2023\/05\/Shutterstock_1464144638-1.jpg\" \/>\n\t<meta property=\"og:image:width\" content=\"1096\" \/>\n\t<meta property=\"og:image:height\" content=\"683\" \/>\n\t<meta property=\"og:image:type\" content=\"image\/jpeg\" \/>\n<meta name=\"twitter:card\" content=\"summary_large_image\" \/>\n<meta name=\"twitter:label1\" content=\"Verfasst von\" \/>\n\t<meta name=\"twitter:data1\" content=\"\" \/>\n\t<meta name=\"twitter:label2\" content=\"Gesch\u00e4tzte Lesezeit\" \/>\n\t<meta name=\"twitter:data2\" content=\"4\u00a0Minuten\" \/>\n<script type=\"application\/ld+json\" class=\"yoast-schema-graph\">{\"@context\":\"https:\\\/\\\/schema.org\",\"@graph\":[{\"@type\":\"Article\",\"@id\":\"https:\\\/\\\/www.belvilla.de\\\/blog\\\/chalet-urlaub\\\/#article\",\"isPartOf\":{\"@id\":\"https:\\\/\\\/www.belvilla.de\\\/blog\\\/chalet-urlaub\\\/\"},\"author\":{\"name\":\"\",\"@id\":\"\"},\"headline\":\"Entdeckt die Faszination Chalet-Urlaub mit Belvilla\",\"datePublished\":\"2023-05-30T16:08:33+00:00\",\"dateModified\":\"2023-08-28T21:10:22+00:00\",\"mainEntityOfPage\":{\"@id\":\"https:\\\/\\\/www.belvilla.de\\\/blog\\\/chalet-urlaub\\\/\"},\"wordCount\":644,\"commentCount\":0,\"image\":{\"@id\":\"https:\\\/\\\/www.belvilla.de\\\/blog\\\/chalet-urlaub\\\/#primaryimage\"},\"thumbnailUrl\":\"https:\\\/\\\/www.belvilla.de\\\/blog\\\/wp-content\\\/uploads\\\/sites\\\/4\\\/2023\\\/05\\\/Shutterstock_1464144638-1.jpg\",\"articleSection\":[\"Discovery\"],\"inLanguage\":\"de\",\"potentialAction\":[{\"@type\":\"CommentAction\",\"name\":\"Comment\",\"target\":[\"https:\\\/\\\/www.belvilla.de\\\/blog\\\/chalet-urlaub\\\/#respond\"]}]},{\"@type\":\"WebPage\",\"@id\":\"https:\\\/\\\/www.belvilla.de\\\/blog\\\/chalet-urlaub\\\/\",\"url\":\"https:\\\/\\\/www.belvilla.de\\\/blog\\\/chalet-urlaub\\\/\",\"name\":\"6 Gr\u00fcnde: Chalet mieten f\u00fcr Euren Traumurlaub | Belvilla\",\"isPartOf\":{\"@id\":\"https:\\\/\\\/www.belvilla.de\\\/blog\\\/#website\"},\"primaryImageOfPage\":{\"@id\":\"https:\\\/\\\/www.belvilla.de\\\/blog\\\/chalet-urlaub\\\/#primaryimage\"},\"image\":{\"@id\":\"https:\\\/\\\/www.belvilla.de\\\/blog\\\/chalet-urlaub\\\/#primaryimage\"},\"thumbnailUrl\":\"https:\\\/\\\/www.belvilla.de\\\/blog\\\/wp-content\\\/uploads\\\/sites\\\/4\\\/2023\\\/05\\\/Shutterstock_1464144638-1.jpg\",\"datePublished\":\"2023-05-30T16:08:33+00:00\",\"dateModified\":\"2023-08-28T21:10:22+00:00\",\"author\":{\"@id\":\"\"},\"description\":\"Entflieht dem Alltag und genie\u00dft einzigartige Chalet-Erlebnisse mit Belvilla. Erfahrt hier, was einen Urlaub im Chalet so besonders macht.\",\"breadcrumb\":{\"@id\":\"https:\\\/\\\/www.belvilla.de\\\/blog\\\/chalet-urlaub\\\/#breadcrumb\"},\"inLanguage\":\"de\",\"potentialAction\":[{\"@type\":\"ReadAction\",\"target\":[\"https:\\\/\\\/www.belvilla.de\\\/blog\\\/chalet-urlaub\\\/\"]}]},{\"@type\":\"ImageObject\",\"inLanguage\":\"de\",\"@id\":\"https:\\\/\\\/www.belvilla.de\\\/blog\\\/chalet-urlaub\\\/#primaryimage\",\"url\":\"https:\\\/\\\/www.belvilla.de\\\/blog\\\/wp-content\\\/uploads\\\/sites\\\/4\\\/2023\\\/05\\\/Shutterstock_1464144638-1.jpg\",\"contentUrl\":\"https:\\\/\\\/www.belvilla.de\\\/blog\\\/wp-content\\\/uploads\\\/sites\\\/4\\\/2023\\\/05\\\/Shutterstock_1464144638-1.jpg\",\"width\":1096,\"height\":683,\"caption\":\"Chalet in den \u00f6sterreichischen Alpen\"},{\"@type\":\"BreadcrumbList\",\"@id\":\"https:\\\/\\\/www.belvilla.de\\\/blog\\\/chalet-urlaub\\\/#breadcrumb\",\"itemListElement\":[{\"@type\":\"ListItem\",\"position\":1,\"name\":\"Home\",\"item\":\"https:\\\/\\\/www.belvilla.de\\\/blog\\\/\"},{\"@type\":\"ListItem\",\"position\":2,\"name\":\"Entdeckt die Faszination Chalet-Urlaub mit Belvilla\"}]},{\"@type\":\"WebSite\",\"@id\":\"https:\\\/\\\/www.belvilla.de\\\/blog\\\/#website\",\"url\":\"https:\\\/\\\/www.belvilla.de\\\/blog\\\/\",\"name\":\"Belvilla Blog DE\",\"description\":\"\",\"potentialAction\":[{\"@type\":\"SearchAction\",\"target\":{\"@type\":\"EntryPoint\",\"urlTemplate\":\"https:\\\/\\\/www.belvilla.de\\\/blog\\\/?s={search_term_string}\"},\"query-input\":{\"@type\":\"PropertyValueSpecification\",\"valueRequired\":true,\"valueName\":\"search_term_string\"}}],\"inLanguage\":\"de\"},{\"@type\":\"Person\",\"@id\":\"\"}]}<\/script>\n<!-- \/ Yoast SEO plugin. -->","yoast_head_json":{"title":"6 Gr\u00fcnde: Chalet mieten f\u00fcr Euren Traumurlaub | Belvilla","description":"Entflieht dem Alltag und genie\u00dft einzigartige Chalet-Erlebnisse mit Belvilla. Erfahrt hier, was einen Urlaub im Chalet so besonders macht.","robots":{"index":"index","follow":"follow","max-snippet":"max-snippet:-1","max-image-preview":"max-image-preview:large","max-video-preview":"max-video-preview:-1"},"canonical":"https:\/\/www.belvilla.de\/blog\/chalet-urlaub\/","og_locale":"de_DE","og_type":"article","og_title":"6 Gr\u00fcnde: Chalet mieten f\u00fcr Euren Traumurlaub | Belvilla","og_description":"Entflieht dem Alltag und genie\u00dft einzigartige Chalet-Erlebnisse mit Belvilla. Erfahrt hier, was einen Urlaub im Chalet so besonders macht.","og_url":"https:\/\/www.belvilla.de\/blog\/chalet-urlaub\/","og_site_name":"Belvilla Blog DE","article_published_time":"2023-05-30T16:08:33+00:00","article_modified_time":"2023-08-28T21:10:22+00:00","og_image":[{"width":1096,"height":683,"url":"https:\/\/www.belvilla.de\/blog\/wp-content\/uploads\/sites\/4\/2023\/05\/Shutterstock_1464144638-1.jpg","type":"image\/jpeg"}],"twitter_card":"summary_large_image","twitter_misc":{"Verfasst von":"","Gesch\u00e4tzte Lesezeit":"4\u00a0Minuten"},"schema":{"@context":"https:\/\/schema.org","@graph":[{"@type":"Article","@id":"https:\/\/www.belvilla.de\/blog\/chalet-urlaub\/#article","isPartOf":{"@id":"https:\/\/www.belvilla.de\/blog\/chalet-urlaub\/"},"author":{"name":"","@id":""},"headline":"Entdeckt die Faszination Chalet-Urlaub mit Belvilla","datePublished":"2023-05-30T16:08:33+00:00","dateModified":"2023-08-28T21:10:22+00:00","mainEntityOfPage":{"@id":"https:\/\/www.belvilla.de\/blog\/chalet-urlaub\/"},"wordCount":644,"commentCount":0,"image":{"@id":"https:\/\/www.belvilla.de\/blog\/chalet-urlaub\/#primaryimage"},"thumbnailUrl":"https:\/\/www.belvilla.de\/blog\/wp-content\/uploads\/sites\/4\/2023\/05\/Shutterstock_1464144638-1.jpg","articleSection":["Discovery"],"inLanguage":"de","potentialAction":[{"@type":"CommentAction","name":"Comment","target":["https:\/\/www.belvilla.de\/blog\/chalet-urlaub\/#respond"]}]},{"@type":"WebPage","@id":"https:\/\/www.belvilla.de\/blog\/chalet-urlaub\/","url":"https:\/\/www.belvilla.de\/blog\/chalet-urlaub\/","name":"6 Gr\u00fcnde: Chalet mieten f\u00fcr Euren Traumurlaub | Belvilla","isPartOf":{"@id":"https:\/\/www.belvilla.de\/blog\/#website"},"primaryImageOfPage":{"@id":"https:\/\/www.belvilla.de\/blog\/chalet-urlaub\/#primaryimage"},"image":{"@id":"https:\/\/www.belvilla.de\/blog\/chalet-urlaub\/#primaryimage"},"thumbnailUrl":"https:\/\/www.belvilla.de\/blog\/wp-content\/uploads\/sites\/4\/2023\/05\/Shutterstock_1464144638-1.jpg","datePublished":"2023-05-30T16:08:33+00:00","dateModified":"2023-08-28T21:10:22+00:00","author":{"@id":""},"description":"Entflieht dem Alltag und genie\u00dft einzigartige Chalet-Erlebnisse mit Belvilla. Erfahrt hier, was einen Urlaub im Chalet so besonders macht.","breadcrumb":{"@id":"https:\/\/www.belvilla.de\/blog\/chalet-urlaub\/#breadcrumb"},"inLanguage":"de","potentialAction":[{"@type":"ReadAction","target":["https:\/\/www.belvilla.de\/blog\/chalet-urlaub\/"]}]},{"@type":"ImageObject","inLanguage":"de","@id":"https:\/\/www.belvilla.de\/blog\/chalet-urlaub\/#primaryimage","url":"https:\/\/www.belvilla.de\/blog\/wp-content\/uploads\/sites\/4\/2023\/05\/Shutterstock_1464144638-1.jpg","contentUrl":"https:\/\/www.belvilla.de\/blog\/wp-content\/uploads\/sites\/4\/2023\/05\/Shutterstock_1464144638-1.jpg","width":1096,"height":683,"caption":"Chalet in den \u00f6sterreichischen Alpen"},{"@type":"BreadcrumbList","@id":"https:\/\/www.belvilla.de\/blog\/chalet-urlaub\/#breadcrumb","itemListElement":[{"@type":"ListItem","position":1,"name":"Home","item":"https:\/\/www.belvilla.de\/blog\/"},{"@type":"ListItem","position":2,"name":"Entdeckt die Faszination Chalet-Urlaub mit Belvilla"}]},{"@type":"WebSite","@id":"https:\/\/www.belvilla.de\/blog\/#website","url":"https:\/\/www.belvilla.de\/blog\/","name":"Belvilla Blog DE","description":"","potentialAction":[{"@type":"SearchAction","target":{"@type":"EntryPoint","urlTemplate":"https:\/\/www.belvilla.de\/blog\/?s={search_term_string}"},"query-input":{"@type":"PropertyValueSpecification","valueRequired":true,"valueName":"search_term_string"}}],"inLanguage":"de"},{"@type":"Person","@id":""}]}},"_links":{"self":[{"href":"https:\/\/www.belvilla.de\/blog\/wp-json\/wp\/v2\/posts\/2658","targetHints":{"allow":["GET"]}}],"collection":[{"href":"https:\/\/www.belvilla.de\/blog\/wp-json\/wp\/v2\/posts"}],"about":[{"href":"https:\/\/www.belvilla.de\/blog\/wp-json\/wp\/v2\/types\/post"}],"author":[{"embeddable":true,"href":"https:\/\/www.belvilla.de\/blog\/wp-json\/wp\/v2\/users\/10"}],"replies":[{"embeddable":true,"href":"https:\/\/www.belvilla.de\/blog\/wp-json\/wp\/v2\/comments?post=2658"}],"version-history":[{"count":9,"href":"https:\/\/www.belvilla.de\/blog\/wp-json\/wp\/v2\/posts\/2658\/revisions"}],"predecessor-version":[{"id":3276,"href":"https:\/\/www.belvilla.de\/blog\/wp-json\/wp\/v2\/posts\/2658\/revisions\/3276"}],"wp:featuredmedia":[{"embeddable":true,"href":"https:\/\/www.belvilla.de\/blog\/wp-json\/wp\/v2\/media\/2681"}],"wp:attachment":[{"href":"https:\/\/www.belvilla.de\/blog\/wp-json\/wp\/v2\/media?parent=2658"}],"wp:term":[{"taxonomy":"category","embeddable":true,"href":"https:\/\/www.belvilla.de\/blog\/wp-json\/wp\/v2\/categories?post=2658"},{"taxonomy":"post_tag","embeddable":true,"href":"https:\/\/www.belvilla.de\/blog\/wp-json\/wp\/v2\/tags?post=2658"},{"taxonomy":"location","embeddable":true,"href":"https:\/\/www.belvilla.de\/blog\/wp-json\/wp\/v2\/location?post=2658"}],"curies":[{"name":"wp","href":"https:\/\/api.w.org\/{rel}","templated":true}]}}