{"id":2639,"date":"2023-04-26T20:07:03","date_gmt":"2023-04-26T20:07:03","guid":{"rendered":"https:\/\/www.belvilla.de\/blog\/?p=2639"},"modified":"2023-08-28T21:10:36","modified_gmt":"2023-08-28T21:10:36","slug":"way-out-west-festival","status":"publish","type":"post","link":"https:\/\/www.belvilla.de\/blog\/way-out-west-festival\/","title":{"rendered":"G\u00f6teborgs Sommerfestival Way Out West"},"content":{"rendered":"\n<p>Das Way Out West-Festival in G\u00f6teborg wird umgangssprachlich WOW genannt und als &#8222;bestes Festival&#8220; gepriesen und das nicht ohne Grund. Wer es besucht, wird den WOW-Faktor selbst erfahren. Im Slottskogen-Park in <a href=\"https:\/\/www.belvilla.de\/ferienhaus-schweden\/ferienhaeuser-goeteborg\/\" target=\"_blank\" rel=\"noopener noreferrer\">G\u00f6teborg<\/a> warten seit 2007 j\u00e4hrlich zahlreiche gute Acts auf, von denen jeder ein bisschen andere Musik mitbringt. Und das nicht nur an einem zentralen Festivalort, sondern auch innerhalb der Stadt. <em>Stay Out West <\/em>nennt sich das Konzept und es bedeutet, dass ihr nachdem das offizielle Festival <em>Way Out West<\/em> auf dem Gel\u00e4nde zu Ende geht, auch innerhalb der Stadt an vielen verschiedenen Top-Locations Konzerte besuchen k\u00f6nnt. So geht das Festival noch die ganze Nacht weiter. Wir sind uns sicher: G\u00f6teborg Way out West lohnt sich! <\/p>\n\n\n\n<h2 class=\"wp-block-heading\">Line-Up<\/h2>\n\n\n\n<p>Das Line-Up des Way Out West &#8211; Festival ist jedes Jahr anders, aber jedes Jahr gut, denn kein gutes Festival ohne ein umwerfendes Line-Up. Die Top-Acts H\u00e5kan Hellstr\u00f6m, Jos\u00e9 Gonz\u00e1lez, Blur und Wizkid w\u00e4ren schon alleine einen Besuch wert. Weitere Acts des rundum gelungenen Line-Ups sind unter anderem Amyl &amp; The Sniffers, Tove Lo, Boygenius, Billy Strings, Yo La Tengo, Sam Fender und Black Sherif. Euch erwarten Highlights aus Hip-Hop, italienische Tanzmusik, Post-Punk, Electro-Pop, Indie-Rock und mehr. Wir finden: Es ist schwer eine Way Out West Band zu w\u00e4hlen, die uns am meisten gef\u00e4llt, denn jede ist fantastisch. Auf dem Way Out West Festival wird \u00fcbrigens auch die ein oder andere Filmpremiere gezeigt.<\/p>\n\n\n\n<h2 class=\"wp-block-heading\">Gastronomisches Angebot<\/h2>\n\n\n\n<p>Auf einem guten Festival darf ein vielseitiges gastronomisches Angebot nicht fehlen. Auf dem Way Out West-Festival ist alles vegetarisch. Imbissbuden, kleine Caf\u00e9s und Fine-Dining-Restaurants, sorgen f\u00fcr passende Gerichte und gute Getr\u00e4nke f\u00fcr jeden Geschmack. Salate, Burger, typische Sm\u00e5lands-Rollen oder s\u00fc\u00dfe Geb\u00e4cke auf die Hand lassen sich auch gut f\u00fcr ein Picknick im Gras direkt vor der Lieblingsb\u00fchne mitnehmen. Viele Optionen machen auch die Veganer unter euch gl\u00fccklich. Das Way Out Festival m\u00f6chte nachhaltig sein und das spiegelt sich im Essensangebot wider. Wir k\u00f6nnen euch versprechen: Lecker ist alles.<\/p>\n\n\n\n<figure class=\"wp-block-image size-large\"><img loading=\"lazy\" decoding=\"async\" width=\"1096\" height=\"863\" src=\"https:\/\/www.belvilla.de\/blog\/wp-content\/uploads\/sites\/4\/2023\/04\/Shutterstock_2134139607-1-1096x863.jpg\" alt=\"Zimtschnecken in G\u00f6teborg\" class=\"wp-image-2647\" \/><\/figure>\n\n\n\n<h2 class=\"wp-block-heading\">Stay Out West &amp; Slottsskogen <\/h2>\n\n\n\n<p>Die Location Slottsskogen ist die gr\u00fcne Hauptlocation des Festivals. Zwischen B\u00e4umen, dekoriert mit Lichterketten, und idyllisch am Wasser, erwarten euch f\u00fcnf B\u00fchnen: Azalea, Dungen, Flamingo, Linn\u00e9 und H\u00f6jden. Die typische Festivalstimmung kommt hier am besten auf. <\/p>\n\n\n\n<p>Damit die Musik auch nach Ende des offiziellen Festivals weitergehen kann, haben sich die Veranstalter des Way Out West-Festivals etwas besonderes \u00fcberlegt. Die &#8222;Aftershow&#8220; <em>Stay Out West <\/em>findet in der Innenstadt G\u00f6teborgs statt. Die Locations Scandic G\u00f6teborg, Pustervik, Liseberg, Nefertiti, Musikens Hus, Oceanen und im Folkteatern laden alle Festivalbesucher zum Weitertanzen ein. Es erwarten euch ein schickes Ambiente, magische Momente und Locations, in denen ihr drinnen und drau\u00dfen sein k\u00f6nnt &#8211; Im Sommer in Schweden ist das besonders sch\u00f6n. Tolle Acts auf verschiedenen B\u00fchnen lassen die Nacht zum Tag werden. <\/p>\n\n\n\n<figure class=\"wp-block-image size-large\"><img loading=\"lazy\" decoding=\"async\" width=\"1096\" height=\"863\" src=\"https:\/\/www.belvilla.de\/blog\/wp-content\/uploads\/sites\/4\/2023\/04\/Shutterstock_2067006449-1096x863.jpg\" alt=\"Leuchtreklamen in G\u00f6teborg\" class=\"wp-image-2648\" \/><\/figure>\n\n\n\n<h2 class=\"wp-block-heading\">G\u00f6teborg und mehr<\/h2>\n\n\n\n<p>Die Hafenstadt G\u00f6teborg ist \u00fcber das Festival hinaus eine Reise wert. Sie ist die zweitgr\u00f6\u00dfte Stadt Schwedens und liegt an der S\u00fcdwestk\u00fcste. Das Stadtbild pr\u00e4gen moderne und historische Geb\u00e4ude und Gassen mit niedlichen typischen Holzh\u00e4usern. Der G\u00f6teborger Dom und das \u00e4lteste Viertel der Stadt, <em>Haga<\/em>, sind besonders sehenswert. In der N\u00e4he von G\u00f6teborg liegt auch Schloss <em>Gunnebo<\/em> mit seinen G\u00e4rten. <\/p>\n\n\n\n<p>Ein Besuch auf dem Festival l\u00e4sst sich auch einfach mit einem Urlaub in <a href=\"https:\/\/www.belvilla.de\/ferienhaus-schweden\/\" target=\"_blank\" rel=\"noopener noreferrer\">Schweden<\/a> und anderen Teilen Skandinaviens verbinden, zum Beispiel in <a href=\"https:\/\/www.belvilla.de\/ferienhaus-daenemark\/\" target=\"_blank\" rel=\"noopener noreferrer\">D\u00e4nemark<\/a>. Ihr k\u00f6nnt die St\u00e4dte untereinander gut mit dem Auto oder mit den \u00f6ffentlichen Verkehrsmitteln erreichen. Skandinavien bietet, unter anderem dank der warmen Temperaturen und der langen Tage, im Sommer unvergessliche Reiseerlebnisse.<\/p>\n\n\n\n<figure class=\"wp-block-image size-large\"><img loading=\"lazy\" decoding=\"async\" width=\"1096\" height=\"863\" src=\"https:\/\/www.belvilla.de\/blog\/wp-content\/uploads\/sites\/4\/2023\/04\/Shutterstock_272653541-1096x863.jpg\" alt=\"Kirschbl\u00fcten in G\u00f6teborg\" class=\"wp-image-2649\" \/><\/figure>\n\n\n\n<p>Festivalfans k\u00f6nnen sich \u00fcber zahlreiche Acts freuen. F\u00fcr jeden Geschmack bietet das Way Out West-Festival eine passende Band. <\/p>\n","protected":false},"excerpt":{"rendered":"<p>Das Festival Way Out West bietet fantastische Musik, darunter kleine Indie-Bands, Rocklegenden und ber\u00fchmte RnB-Gr\u00f6\u00dfen und das alles inmitten einer sch\u00f6nen Naturkulisse im Slottsskogen-Park in G\u00f6teborg. Lest hier mehr.<\/p>\n","protected":false},"author":10,"featured_media":2646,"comment_status":"open","ping_status":"open","sticky":false,"template":"","format":"standard","meta":{"footnotes":""},"categories":[4],"tags":[211,209,214,210,212,213],"location":[],"class_list":["post-2639","post","type-post","status-publish","format-standard","has-post-thumbnail","hentry","category-events-seasonal","tag-bands","tag-festival","tag-festival-goeteborg","tag-festivalschweden","tag-rockbands","tag-schweden-festival"],"acf":[],"yoast_head":"<!-- This site is optimized with the Yoast SEO plugin v27.5 - https:\/\/yoast.com\/product\/yoast-seo-wordpress\/ -->\n<title>Way Out West Festival in G\u00f6teborg erleben | Belvilla<\/title>\n<meta name=\"description\" content=\"Das Way Out West Festival in G\u00f6teborg in Schweden lockt j\u00e4hrlich zahlreiche Besucher aus Schweden und aus aller Welt an. Lest hier wieso ihr es besuchen m\u00fcsst.\" \/>\n<meta name=\"robots\" content=\"index, follow, max-snippet:-1, max-image-preview:large, max-video-preview:-1\" \/>\n<link rel=\"canonical\" href=\"https:\/\/www.belvilla.de\/blog\/way-out-west-festival\/\" \/>\n<meta property=\"og:locale\" content=\"de_DE\" \/>\n<meta property=\"og:type\" content=\"article\" \/>\n<meta property=\"og:title\" content=\"Way Out West Festival in G\u00f6teborg erleben | Belvilla\" \/>\n<meta property=\"og:description\" content=\"Das Way Out West Festival in G\u00f6teborg in Schweden lockt j\u00e4hrlich zahlreiche Besucher aus Schweden und aus aller Welt an. Lest hier wieso ihr es besuchen m\u00fcsst.\" \/>\n<meta property=\"og:url\" content=\"https:\/\/www.belvilla.de\/blog\/way-out-west-festival\/\" \/>\n<meta property=\"og:site_name\" content=\"Belvilla Blog DE\" \/>\n<meta property=\"article:published_time\" content=\"2023-04-26T20:07:03+00:00\" \/>\n<meta property=\"article:modified_time\" content=\"2023-08-28T21:10:36+00:00\" \/>\n<meta property=\"og:image\" content=\"https:\/\/www.belvilla.de\/blog\/wp-content\/uploads\/sites\/4\/2023\/04\/Shutterstock_298767080-1.jpg\" \/>\n\t<meta property=\"og:image:width\" content=\"1096\" \/>\n\t<meta property=\"og:image:height\" content=\"683\" \/>\n\t<meta property=\"og:image:type\" content=\"image\/jpeg\" \/>\n<meta name=\"twitter:card\" content=\"summary_large_image\" \/>\n<meta name=\"twitter:label1\" content=\"Verfasst von\" \/>\n\t<meta name=\"twitter:data1\" content=\"\" \/>\n\t<meta name=\"twitter:label2\" content=\"Gesch\u00e4tzte Lesezeit\" \/>\n\t<meta name=\"twitter:data2\" content=\"4\u00a0Minuten\" \/>\n<script type=\"application\/ld+json\" class=\"yoast-schema-graph\">{\"@context\":\"https:\\\/\\\/schema.org\",\"@graph\":[{\"@type\":\"Article\",\"@id\":\"https:\\\/\\\/www.belvilla.de\\\/blog\\\/way-out-west-festival\\\/#article\",\"isPartOf\":{\"@id\":\"https:\\\/\\\/www.belvilla.de\\\/blog\\\/way-out-west-festival\\\/\"},\"author\":{\"name\":\"\",\"@id\":\"\"},\"headline\":\"G\u00f6teborgs Sommerfestival Way Out West\",\"datePublished\":\"2023-04-26T20:07:03+00:00\",\"dateModified\":\"2023-08-28T21:10:36+00:00\",\"mainEntityOfPage\":{\"@id\":\"https:\\\/\\\/www.belvilla.de\\\/blog\\\/way-out-west-festival\\\/\"},\"wordCount\":644,\"commentCount\":0,\"image\":{\"@id\":\"https:\\\/\\\/www.belvilla.de\\\/blog\\\/way-out-west-festival\\\/#primaryimage\"},\"thumbnailUrl\":\"https:\\\/\\\/www.belvilla.de\\\/blog\\\/wp-content\\\/uploads\\\/sites\\\/4\\\/2023\\\/04\\\/Shutterstock_298767080-1.jpg\",\"keywords\":[\"bands\",\"festival\",\"festival g\u00f6teborg\",\"festivalschweden\",\"rockbands\",\"schweden festival\"],\"articleSection\":[\"Events\\\/Seasonal\"],\"inLanguage\":\"de\",\"potentialAction\":[{\"@type\":\"CommentAction\",\"name\":\"Comment\",\"target\":[\"https:\\\/\\\/www.belvilla.de\\\/blog\\\/way-out-west-festival\\\/#respond\"]}]},{\"@type\":\"WebPage\",\"@id\":\"https:\\\/\\\/www.belvilla.de\\\/blog\\\/way-out-west-festival\\\/\",\"url\":\"https:\\\/\\\/www.belvilla.de\\\/blog\\\/way-out-west-festival\\\/\",\"name\":\"Way Out West Festival in G\u00f6teborg erleben | Belvilla\",\"isPartOf\":{\"@id\":\"https:\\\/\\\/www.belvilla.de\\\/blog\\\/#website\"},\"primaryImageOfPage\":{\"@id\":\"https:\\\/\\\/www.belvilla.de\\\/blog\\\/way-out-west-festival\\\/#primaryimage\"},\"image\":{\"@id\":\"https:\\\/\\\/www.belvilla.de\\\/blog\\\/way-out-west-festival\\\/#primaryimage\"},\"thumbnailUrl\":\"https:\\\/\\\/www.belvilla.de\\\/blog\\\/wp-content\\\/uploads\\\/sites\\\/4\\\/2023\\\/04\\\/Shutterstock_298767080-1.jpg\",\"datePublished\":\"2023-04-26T20:07:03+00:00\",\"dateModified\":\"2023-08-28T21:10:36+00:00\",\"author\":{\"@id\":\"\"},\"description\":\"Das Way Out West Festival in G\u00f6teborg in Schweden lockt j\u00e4hrlich zahlreiche Besucher aus Schweden und aus aller Welt an. Lest hier wieso ihr es besuchen m\u00fcsst.\",\"breadcrumb\":{\"@id\":\"https:\\\/\\\/www.belvilla.de\\\/blog\\\/way-out-west-festival\\\/#breadcrumb\"},\"inLanguage\":\"de\",\"potentialAction\":[{\"@type\":\"ReadAction\",\"target\":[\"https:\\\/\\\/www.belvilla.de\\\/blog\\\/way-out-west-festival\\\/\"]}]},{\"@type\":\"ImageObject\",\"inLanguage\":\"de\",\"@id\":\"https:\\\/\\\/www.belvilla.de\\\/blog\\\/way-out-west-festival\\\/#primaryimage\",\"url\":\"https:\\\/\\\/www.belvilla.de\\\/blog\\\/wp-content\\\/uploads\\\/sites\\\/4\\\/2023\\\/04\\\/Shutterstock_298767080-1.jpg\",\"contentUrl\":\"https:\\\/\\\/www.belvilla.de\\\/blog\\\/wp-content\\\/uploads\\\/sites\\\/4\\\/2023\\\/04\\\/Shutterstock_298767080-1.jpg\",\"width\":1096,\"height\":683,\"caption\":\"Fr\u00f6hliche Menschen vor Festivalb\u00fchne\"},{\"@type\":\"BreadcrumbList\",\"@id\":\"https:\\\/\\\/www.belvilla.de\\\/blog\\\/way-out-west-festival\\\/#breadcrumb\",\"itemListElement\":[{\"@type\":\"ListItem\",\"position\":1,\"name\":\"Home\",\"item\":\"https:\\\/\\\/www.belvilla.de\\\/blog\\\/\"},{\"@type\":\"ListItem\",\"position\":2,\"name\":\"G\u00f6teborgs Sommerfestival Way Out West\"}]},{\"@type\":\"WebSite\",\"@id\":\"https:\\\/\\\/www.belvilla.de\\\/blog\\\/#website\",\"url\":\"https:\\\/\\\/www.belvilla.de\\\/blog\\\/\",\"name\":\"Belvilla Blog DE\",\"description\":\"\",\"potentialAction\":[{\"@type\":\"SearchAction\",\"target\":{\"@type\":\"EntryPoint\",\"urlTemplate\":\"https:\\\/\\\/www.belvilla.de\\\/blog\\\/?s={search_term_string}\"},\"query-input\":{\"@type\":\"PropertyValueSpecification\",\"valueRequired\":true,\"valueName\":\"search_term_string\"}}],\"inLanguage\":\"de\"},{\"@type\":\"Person\",\"@id\":\"\"}]}<\/script>\n<!-- \/ Yoast SEO plugin. -->","yoast_head_json":{"title":"Way Out West Festival in G\u00f6teborg erleben | Belvilla","description":"Das Way Out West Festival in G\u00f6teborg in Schweden lockt j\u00e4hrlich zahlreiche Besucher aus Schweden und aus aller Welt an. Lest hier wieso ihr es besuchen m\u00fcsst.","robots":{"index":"index","follow":"follow","max-snippet":"max-snippet:-1","max-image-preview":"max-image-preview:large","max-video-preview":"max-video-preview:-1"},"canonical":"https:\/\/www.belvilla.de\/blog\/way-out-west-festival\/","og_locale":"de_DE","og_type":"article","og_title":"Way Out West Festival in G\u00f6teborg erleben | Belvilla","og_description":"Das Way Out West Festival in G\u00f6teborg in Schweden lockt j\u00e4hrlich zahlreiche Besucher aus Schweden und aus aller Welt an. Lest hier wieso ihr es besuchen m\u00fcsst.","og_url":"https:\/\/www.belvilla.de\/blog\/way-out-west-festival\/","og_site_name":"Belvilla Blog DE","article_published_time":"2023-04-26T20:07:03+00:00","article_modified_time":"2023-08-28T21:10:36+00:00","og_image":[{"width":1096,"height":683,"url":"https:\/\/www.belvilla.de\/blog\/wp-content\/uploads\/sites\/4\/2023\/04\/Shutterstock_298767080-1.jpg","type":"image\/jpeg"}],"twitter_card":"summary_large_image","twitter_misc":{"Verfasst von":"","Gesch\u00e4tzte Lesezeit":"4\u00a0Minuten"},"schema":{"@context":"https:\/\/schema.org","@graph":[{"@type":"Article","@id":"https:\/\/www.belvilla.de\/blog\/way-out-west-festival\/#article","isPartOf":{"@id":"https:\/\/www.belvilla.de\/blog\/way-out-west-festival\/"},"author":{"name":"","@id":""},"headline":"G\u00f6teborgs Sommerfestival Way Out West","datePublished":"2023-04-26T20:07:03+00:00","dateModified":"2023-08-28T21:10:36+00:00","mainEntityOfPage":{"@id":"https:\/\/www.belvilla.de\/blog\/way-out-west-festival\/"},"wordCount":644,"commentCount":0,"image":{"@id":"https:\/\/www.belvilla.de\/blog\/way-out-west-festival\/#primaryimage"},"thumbnailUrl":"https:\/\/www.belvilla.de\/blog\/wp-content\/uploads\/sites\/4\/2023\/04\/Shutterstock_298767080-1.jpg","keywords":["bands","festival","festival g\u00f6teborg","festivalschweden","rockbands","schweden festival"],"articleSection":["Events\/Seasonal"],"inLanguage":"de","potentialAction":[{"@type":"CommentAction","name":"Comment","target":["https:\/\/www.belvilla.de\/blog\/way-out-west-festival\/#respond"]}]},{"@type":"WebPage","@id":"https:\/\/www.belvilla.de\/blog\/way-out-west-festival\/","url":"https:\/\/www.belvilla.de\/blog\/way-out-west-festival\/","name":"Way Out West Festival in G\u00f6teborg erleben | Belvilla","isPartOf":{"@id":"https:\/\/www.belvilla.de\/blog\/#website"},"primaryImageOfPage":{"@id":"https:\/\/www.belvilla.de\/blog\/way-out-west-festival\/#primaryimage"},"image":{"@id":"https:\/\/www.belvilla.de\/blog\/way-out-west-festival\/#primaryimage"},"thumbnailUrl":"https:\/\/www.belvilla.de\/blog\/wp-content\/uploads\/sites\/4\/2023\/04\/Shutterstock_298767080-1.jpg","datePublished":"2023-04-26T20:07:03+00:00","dateModified":"2023-08-28T21:10:36+00:00","author":{"@id":""},"description":"Das Way Out West Festival in G\u00f6teborg in Schweden lockt j\u00e4hrlich zahlreiche Besucher aus Schweden und aus aller Welt an. Lest hier wieso ihr es besuchen m\u00fcsst.","breadcrumb":{"@id":"https:\/\/www.belvilla.de\/blog\/way-out-west-festival\/#breadcrumb"},"inLanguage":"de","potentialAction":[{"@type":"ReadAction","target":["https:\/\/www.belvilla.de\/blog\/way-out-west-festival\/"]}]},{"@type":"ImageObject","inLanguage":"de","@id":"https:\/\/www.belvilla.de\/blog\/way-out-west-festival\/#primaryimage","url":"https:\/\/www.belvilla.de\/blog\/wp-content\/uploads\/sites\/4\/2023\/04\/Shutterstock_298767080-1.jpg","contentUrl":"https:\/\/www.belvilla.de\/blog\/wp-content\/uploads\/sites\/4\/2023\/04\/Shutterstock_298767080-1.jpg","width":1096,"height":683,"caption":"Fr\u00f6hliche Menschen vor Festivalb\u00fchne"},{"@type":"BreadcrumbList","@id":"https:\/\/www.belvilla.de\/blog\/way-out-west-festival\/#breadcrumb","itemListElement":[{"@type":"ListItem","position":1,"name":"Home","item":"https:\/\/www.belvilla.de\/blog\/"},{"@type":"ListItem","position":2,"name":"G\u00f6teborgs Sommerfestival Way Out West"}]},{"@type":"WebSite","@id":"https:\/\/www.belvilla.de\/blog\/#website","url":"https:\/\/www.belvilla.de\/blog\/","name":"Belvilla Blog DE","description":"","potentialAction":[{"@type":"SearchAction","target":{"@type":"EntryPoint","urlTemplate":"https:\/\/www.belvilla.de\/blog\/?s={search_term_string}"},"query-input":{"@type":"PropertyValueSpecification","valueRequired":true,"valueName":"search_term_string"}}],"inLanguage":"de"},{"@type":"Person","@id":""}]}},"_links":{"self":[{"href":"https:\/\/www.belvilla.de\/blog\/wp-json\/wp\/v2\/posts\/2639","targetHints":{"allow":["GET"]}}],"collection":[{"href":"https:\/\/www.belvilla.de\/blog\/wp-json\/wp\/v2\/posts"}],"about":[{"href":"https:\/\/www.belvilla.de\/blog\/wp-json\/wp\/v2\/types\/post"}],"author":[{"embeddable":true,"href":"https:\/\/www.belvilla.de\/blog\/wp-json\/wp\/v2\/users\/10"}],"replies":[{"embeddable":true,"href":"https:\/\/www.belvilla.de\/blog\/wp-json\/wp\/v2\/comments?post=2639"}],"version-history":[{"count":6,"href":"https:\/\/www.belvilla.de\/blog\/wp-json\/wp\/v2\/posts\/2639\/revisions"}],"predecessor-version":[{"id":3279,"href":"https:\/\/www.belvilla.de\/blog\/wp-json\/wp\/v2\/posts\/2639\/revisions\/3279"}],"wp:featuredmedia":[{"embeddable":true,"href":"https:\/\/www.belvilla.de\/blog\/wp-json\/wp\/v2\/media\/2646"}],"wp:attachment":[{"href":"https:\/\/www.belvilla.de\/blog\/wp-json\/wp\/v2\/media?parent=2639"}],"wp:term":[{"taxonomy":"category","embeddable":true,"href":"https:\/\/www.belvilla.de\/blog\/wp-json\/wp\/v2\/categories?post=2639"},{"taxonomy":"post_tag","embeddable":true,"href":"https:\/\/www.belvilla.de\/blog\/wp-json\/wp\/v2\/tags?post=2639"},{"taxonomy":"location","embeddable":true,"href":"https:\/\/www.belvilla.de\/blog\/wp-json\/wp\/v2\/location?post=2639"}],"curies":[{"name":"wp","href":"https:\/\/api.w.org\/{rel}","templated":true}]}}