{"id":2526,"date":"2023-03-31T12:53:55","date_gmt":"2023-03-31T12:53:55","guid":{"rendered":"https:\/\/www.belvilla.de\/blog\/?p=2526"},"modified":"2023-08-28T21:11:29","modified_gmt":"2023-08-28T21:11:29","slug":"slowenien-kueste","status":"publish","type":"post","link":"https:\/\/www.belvilla.de\/blog\/slowenien-kueste\/","title":{"rendered":"Top 6 der sch\u00f6nsten Orte an der slowenischen K\u00fcste"},"content":{"rendered":"\n<p>Das kleine Land auf der sonnigen Seite der Alpen wird immer mehr zur gro\u00dfen Urlaubsdestination. Wegen seiner erstaunlichen Landschaften ist es ein perfekter Ort f\u00fcr Abenteurer und Naturliebhaber. Slowenien hat nur 47 km K\u00fcstenlinie an der Adria, weniger haben nur Monaco (4 km) sowie Bosnien-Herzegowina (23 km). Die slowenische K\u00fcste mag vielleicht kurz sein, aber sie hat einige gem\u00fctliche Fischerd\u00f6rfer, den l\u00e4ngsten Naturstrand der n\u00f6rdlichen Adria und angenehm warmes Wasser zu bieten.<\/p>\n\n\n\n<h2 class=\"wp-block-heading\">Piran und Portoro\u017e<\/h2>\n\n\n\n<p>Piran liegt an der S\u00fcdwestk\u00fcste Sloweniens, und die Stadt mit ihren orangefarbenen D\u00e4chern und dem glitzernden blauen Wasser wird oft mit dem nahen Dubrovnik in Kroatien verglichen. 500 Jahre lang, von 1283 bis 1797, war die Stadt Teil der Republik Venedig, was sich in ihrer Architektur widerspiegelt. Mit einem gesch\u00e4ftigen Hafen und einer gro\u00dfen Auswahl an Fischrestaurants ist der Teil der Stadt, der am Meer liegt, ein absolutes Muss. Entlang der Uferpromenade gibt es unglaubliche Dinge zu tun und einige gem\u00fctliche Str\u00e4nde zu erkunden.<\/p>\n\n\n\n<figure class=\"wp-block-image size-large\"><img loading=\"lazy\" decoding=\"async\" width=\"1096\" height=\"863\" src=\"https:\/\/www.belvilla.de\/blog\/wp-content\/uploads\/sites\/4\/2023\/03\/Shutterstock_2062547327-1096x863.jpg\" alt=\"Besucht Portoro\u017e\" class=\"wp-image-2554\" \/><figcaption class=\"wp-element-caption\">Besucht Portoro\u017e<\/figcaption><\/figure>\n\n\n\n<p>Obwohl Piran ein eigenst\u00e4ndiges Reiseziel ist, ist die Schwesterstadt Portoro\u017e die gr\u00f6\u00dfere Attraktion, vor allem im Sommer. Der Strand von Portoro\u017e ist in der Tat das beliebteste Strandziel in Slowenien. Der Strand und die Promenade von Portoroz verf\u00fcgen \u00fcber ausgezeichnete Einrichtungen, Gesch\u00e4fte und Caf\u00e9s. Der zentrale Strand erstreckt sich \u00fcber eine Fl\u00e4che von nur 25.000 m\u00b2 und ist damit nicht sehr gro\u00df. Das warme Wasser, der allm\u00e4hliche Zugang zum Wasser \u00fcber Holzstege und der flache Boden des Strandes, lassen ein echtes Urlaubsgef\u00fchl aufkommen.<\/p>\n\n\n\n<h2 class=\"wp-block-heading\">Izola<\/h2>\n\n\n\n<figure class=\"wp-block-image size-large\"><img loading=\"lazy\" decoding=\"async\" width=\"1096\" height=\"863\" src=\"https:\/\/www.belvilla.de\/blog\/wp-content\/uploads\/sites\/4\/2023\/03\/Shutterstock_1224793312-1096x863.jpg\" alt=\"Fischerdorf Izola\n\" class=\"wp-image-2555\" \/><figcaption class=\"wp-element-caption\">Fischerdorf Izola<\/figcaption><\/figure>\n\n\n\n<p>Izola hat seinen Namen von<em> Isola<\/em>, das bedeutet auf Italienisch Insel. Grund daf\u00fcr ist, dass die Stadt einst eine Insel war. Die Stadt Izola hat eine sehr lebendige K\u00fcste und ihr werdet in den engen Gassen Kunstgalerien sowie etliche Bars und Restaurants finden, welche sich auch entlang der Uferpromenade ausbreiten. Izola bietet eine Reihe sch\u00f6ner Str\u00e4nde &#8211; sehr zentral am Rande der Altstadt gelegen ist der Strand Svetilnik (Leuchtturm) mit einer gro\u00dfen Rasenfl\u00e4che und mit einigen Bars, einem Kieselstrand und einem Steg. Auf der anderen Seite des Yachthafens befindet sich Simonov Zaliv mit vielen Strandaktivit\u00e4ten wie Beachvolleyball und sogar einem kleinen Sandstrand.<\/p>\n\n\n\n<h2 class=\"wp-block-heading\">Koper<\/h2>\n\n\n\n<p>Koper, mit 20.000 Einwohnern die gr\u00f6\u00dfte Stadt an der slowenischen K\u00fcste, verf\u00fcgt \u00fcber einen &#8211; im Vergleich zur Gr\u00f6\u00dfe der Stadt selbst &#8211; sehr gro\u00dfen Hafen. Die sehr kleine Stadt erkundet ihr am besten zu Fu\u00df. Koper steht zudem ein wenig im Schatten von Piran, einem weiteren empfehlenswerten K\u00fcstenort. W\u00e4hrend Piran von Touristen \u00fcberrannt wird, ist Koper viel ruhiger.<\/p>\n\n\n\n<p>Der mittelalterliche Stadtkern und die venezianische Architektur, die vielen einladenden Restaurants und Caf\u00e9s machen die Stadt zu einem gro\u00dfartigen Ausflugsziel. Im Herzen von Koper befindet sich der Titov-Platz, der von sch\u00f6nen Pal\u00e4sten ges\u00e4umt ist. Weitere Sehensw\u00fcrdigkeiten in Koper sind der aus dem 15. Jahrhundert stammende Pr\u00e4torianerpalast mit seiner Loggia im Stil der venezianischen Gotik, die Kirche Carmine Rotunda aus dem 12. Jahrhundert und die Kathedrale St. Nazarius mit ihrem Turm aus dem 14. Jahrhundert.<\/p>\n\n\n\n<h2 class=\"wp-block-heading\">Strunjan<\/h2>\n\n\n\n<figure class=\"wp-block-image size-large\"><img loading=\"lazy\" decoding=\"async\" width=\"1096\" height=\"863\" src=\"https:\/\/www.belvilla.de\/blog\/wp-content\/uploads\/sites\/4\/2023\/03\/Shutterstock_1768747226-1096x863.jpg\" alt=\"Die Klippen von Strunjan\" class=\"wp-image-2556\" \/><figcaption class=\"wp-element-caption\">Die Klippen von Strunjan<\/figcaption><\/figure>\n\n\n\n<p>Auf halbem Weg zwischen Izola und Piran liegt der 1990 gegr\u00fcndete Naturpark Strunjan, ein versteckter Ort an der slowenischen K\u00fcste. Wenn ihr gerne wandert und sch\u00f6ne Aussichten genie\u00dfen wollt, ist der Naturpark Strunjan der perfekte Ort daf\u00fcr. Entdeckt die Natur in ihrer Vielfalt, w\u00e4hrend ihr den sehr gut markierten Weg entlang der sch\u00f6nen Klippen entlang geht.<\/p>\n\n\n\n<p>Als Geheimtipp gilt ein kleiner Weg, der hinunter zu einem versteckten Felsenstrand f\u00fchrt, der <em>Mese\u010dev zaliv <\/em>oder Mondbucht genannt wird. Wenn ihr die slowenische K\u00fcste erkundet, solltet ihr euch einen Besuch der Mondbucht nicht entgehen lassen. Wegen ihrer unber\u00fchrten nat\u00fcrlichen Sch\u00f6nheit und dem kristallklaren Wasser ist die Mondbucht in Strunjan ein beliebtes Ziel, sowohl bei Einheimischen wie seit kurzem auch bei ausl\u00e4ndischen Touristen.<\/p>\n\n\n\n<h2 class=\"wp-block-heading\">Ankaran<\/h2>\n\n\n\n<p>Das direkt an der Grenze zu Italien gelegene Ankaran ist bei Besuchern vor allem wegen seiner Natursch\u00f6nheiten beliebt. Die kleine Grenzstadt liegt im Schatten von Olivenb\u00e4umen und Pinien und die Aussicht auf die K\u00fcste wird auch euch beeindrucken. Die Stadt mit nur 3.000 Einwohnern hat ein mediterranes Flair &#8211; die sonnige Lage am Meer, eine \u00fcppige Vegetation und viele nat\u00fcrliche und kulturelle Attraktionen in der Umgebung tragen dazu bei. Das interessanteste Bauwerk von Ankaran ist ein ehemaliges Benediktinerkloster, das im 11. Jahrhundert gegr\u00fcndet wurde.<\/p>\n\n\n\n<h2 class=\"wp-block-heading\">Naturpark Se\u010dovlje Salina <\/h2>\n\n\n\n<figure class=\"wp-block-image size-large\"><img loading=\"lazy\" decoding=\"async\" width=\"1096\" height=\"863\" src=\"https:\/\/www.belvilla.de\/blog\/wp-content\/uploads\/sites\/4\/2023\/03\/Shutterstock_1805604199-1096x863.jpg\" alt=\"\" class=\"wp-image-2557\" \/><figcaption class=\"wp-element-caption\">Der Naturpark Se\u010dovlje Salina<\/figcaption><\/figure>\n\n\n\n<p>Zuletzt auf der Liste, aber genau so einen Besuch wert, ist der Naturpark Se\u010dovlje Salina. Im Naturpark befindet sich der gr\u00f6\u00dfte Salzverdunstungsteich des Landes, und ihr k\u00f6nnt hier mitverfolgen, wie das Salz auf traditionelle Weise gewonnen wird. Im n\u00f6rdlichen Teil des Reservats, der Lera genannt wird, wird Salz nach einer 700 Jahre alten Methode gewonnen. Aber nicht nur der Salzverdunstungsteich ist ein Grund f\u00fcr Touristen, diese Stadt zu besuchen, sondern auch die biologische Vielfalt und die Sch\u00f6nheit der Natur. <\/p>\n","protected":false},"excerpt":{"rendered":"<p>Slowenien hat zwar nur 47 km K\u00fcstenlinie an der Adria, das sind fast 20 km weniger als Belgien sowie 20 km mehr als Bosnien-Herzegowina. Die K\u00fcste mag kurz sein, aber sie hat viele gem\u00fctliche Fischerd\u00f6rfer, den l\u00e4ngsten Naturstrand an der n\u00f6rdlichen Adria sowie angenehm warmes Wasser zu bieten.<\/p>\n","protected":false},"author":10,"featured_media":2553,"comment_status":"open","ping_status":"open","sticky":false,"template":"","format":"standard","meta":{"footnotes":""},"categories":[5],"tags":[],"location":[],"class_list":["post-2526","post","type-post","status-publish","format-standard","has-post-thumbnail","hentry","category-discovery"],"acf":[],"yoast_head":"<!-- This site is optimized with the Yoast SEO plugin v27.5 - https:\/\/yoast.com\/product\/yoast-seo-wordpress\/ -->\n<title>Die K\u00fcste Sloweniens entdecken | Belvilla<\/title>\n<meta name=\"description\" content=\"Slowenien, das kleine Land auf der Sonnenseite der Alpen wird immer mehr zum beliebten Urlaubsziel. Diese 6 Orte solltet ihr auf eurer Auswahlliste haben.\" \/>\n<meta name=\"robots\" content=\"index, follow, max-snippet:-1, max-image-preview:large, max-video-preview:-1\" \/>\n<link rel=\"canonical\" href=\"https:\/\/www.belvilla.de\/blog\/slowenien-kueste\/\" \/>\n<meta property=\"og:locale\" content=\"de_DE\" \/>\n<meta property=\"og:type\" content=\"article\" \/>\n<meta property=\"og:title\" content=\"Die K\u00fcste Sloweniens entdecken | Belvilla\" \/>\n<meta property=\"og:description\" content=\"Slowenien, das kleine Land auf der Sonnenseite der Alpen wird immer mehr zum beliebten Urlaubsziel. Diese 6 Orte solltet ihr auf eurer Auswahlliste haben.\" \/>\n<meta property=\"og:url\" content=\"https:\/\/www.belvilla.de\/blog\/slowenien-kueste\/\" \/>\n<meta property=\"og:site_name\" content=\"Belvilla Blog DE\" \/>\n<meta property=\"article:published_time\" content=\"2023-03-31T12:53:55+00:00\" \/>\n<meta property=\"article:modified_time\" content=\"2023-08-28T21:11:29+00:00\" \/>\n<meta property=\"og:image\" content=\"https:\/\/www.belvilla.de\/blog\/wp-content\/uploads\/sites\/4\/2023\/03\/Shutterstock_229677883.jpg\" \/>\n\t<meta property=\"og:image:width\" content=\"1096\" \/>\n\t<meta property=\"og:image:height\" content=\"683\" \/>\n\t<meta property=\"og:image:type\" content=\"image\/jpeg\" \/>\n<meta name=\"twitter:card\" content=\"summary_large_image\" \/>\n<meta name=\"twitter:label1\" content=\"Verfasst von\" \/>\n\t<meta name=\"twitter:data1\" content=\"\" \/>\n\t<meta name=\"twitter:label2\" content=\"Gesch\u00e4tzte Lesezeit\" \/>\n\t<meta name=\"twitter:data2\" content=\"6\u00a0Minuten\" \/>\n<script type=\"application\/ld+json\" class=\"yoast-schema-graph\">{\"@context\":\"https:\\\/\\\/schema.org\",\"@graph\":[{\"@type\":\"Article\",\"@id\":\"https:\\\/\\\/www.belvilla.de\\\/blog\\\/slowenien-kueste\\\/#article\",\"isPartOf\":{\"@id\":\"https:\\\/\\\/www.belvilla.de\\\/blog\\\/slowenien-kueste\\\/\"},\"author\":{\"name\":\"\",\"@id\":\"\"},\"headline\":\"Top 6 der sch\u00f6nsten Orte an der slowenischen K\u00fcste\",\"datePublished\":\"2023-03-31T12:53:55+00:00\",\"dateModified\":\"2023-08-28T21:11:29+00:00\",\"mainEntityOfPage\":{\"@id\":\"https:\\\/\\\/www.belvilla.de\\\/blog\\\/slowenien-kueste\\\/\"},\"wordCount\":844,\"commentCount\":0,\"image\":{\"@id\":\"https:\\\/\\\/www.belvilla.de\\\/blog\\\/slowenien-kueste\\\/#primaryimage\"},\"thumbnailUrl\":\"https:\\\/\\\/www.belvilla.de\\\/blog\\\/wp-content\\\/uploads\\\/sites\\\/4\\\/2023\\\/03\\\/Shutterstock_229677883.jpg\",\"articleSection\":[\"Discovery\"],\"inLanguage\":\"de\",\"potentialAction\":[{\"@type\":\"CommentAction\",\"name\":\"Comment\",\"target\":[\"https:\\\/\\\/www.belvilla.de\\\/blog\\\/slowenien-kueste\\\/#respond\"]}]},{\"@type\":\"WebPage\",\"@id\":\"https:\\\/\\\/www.belvilla.de\\\/blog\\\/slowenien-kueste\\\/\",\"url\":\"https:\\\/\\\/www.belvilla.de\\\/blog\\\/slowenien-kueste\\\/\",\"name\":\"Die K\u00fcste Sloweniens entdecken | Belvilla\",\"isPartOf\":{\"@id\":\"https:\\\/\\\/www.belvilla.de\\\/blog\\\/#website\"},\"primaryImageOfPage\":{\"@id\":\"https:\\\/\\\/www.belvilla.de\\\/blog\\\/slowenien-kueste\\\/#primaryimage\"},\"image\":{\"@id\":\"https:\\\/\\\/www.belvilla.de\\\/blog\\\/slowenien-kueste\\\/#primaryimage\"},\"thumbnailUrl\":\"https:\\\/\\\/www.belvilla.de\\\/blog\\\/wp-content\\\/uploads\\\/sites\\\/4\\\/2023\\\/03\\\/Shutterstock_229677883.jpg\",\"datePublished\":\"2023-03-31T12:53:55+00:00\",\"dateModified\":\"2023-08-28T21:11:29+00:00\",\"author\":{\"@id\":\"\"},\"description\":\"Slowenien, das kleine Land auf der Sonnenseite der Alpen wird immer mehr zum beliebten Urlaubsziel. Diese 6 Orte solltet ihr auf eurer Auswahlliste haben.\",\"breadcrumb\":{\"@id\":\"https:\\\/\\\/www.belvilla.de\\\/blog\\\/slowenien-kueste\\\/#breadcrumb\"},\"inLanguage\":\"de\",\"potentialAction\":[{\"@type\":\"ReadAction\",\"target\":[\"https:\\\/\\\/www.belvilla.de\\\/blog\\\/slowenien-kueste\\\/\"]}]},{\"@type\":\"ImageObject\",\"inLanguage\":\"de\",\"@id\":\"https:\\\/\\\/www.belvilla.de\\\/blog\\\/slowenien-kueste\\\/#primaryimage\",\"url\":\"https:\\\/\\\/www.belvilla.de\\\/blog\\\/wp-content\\\/uploads\\\/sites\\\/4\\\/2023\\\/03\\\/Shutterstock_229677883.jpg\",\"contentUrl\":\"https:\\\/\\\/www.belvilla.de\\\/blog\\\/wp-content\\\/uploads\\\/sites\\\/4\\\/2023\\\/03\\\/Shutterstock_229677883.jpg\",\"width\":1096,\"height\":683,\"caption\":\"Die K\u00fcste Sloweniens\"},{\"@type\":\"BreadcrumbList\",\"@id\":\"https:\\\/\\\/www.belvilla.de\\\/blog\\\/slowenien-kueste\\\/#breadcrumb\",\"itemListElement\":[{\"@type\":\"ListItem\",\"position\":1,\"name\":\"Home\",\"item\":\"https:\\\/\\\/www.belvilla.de\\\/blog\\\/\"},{\"@type\":\"ListItem\",\"position\":2,\"name\":\"Top 6 der sch\u00f6nsten Orte an der slowenischen K\u00fcste\"}]},{\"@type\":\"WebSite\",\"@id\":\"https:\\\/\\\/www.belvilla.de\\\/blog\\\/#website\",\"url\":\"https:\\\/\\\/www.belvilla.de\\\/blog\\\/\",\"name\":\"Belvilla Blog DE\",\"description\":\"\",\"potentialAction\":[{\"@type\":\"SearchAction\",\"target\":{\"@type\":\"EntryPoint\",\"urlTemplate\":\"https:\\\/\\\/www.belvilla.de\\\/blog\\\/?s={search_term_string}\"},\"query-input\":{\"@type\":\"PropertyValueSpecification\",\"valueRequired\":true,\"valueName\":\"search_term_string\"}}],\"inLanguage\":\"de\"},{\"@type\":\"Person\",\"@id\":\"\"}]}<\/script>\n<!-- \/ Yoast SEO plugin. -->","yoast_head_json":{"title":"Die K\u00fcste Sloweniens entdecken | Belvilla","description":"Slowenien, das kleine Land auf der Sonnenseite der Alpen wird immer mehr zum beliebten Urlaubsziel. Diese 6 Orte solltet ihr auf eurer Auswahlliste haben.","robots":{"index":"index","follow":"follow","max-snippet":"max-snippet:-1","max-image-preview":"max-image-preview:large","max-video-preview":"max-video-preview:-1"},"canonical":"https:\/\/www.belvilla.de\/blog\/slowenien-kueste\/","og_locale":"de_DE","og_type":"article","og_title":"Die K\u00fcste Sloweniens entdecken | Belvilla","og_description":"Slowenien, das kleine Land auf der Sonnenseite der Alpen wird immer mehr zum beliebten Urlaubsziel. Diese 6 Orte solltet ihr auf eurer Auswahlliste haben.","og_url":"https:\/\/www.belvilla.de\/blog\/slowenien-kueste\/","og_site_name":"Belvilla Blog DE","article_published_time":"2023-03-31T12:53:55+00:00","article_modified_time":"2023-08-28T21:11:29+00:00","og_image":[{"width":1096,"height":683,"url":"https:\/\/www.belvilla.de\/blog\/wp-content\/uploads\/sites\/4\/2023\/03\/Shutterstock_229677883.jpg","type":"image\/jpeg"}],"twitter_card":"summary_large_image","twitter_misc":{"Verfasst von":"","Gesch\u00e4tzte Lesezeit":"6\u00a0Minuten"},"schema":{"@context":"https:\/\/schema.org","@graph":[{"@type":"Article","@id":"https:\/\/www.belvilla.de\/blog\/slowenien-kueste\/#article","isPartOf":{"@id":"https:\/\/www.belvilla.de\/blog\/slowenien-kueste\/"},"author":{"name":"","@id":""},"headline":"Top 6 der sch\u00f6nsten Orte an der slowenischen K\u00fcste","datePublished":"2023-03-31T12:53:55+00:00","dateModified":"2023-08-28T21:11:29+00:00","mainEntityOfPage":{"@id":"https:\/\/www.belvilla.de\/blog\/slowenien-kueste\/"},"wordCount":844,"commentCount":0,"image":{"@id":"https:\/\/www.belvilla.de\/blog\/slowenien-kueste\/#primaryimage"},"thumbnailUrl":"https:\/\/www.belvilla.de\/blog\/wp-content\/uploads\/sites\/4\/2023\/03\/Shutterstock_229677883.jpg","articleSection":["Discovery"],"inLanguage":"de","potentialAction":[{"@type":"CommentAction","name":"Comment","target":["https:\/\/www.belvilla.de\/blog\/slowenien-kueste\/#respond"]}]},{"@type":"WebPage","@id":"https:\/\/www.belvilla.de\/blog\/slowenien-kueste\/","url":"https:\/\/www.belvilla.de\/blog\/slowenien-kueste\/","name":"Die K\u00fcste Sloweniens entdecken | Belvilla","isPartOf":{"@id":"https:\/\/www.belvilla.de\/blog\/#website"},"primaryImageOfPage":{"@id":"https:\/\/www.belvilla.de\/blog\/slowenien-kueste\/#primaryimage"},"image":{"@id":"https:\/\/www.belvilla.de\/blog\/slowenien-kueste\/#primaryimage"},"thumbnailUrl":"https:\/\/www.belvilla.de\/blog\/wp-content\/uploads\/sites\/4\/2023\/03\/Shutterstock_229677883.jpg","datePublished":"2023-03-31T12:53:55+00:00","dateModified":"2023-08-28T21:11:29+00:00","author":{"@id":""},"description":"Slowenien, das kleine Land auf der Sonnenseite der Alpen wird immer mehr zum beliebten Urlaubsziel. Diese 6 Orte solltet ihr auf eurer Auswahlliste haben.","breadcrumb":{"@id":"https:\/\/www.belvilla.de\/blog\/slowenien-kueste\/#breadcrumb"},"inLanguage":"de","potentialAction":[{"@type":"ReadAction","target":["https:\/\/www.belvilla.de\/blog\/slowenien-kueste\/"]}]},{"@type":"ImageObject","inLanguage":"de","@id":"https:\/\/www.belvilla.de\/blog\/slowenien-kueste\/#primaryimage","url":"https:\/\/www.belvilla.de\/blog\/wp-content\/uploads\/sites\/4\/2023\/03\/Shutterstock_229677883.jpg","contentUrl":"https:\/\/www.belvilla.de\/blog\/wp-content\/uploads\/sites\/4\/2023\/03\/Shutterstock_229677883.jpg","width":1096,"height":683,"caption":"Die K\u00fcste Sloweniens"},{"@type":"BreadcrumbList","@id":"https:\/\/www.belvilla.de\/blog\/slowenien-kueste\/#breadcrumb","itemListElement":[{"@type":"ListItem","position":1,"name":"Home","item":"https:\/\/www.belvilla.de\/blog\/"},{"@type":"ListItem","position":2,"name":"Top 6 der sch\u00f6nsten Orte an der slowenischen K\u00fcste"}]},{"@type":"WebSite","@id":"https:\/\/www.belvilla.de\/blog\/#website","url":"https:\/\/www.belvilla.de\/blog\/","name":"Belvilla Blog DE","description":"","potentialAction":[{"@type":"SearchAction","target":{"@type":"EntryPoint","urlTemplate":"https:\/\/www.belvilla.de\/blog\/?s={search_term_string}"},"query-input":{"@type":"PropertyValueSpecification","valueRequired":true,"valueName":"search_term_string"}}],"inLanguage":"de"},{"@type":"Person","@id":""}]}},"_links":{"self":[{"href":"https:\/\/www.belvilla.de\/blog\/wp-json\/wp\/v2\/posts\/2526","targetHints":{"allow":["GET"]}}],"collection":[{"href":"https:\/\/www.belvilla.de\/blog\/wp-json\/wp\/v2\/posts"}],"about":[{"href":"https:\/\/www.belvilla.de\/blog\/wp-json\/wp\/v2\/types\/post"}],"author":[{"embeddable":true,"href":"https:\/\/www.belvilla.de\/blog\/wp-json\/wp\/v2\/users\/10"}],"replies":[{"embeddable":true,"href":"https:\/\/www.belvilla.de\/blog\/wp-json\/wp\/v2\/comments?post=2526"}],"version-history":[{"count":4,"href":"https:\/\/www.belvilla.de\/blog\/wp-json\/wp\/v2\/posts\/2526\/revisions"}],"predecessor-version":[{"id":3285,"href":"https:\/\/www.belvilla.de\/blog\/wp-json\/wp\/v2\/posts\/2526\/revisions\/3285"}],"wp:featuredmedia":[{"embeddable":true,"href":"https:\/\/www.belvilla.de\/blog\/wp-json\/wp\/v2\/media\/2553"}],"wp:attachment":[{"href":"https:\/\/www.belvilla.de\/blog\/wp-json\/wp\/v2\/media?parent=2526"}],"wp:term":[{"taxonomy":"category","embeddable":true,"href":"https:\/\/www.belvilla.de\/blog\/wp-json\/wp\/v2\/categories?post=2526"},{"taxonomy":"post_tag","embeddable":true,"href":"https:\/\/www.belvilla.de\/blog\/wp-json\/wp\/v2\/tags?post=2526"},{"taxonomy":"location","embeddable":true,"href":"https:\/\/www.belvilla.de\/blog\/wp-json\/wp\/v2\/location?post=2526"}],"curies":[{"name":"wp","href":"https:\/\/api.w.org\/{rel}","templated":true}]}}