{"id":2479,"date":"2023-03-29T11:17:35","date_gmt":"2023-03-29T11:17:35","guid":{"rendered":"https:\/\/www.belvilla.de\/blog\/?p=2479"},"modified":"2023-08-28T21:12:07","modified_gmt":"2023-08-28T21:12:07","slug":"urlaub-am-bergsee-8-besten-locations","status":"publish","type":"post","link":"https:\/\/www.belvilla.de\/blog\/urlaub-am-bergsee-8-besten-locations\/","title":{"rendered":"Die 8 sch\u00f6nsten Gebirgsseen Europas"},"content":{"rendered":"\n<p>Europa hat zahlreiche wundersch\u00f6ne Seen, welche in der Sommerzeit die perfekte Reisedestination sind &#8211; ideal f\u00fcr Urlauber, die Entspannung als auch Abk\u00fchlung suchen, ohne an \u00fcberf\u00fcllte Str\u00e4nde am Mittelmeer fahren zu m\u00fcssen. Wollt ihr im Urlaub aktiv sein, aber euch auch entspannen k\u00f6nnen, dann bietet euch eine Reise zu einem der sch\u00f6nsten Bergseen Europas die perfekte Mischung zwischen Entspannung und Sporturlaub. Im Folgenden findet ihr Infos zu 8 der sch\u00f6nsten Bergseen in Europa.<\/p>\n\n\n\n<h2 class=\"wp-block-heading\">Comer See, Italien<\/h2>\n\n\n\n<p>Die meisten Menschen haben schon einmal vom Comer See in Italien geh\u00f6rt. Sp\u00e4testens seit sich Filmstar George Clooney dort ein Ferienhaus gekauft hat, ist der <em>Lago di Como<\/em> ein Begriff. Der Comer See ist mit Abstand der beliebteste der vier norditalienischen Seen und es gibt viele Gr\u00fcnde f\u00fcr einen Besuch. Umgeben von antiken St\u00e4dten, atemberaubenden Aussichten und einer unvergleichlichen K\u00fcstenlinie ist der Comer See eine traumhafte Region um der ganzen Hektik der Stadt entkommen zu k\u00f6nnen. Genie\u00dft sowohl die einmalige Landschaft als auch die italienischen Speisen und Getr\u00e4nke aus der Region.<\/p>\n\n\n\n<h2 class=\"wp-block-heading\">Annecy-See, Frankreich<\/h2>\n\n\n\n<figure class=\"wp-block-image size-large\"><img loading=\"lazy\" decoding=\"async\" width=\"1096\" height=\"863\" src=\"https:\/\/www.belvilla.de\/blog\/wp-content\/uploads\/sites\/4\/2023\/03\/Shutterstock_1725927985-1096x863.jpg\" alt=\"Weitwinkelaufnahme des Annecy-Sees in Frankreich\" class=\"wp-image-2486\" \/><figcaption class=\"wp-element-caption\">Weitwinkelaufnahme des Annecy-Sees in Frankreich<\/figcaption><\/figure>\n\n\n\n<p>Wer in die franz\u00f6sischen Alpen reist, sollte unbedingt die Stadt Annecy besuchen, welche auch als Venedig der Alpen bezeichnet wird. Der gleichnamige See ist f\u00fcr sein t\u00fcrkisfarbenes Wasser bekannt und liegt f\u00fcnfundvierzig Minuten s\u00fcdlich von Genf in der Schweiz. Der See wird von Quellen in den franz\u00f6sischen Alpen gespeist und das Wasser gilt als sehr sauber. Mit der Bergkulisse und dem kristallklaren See im Vordergrund wirkt Annecy wie eine lebendige Postkarte. Macht einen Spaziergang am Seeufer, atmet frische Bergluft ein und genie\u00dft diesen sch\u00f6nen Bergsee.<\/p>\n\n\n\n<h2 class=\"wp-block-heading\">Genfersee, Schweiz<\/h2>\n\n\n\n<figure class=\"wp-block-image size-large\"><img loading=\"lazy\" decoding=\"async\" width=\"1096\" height=\"863\" src=\"https:\/\/www.belvilla.de\/blog\/wp-content\/uploads\/sites\/4\/2023\/03\/Shutterstock_720894328-1096x863.jpg\" alt=\"Montreux am Genfersee in der Schweiz\" class=\"wp-image-2487\" \/><figcaption class=\"wp-element-caption\">Montreux am Genfersee in der Schweiz<\/figcaption><\/figure>\n\n\n\n<p>Die Schweiz hat viele unglaublich sch\u00f6ne Seen, und der Genfersee ist da keine Ausnahme. Der auf franz\u00f6sisch <em>Lac L\u00e9man <\/em>genannte See, ist ein gro\u00dfer See an der Grenze zwischen der Schweiz im Norden und Frankreich im S\u00fcden. Die Stadt Genf selbst ist perfekt um am Strand zu entspannen, spazieren zu gehen oder in den einzigartigen Boutiquen der Stadt einzukaufen. Die H\u00e4nge am Seeufer in der Stadt sind mit mehr Tulpen und Narzissen bedeckt, als man sich vorstellen kann, und geben dem See ein einzigartiges Aussehen.<\/p>\n\n\n\n<h2 class=\"wp-block-heading\">Bleder See, Slowenien<\/h2>\n\n\n\n<p>Der Bleder See ist eines der beliebtesten Reiseziele Sloweniens und liegt inmitten der Julischen Alpen. Der See hat klares, t\u00fcrkisfarbenes Wasser, das f\u00fcr einen Bergsee erstaunlich warm ist. Im Vergleich zu anderen europ\u00e4ischen Gew\u00e4ssern ist dieser Bergsee noch relativ unbekannt, was sich schnell \u00e4ndern kann. In der Mitte des Sees befindet sich eine kleine Insel mit einer wundersch\u00f6nen Kirche aus dem 17. Jahrhundert. F\u00fcr einen Besuch in Bled sind die Monate April, Mai sowie September und Oktober ideal &#8211; das Wetter stimmt und es gibt deutlich weniger Besucher als im Hochsommer.<\/p>\n\n\n\n<h2 class=\"wp-block-heading\">Vierwaldst\u00e4ttersee, Schweiz<\/h2>\n\n\n\n<p>Der Vierwaldst\u00e4tter See ist der viertgr\u00f6\u00dfte See der Schweiz und befindet sich inmitten der Berge. Die Ufer des Vierwaldst\u00e4ttersees werden zum Teil von steilen Bergen wie der Rigi und dem Pilatus gebildet, an welche gro\u00dfe St\u00e4dte wie Luzern und Weggis grenzen. Eines der Bauwerke, welches ihr euch bei einem Besuch  der Schweiz unbedingt ansehen solltet, ist die Kapellbr\u00fccke, das Wahrzeichen von Luzern. Die Kapellbr\u00fccke ist die Haupttouristenattraktion dieser Schweizer Stadt und die \u00e4lteste \u00fcberdachte Holzbr\u00fccke Europas. Luzern liegt sehr zentral und ist in 40 Minuten von Z\u00fcrich, 1 Stunde von Bern sowie 1,5 Stunden von Thun entfernt.<\/p>\n\n\n\n<h2 class=\"wp-block-heading\">Gardasee, Italien<\/h2>\n\n\n\n<p>Der Gardasee, auf Italienisch Lago di Garda, ist mit einer Fl\u00e4che von 369,98 km\u00b2 der gr\u00f6\u00dfte See Italiens. Der vor 1,5 Millionen Jahren entstandene See grenzt an drei norditalienische Regionen und kann daher gut zusammen mit Mailand, Venedig oder den Dolomiten besucht werden. Die Nordseite des Gardasees ist von hohen Bergen umgeben und ist wahrscheinlich der beeindruckendste Teil des Sees. F\u00fcr viele Besucher wie auch Einheimische bietet die Kulisse um den See die B\u00fchne f\u00fcr den sch\u00f6nsten Sonnenuntergang der Welt. Bei einem Besuch des Gardasees empfiehlt es sich, die Gegend vom See aus zu erkunden, z. B. bei einer Bootsfahrt nach Riva.<\/p>\n\n\n\n<h2 class=\"wp-block-heading\">Ohridsee, Mazedonien<\/h2>\n\n\n\n<figure class=\"wp-block-image size-large\"><img loading=\"lazy\" decoding=\"async\" width=\"1096\" height=\"863\" src=\"https:\/\/www.belvilla.de\/blog\/wp-content\/uploads\/sites\/4\/2023\/03\/Shutterstock_255243718-1096x863.jpg\" alt=\"Ohridsee bei Sonnenuntergang\" class=\"wp-image-2488\" \/><figcaption class=\"wp-element-caption\">Ohridsee bei Sonnenuntergang<\/figcaption><\/figure>\n\n\n\n<p>Der Ohridsee in Mazedonien geh\u00f6rt zu den weniger bekannten Binnenseen in Europa, wartet jedoch nur darauf,  von der breiten \u00d6ffentlichkeit entdeckt zu werden. Das Ufer des Ohridsees im Norden Mazedoniens wurde 1979 von der UNESCO zum Weltkulturerbe erkl\u00e4rt und 1980 wurde die St\u00e4tte um das kulturhistorische Gebiet von Ohrid erweitert. Der Ohridsee entstand tektonisch vor 4 bis 10 Millionen Jahren und ist damit der \u00e4lteste See Europas und einer der \u00e4ltesten Seen der Welt. Der Ort ist ideal f\u00fcr Reisende, die einen aktiven Urlaub verbringen m\u00f6chten und Mountainbiken, wandern oder klettern lieben.<\/p>\n\n\n\n<h2 class=\"wp-block-heading\">K\u00f6nigssee, Deutschland<\/h2>\n\n\n\n<p>Der K\u00f6nigssee ist Teil des Nationalpark Berchtesgaden und der tiefste See Deutschlands. Der Bergsee gilt als der sauberste See Deutschlands, denn seit 1909 sind dort nur noch Tret-, Ruder- oder Elektroboote erlaubt. Der K\u00f6nigssee liegt im S\u00fcdosten Deutschlands, am Fu\u00dfe der Berchtesgadener Alpen. Wenn ihr gerne wandert oder Rad fahrt, ist ein Urlaub in Sch\u00f6nau am K\u00f6nigssee genau das Richtige f\u00fcr Euch. Die beste Zeit f\u00fcr einen Besuch am K\u00f6nigssee sind die Sommermonate, vor allem auch dann, wenn ihr ins Wasser gehen und schwimmen m\u00f6chtet.<\/p>\n","protected":false},"excerpt":{"rendered":"<p>An Bergseen habt ihr die M\u00f6glichkeit, im Urlaub sowohl aktiv zu sein als euch auch erholen zu k\u00f6nnen. Die meisten kennen den Comer See oder den Gardasee in Italien, oder den K\u00f6nigssee in Deutschland &#8211; aber es gibt noch viele andere Gebirgsseen. Hier stellen wir euch die 8 sch\u00f6nsten Bergseen in Europa vor.<\/p>\n","protected":false},"author":10,"featured_media":2485,"comment_status":"open","ping_status":"open","sticky":false,"template":"","format":"standard","meta":{"footnotes":""},"categories":[5],"tags":[],"location":[],"class_list":["post-2479","post","type-post","status-publish","format-standard","has-post-thumbnail","hentry","category-discovery"],"acf":[],"yoast_head":"<!-- This site is optimized with the Yoast SEO plugin v27.5 - https:\/\/yoast.com\/product\/yoast-seo-wordpress\/ -->\n<title>Urlaub an einem Bergsee: die 8 besten Orte | Belvilla<\/title>\n<meta name=\"description\" content=\"In Europa gibt es viele sch\u00f6ne Seen, die sich zum Entspannen als auch f\u00fcr Sport eignen. Unserer Meinung nach sind dies die 8 sch\u00f6nsten Bergseen in Europa.\" \/>\n<meta name=\"robots\" content=\"index, follow, max-snippet:-1, max-image-preview:large, max-video-preview:-1\" \/>\n<link rel=\"canonical\" href=\"https:\/\/www.belvilla.de\/blog\/urlaub-am-bergsee-8-besten-locations\/\" \/>\n<meta property=\"og:locale\" content=\"de_DE\" \/>\n<meta property=\"og:type\" content=\"article\" \/>\n<meta property=\"og:title\" content=\"Urlaub an einem Bergsee: die 8 besten Orte | Belvilla\" \/>\n<meta property=\"og:description\" content=\"In Europa gibt es viele sch\u00f6ne Seen, die sich zum Entspannen als auch f\u00fcr Sport eignen. Unserer Meinung nach sind dies die 8 sch\u00f6nsten Bergseen in Europa.\" \/>\n<meta property=\"og:url\" content=\"https:\/\/www.belvilla.de\/blog\/urlaub-am-bergsee-8-besten-locations\/\" \/>\n<meta property=\"og:site_name\" content=\"Belvilla Blog DE\" \/>\n<meta property=\"article:published_time\" content=\"2023-03-29T11:17:35+00:00\" \/>\n<meta property=\"article:modified_time\" content=\"2023-08-28T21:12:07+00:00\" \/>\n<meta property=\"og:image\" content=\"https:\/\/www.belvilla.de\/blog\/wp-content\/uploads\/sites\/4\/2023\/03\/Shutterstock_1450670771.jpg\" \/>\n\t<meta property=\"og:image:width\" content=\"1096\" \/>\n\t<meta property=\"og:image:height\" content=\"683\" \/>\n\t<meta property=\"og:image:type\" content=\"image\/jpeg\" \/>\n<meta name=\"twitter:card\" content=\"summary_large_image\" \/>\n<meta name=\"twitter:label1\" content=\"Verfasst von\" \/>\n\t<meta name=\"twitter:data1\" content=\"\" \/>\n\t<meta name=\"twitter:label2\" content=\"Gesch\u00e4tzte Lesezeit\" \/>\n\t<meta name=\"twitter:data2\" content=\"6\u00a0Minuten\" \/>\n<script type=\"application\/ld+json\" class=\"yoast-schema-graph\">{\"@context\":\"https:\\\/\\\/schema.org\",\"@graph\":[{\"@type\":\"Article\",\"@id\":\"https:\\\/\\\/www.belvilla.de\\\/blog\\\/urlaub-am-bergsee-8-besten-locations\\\/#article\",\"isPartOf\":{\"@id\":\"https:\\\/\\\/www.belvilla.de\\\/blog\\\/urlaub-am-bergsee-8-besten-locations\\\/\"},\"author\":{\"name\":\"\",\"@id\":\"\"},\"headline\":\"Die 8 sch\u00f6nsten Gebirgsseen Europas\",\"datePublished\":\"2023-03-29T11:17:35+00:00\",\"dateModified\":\"2023-08-28T21:12:07+00:00\",\"mainEntityOfPage\":{\"@id\":\"https:\\\/\\\/www.belvilla.de\\\/blog\\\/urlaub-am-bergsee-8-besten-locations\\\/\"},\"wordCount\":896,\"commentCount\":0,\"image\":{\"@id\":\"https:\\\/\\\/www.belvilla.de\\\/blog\\\/urlaub-am-bergsee-8-besten-locations\\\/#primaryimage\"},\"thumbnailUrl\":\"https:\\\/\\\/www.belvilla.de\\\/blog\\\/wp-content\\\/uploads\\\/sites\\\/4\\\/2023\\\/03\\\/Shutterstock_1450670771.jpg\",\"articleSection\":[\"Discovery\"],\"inLanguage\":\"de\",\"potentialAction\":[{\"@type\":\"CommentAction\",\"name\":\"Comment\",\"target\":[\"https:\\\/\\\/www.belvilla.de\\\/blog\\\/urlaub-am-bergsee-8-besten-locations\\\/#respond\"]}]},{\"@type\":\"WebPage\",\"@id\":\"https:\\\/\\\/www.belvilla.de\\\/blog\\\/urlaub-am-bergsee-8-besten-locations\\\/\",\"url\":\"https:\\\/\\\/www.belvilla.de\\\/blog\\\/urlaub-am-bergsee-8-besten-locations\\\/\",\"name\":\"Urlaub an einem Bergsee: die 8 besten Orte | Belvilla\",\"isPartOf\":{\"@id\":\"https:\\\/\\\/www.belvilla.de\\\/blog\\\/#website\"},\"primaryImageOfPage\":{\"@id\":\"https:\\\/\\\/www.belvilla.de\\\/blog\\\/urlaub-am-bergsee-8-besten-locations\\\/#primaryimage\"},\"image\":{\"@id\":\"https:\\\/\\\/www.belvilla.de\\\/blog\\\/urlaub-am-bergsee-8-besten-locations\\\/#primaryimage\"},\"thumbnailUrl\":\"https:\\\/\\\/www.belvilla.de\\\/blog\\\/wp-content\\\/uploads\\\/sites\\\/4\\\/2023\\\/03\\\/Shutterstock_1450670771.jpg\",\"datePublished\":\"2023-03-29T11:17:35+00:00\",\"dateModified\":\"2023-08-28T21:12:07+00:00\",\"author\":{\"@id\":\"\"},\"description\":\"In Europa gibt es viele sch\u00f6ne Seen, die sich zum Entspannen als auch f\u00fcr Sport eignen. Unserer Meinung nach sind dies die 8 sch\u00f6nsten Bergseen in Europa.\",\"breadcrumb\":{\"@id\":\"https:\\\/\\\/www.belvilla.de\\\/blog\\\/urlaub-am-bergsee-8-besten-locations\\\/#breadcrumb\"},\"inLanguage\":\"de\",\"potentialAction\":[{\"@type\":\"ReadAction\",\"target\":[\"https:\\\/\\\/www.belvilla.de\\\/blog\\\/urlaub-am-bergsee-8-besten-locations\\\/\"]}]},{\"@type\":\"ImageObject\",\"inLanguage\":\"de\",\"@id\":\"https:\\\/\\\/www.belvilla.de\\\/blog\\\/urlaub-am-bergsee-8-besten-locations\\\/#primaryimage\",\"url\":\"https:\\\/\\\/www.belvilla.de\\\/blog\\\/wp-content\\\/uploads\\\/sites\\\/4\\\/2023\\\/03\\\/Shutterstock_1450670771.jpg\",\"contentUrl\":\"https:\\\/\\\/www.belvilla.de\\\/blog\\\/wp-content\\\/uploads\\\/sites\\\/4\\\/2023\\\/03\\\/Shutterstock_1450670771.jpg\",\"width\":1096,\"height\":683,\"caption\":\"Comer See in Italien\"},{\"@type\":\"BreadcrumbList\",\"@id\":\"https:\\\/\\\/www.belvilla.de\\\/blog\\\/urlaub-am-bergsee-8-besten-locations\\\/#breadcrumb\",\"itemListElement\":[{\"@type\":\"ListItem\",\"position\":1,\"name\":\"Home\",\"item\":\"https:\\\/\\\/www.belvilla.de\\\/blog\\\/\"},{\"@type\":\"ListItem\",\"position\":2,\"name\":\"Die 8 sch\u00f6nsten Gebirgsseen Europas\"}]},{\"@type\":\"WebSite\",\"@id\":\"https:\\\/\\\/www.belvilla.de\\\/blog\\\/#website\",\"url\":\"https:\\\/\\\/www.belvilla.de\\\/blog\\\/\",\"name\":\"Belvilla Blog DE\",\"description\":\"\",\"potentialAction\":[{\"@type\":\"SearchAction\",\"target\":{\"@type\":\"EntryPoint\",\"urlTemplate\":\"https:\\\/\\\/www.belvilla.de\\\/blog\\\/?s={search_term_string}\"},\"query-input\":{\"@type\":\"PropertyValueSpecification\",\"valueRequired\":true,\"valueName\":\"search_term_string\"}}],\"inLanguage\":\"de\"},{\"@type\":\"Person\",\"@id\":\"\"}]}<\/script>\n<!-- \/ Yoast SEO plugin. -->","yoast_head_json":{"title":"Urlaub an einem Bergsee: die 8 besten Orte | Belvilla","description":"In Europa gibt es viele sch\u00f6ne Seen, die sich zum Entspannen als auch f\u00fcr Sport eignen. Unserer Meinung nach sind dies die 8 sch\u00f6nsten Bergseen in Europa.","robots":{"index":"index","follow":"follow","max-snippet":"max-snippet:-1","max-image-preview":"max-image-preview:large","max-video-preview":"max-video-preview:-1"},"canonical":"https:\/\/www.belvilla.de\/blog\/urlaub-am-bergsee-8-besten-locations\/","og_locale":"de_DE","og_type":"article","og_title":"Urlaub an einem Bergsee: die 8 besten Orte | Belvilla","og_description":"In Europa gibt es viele sch\u00f6ne Seen, die sich zum Entspannen als auch f\u00fcr Sport eignen. Unserer Meinung nach sind dies die 8 sch\u00f6nsten Bergseen in Europa.","og_url":"https:\/\/www.belvilla.de\/blog\/urlaub-am-bergsee-8-besten-locations\/","og_site_name":"Belvilla Blog DE","article_published_time":"2023-03-29T11:17:35+00:00","article_modified_time":"2023-08-28T21:12:07+00:00","og_image":[{"width":1096,"height":683,"url":"https:\/\/www.belvilla.de\/blog\/wp-content\/uploads\/sites\/4\/2023\/03\/Shutterstock_1450670771.jpg","type":"image\/jpeg"}],"twitter_card":"summary_large_image","twitter_misc":{"Verfasst von":"","Gesch\u00e4tzte Lesezeit":"6\u00a0Minuten"},"schema":{"@context":"https:\/\/schema.org","@graph":[{"@type":"Article","@id":"https:\/\/www.belvilla.de\/blog\/urlaub-am-bergsee-8-besten-locations\/#article","isPartOf":{"@id":"https:\/\/www.belvilla.de\/blog\/urlaub-am-bergsee-8-besten-locations\/"},"author":{"name":"","@id":""},"headline":"Die 8 sch\u00f6nsten Gebirgsseen Europas","datePublished":"2023-03-29T11:17:35+00:00","dateModified":"2023-08-28T21:12:07+00:00","mainEntityOfPage":{"@id":"https:\/\/www.belvilla.de\/blog\/urlaub-am-bergsee-8-besten-locations\/"},"wordCount":896,"commentCount":0,"image":{"@id":"https:\/\/www.belvilla.de\/blog\/urlaub-am-bergsee-8-besten-locations\/#primaryimage"},"thumbnailUrl":"https:\/\/www.belvilla.de\/blog\/wp-content\/uploads\/sites\/4\/2023\/03\/Shutterstock_1450670771.jpg","articleSection":["Discovery"],"inLanguage":"de","potentialAction":[{"@type":"CommentAction","name":"Comment","target":["https:\/\/www.belvilla.de\/blog\/urlaub-am-bergsee-8-besten-locations\/#respond"]}]},{"@type":"WebPage","@id":"https:\/\/www.belvilla.de\/blog\/urlaub-am-bergsee-8-besten-locations\/","url":"https:\/\/www.belvilla.de\/blog\/urlaub-am-bergsee-8-besten-locations\/","name":"Urlaub an einem Bergsee: die 8 besten Orte | Belvilla","isPartOf":{"@id":"https:\/\/www.belvilla.de\/blog\/#website"},"primaryImageOfPage":{"@id":"https:\/\/www.belvilla.de\/blog\/urlaub-am-bergsee-8-besten-locations\/#primaryimage"},"image":{"@id":"https:\/\/www.belvilla.de\/blog\/urlaub-am-bergsee-8-besten-locations\/#primaryimage"},"thumbnailUrl":"https:\/\/www.belvilla.de\/blog\/wp-content\/uploads\/sites\/4\/2023\/03\/Shutterstock_1450670771.jpg","datePublished":"2023-03-29T11:17:35+00:00","dateModified":"2023-08-28T21:12:07+00:00","author":{"@id":""},"description":"In Europa gibt es viele sch\u00f6ne Seen, die sich zum Entspannen als auch f\u00fcr Sport eignen. Unserer Meinung nach sind dies die 8 sch\u00f6nsten Bergseen in Europa.","breadcrumb":{"@id":"https:\/\/www.belvilla.de\/blog\/urlaub-am-bergsee-8-besten-locations\/#breadcrumb"},"inLanguage":"de","potentialAction":[{"@type":"ReadAction","target":["https:\/\/www.belvilla.de\/blog\/urlaub-am-bergsee-8-besten-locations\/"]}]},{"@type":"ImageObject","inLanguage":"de","@id":"https:\/\/www.belvilla.de\/blog\/urlaub-am-bergsee-8-besten-locations\/#primaryimage","url":"https:\/\/www.belvilla.de\/blog\/wp-content\/uploads\/sites\/4\/2023\/03\/Shutterstock_1450670771.jpg","contentUrl":"https:\/\/www.belvilla.de\/blog\/wp-content\/uploads\/sites\/4\/2023\/03\/Shutterstock_1450670771.jpg","width":1096,"height":683,"caption":"Comer See in Italien"},{"@type":"BreadcrumbList","@id":"https:\/\/www.belvilla.de\/blog\/urlaub-am-bergsee-8-besten-locations\/#breadcrumb","itemListElement":[{"@type":"ListItem","position":1,"name":"Home","item":"https:\/\/www.belvilla.de\/blog\/"},{"@type":"ListItem","position":2,"name":"Die 8 sch\u00f6nsten Gebirgsseen Europas"}]},{"@type":"WebSite","@id":"https:\/\/www.belvilla.de\/blog\/#website","url":"https:\/\/www.belvilla.de\/blog\/","name":"Belvilla Blog DE","description":"","potentialAction":[{"@type":"SearchAction","target":{"@type":"EntryPoint","urlTemplate":"https:\/\/www.belvilla.de\/blog\/?s={search_term_string}"},"query-input":{"@type":"PropertyValueSpecification","valueRequired":true,"valueName":"search_term_string"}}],"inLanguage":"de"},{"@type":"Person","@id":""}]}},"_links":{"self":[{"href":"https:\/\/www.belvilla.de\/blog\/wp-json\/wp\/v2\/posts\/2479","targetHints":{"allow":["GET"]}}],"collection":[{"href":"https:\/\/www.belvilla.de\/blog\/wp-json\/wp\/v2\/posts"}],"about":[{"href":"https:\/\/www.belvilla.de\/blog\/wp-json\/wp\/v2\/types\/post"}],"author":[{"embeddable":true,"href":"https:\/\/www.belvilla.de\/blog\/wp-json\/wp\/v2\/users\/10"}],"replies":[{"embeddable":true,"href":"https:\/\/www.belvilla.de\/blog\/wp-json\/wp\/v2\/comments?post=2479"}],"version-history":[{"count":9,"href":"https:\/\/www.belvilla.de\/blog\/wp-json\/wp\/v2\/posts\/2479\/revisions"}],"predecessor-version":[{"id":3288,"href":"https:\/\/www.belvilla.de\/blog\/wp-json\/wp\/v2\/posts\/2479\/revisions\/3288"}],"wp:featuredmedia":[{"embeddable":true,"href":"https:\/\/www.belvilla.de\/blog\/wp-json\/wp\/v2\/media\/2485"}],"wp:attachment":[{"href":"https:\/\/www.belvilla.de\/blog\/wp-json\/wp\/v2\/media?parent=2479"}],"wp:term":[{"taxonomy":"category","embeddable":true,"href":"https:\/\/www.belvilla.de\/blog\/wp-json\/wp\/v2\/categories?post=2479"},{"taxonomy":"post_tag","embeddable":true,"href":"https:\/\/www.belvilla.de\/blog\/wp-json\/wp\/v2\/tags?post=2479"},{"taxonomy":"location","embeddable":true,"href":"https:\/\/www.belvilla.de\/blog\/wp-json\/wp\/v2\/location?post=2479"}],"curies":[{"name":"wp","href":"https:\/\/api.w.org\/{rel}","templated":true}]}}