{"id":2238,"date":"2023-01-24T05:12:59","date_gmt":"2023-01-24T05:12:59","guid":{"rendered":"https:\/\/www.belvilla.de\/blog\/?p=2238"},"modified":"2023-08-28T21:19:16","modified_gmt":"2023-08-28T21:19:16","slug":"sonnenurlaub-winter","status":"publish","type":"post","link":"https:\/\/www.belvilla.de\/blog\/sonnenurlaub-winter\/","title":{"rendered":"Die w\u00e4rmsten Reiseziele f\u00fcr Sonnenurlaub im Winter"},"content":{"rendered":"\n<p>Wer der heimischen Winterk\u00e4lte f\u00fcr eine Woche entfliehen m\u00f6chte, kann aus einer Reihe von europ\u00e4ischen Urlaubszielen w\u00e4hlen, in denen fast immer die Sonne scheint und fr\u00fchlingshafte Temperaturen herrschen. Hier sind die w\u00e4rmsten Sonnenziele im Winter.<\/p>\n\n\n\n<h2 class=\"wp-block-heading\">Kanarische Inseln<\/h2>\n\n\n\n<figure class=\"wp-block-image size-large\"><img loading=\"lazy\" decoding=\"async\" width=\"1096\" height=\"863\" src=\"https:\/\/www.belvilla.de\/blog\/wp-content\/uploads\/sites\/4\/2023\/01\/Shutterstock_1058406809-1096x863.jpg\" alt=\"Candelaria, Teneriffa\" class=\"wp-image-2247\" \/><figcaption class=\"wp-element-caption\">Candelaria, Teneriffa<\/figcaption><\/figure>\n\n\n\n<p>Die sieben w\u00e4rmsten Reiseziele f\u00fcr einen Urlaub in der Wintersonne werden von den sieben <a href=\"https:\/\/www.belvilla.de\/ferienhaus-kanaren-kanarische-inseln-spanien\/\" target=\"_blank\" rel=\"noopener noreferrer\">Kanarischen Inseln<\/a> angef\u00fchrt: Gran Canaria, Teneriffa, Fuerteventura, Lanzarote, La Palma, La Gomera und El Hierro. Die Temperaturunterschiede sind zwar gering, aber im Durchschnitt herrschen auf dem Archipel vor der afrikanischen K\u00fcste in den k\u00e4ltesten Wintermonaten etwa 20 Grad. Daher sind die Kanarischen Inseln das beliebteste Urlaubsziel f\u00fcr etwas Sonne im Winter. Im Winter ist auf Teneriffa und Gran Canaria Hochsaison. Ber\u00fchmte Str\u00e4nde wie Playa de las Am\u00e9ricas sind angenehm \u00fcberf\u00fcllt und das Nachtleben ist auf dem H\u00f6hepunkt.<\/p>\n\n\n\n<p>Auch f\u00fcr Ruhesuchende und Naturliebhaber sind die Kanarischen Inseln ein beliebtes Ziel f\u00fcr die Wintersonne. Die fr\u00fchlingshaften Temperaturen sind ideal f\u00fcr die Erkundung des vulkanischen Inneren. Auf allen Inseln gibt es zahlreiche Wanderwege, auf denen ihr die wundersch\u00f6ne, wilde Natur und die malerischen, in den T\u00e4lern versteckten D\u00f6rfer genie\u00dfen k\u00f6nnt.<\/p>\n\n\n\n<h2 class=\"wp-block-heading\">Algarve<\/h2>\n\n\n\n<figure class=\"wp-block-image size-large\"><img loading=\"lazy\" decoding=\"async\" width=\"1096\" height=\"863\" src=\"https:\/\/www.belvilla.de\/blog\/wp-content\/uploads\/sites\/4\/2023\/01\/Shutterstock_1557494231-1096x863.jpg\" alt=\"Das Fischerdorf Carvoeiro an der Algarve\" class=\"wp-image-2249\" \/><figcaption class=\"wp-element-caption\">Das Fischerdorf Carvoeiro an der Algarve<\/figcaption><\/figure>\n\n\n\n<p>Mit einer Durchschnittstemperatur von 16 Grad und viel Sonnenschein ist der Winter an der Algarve hervorragend. Die Badeorte an der portugiesischen S\u00fcdk\u00fcste sind daher die Dom\u00e4ne der &#8211; haupts\u00e4chlich britischen &#8211; Winterg\u00e4ste. Aber auch f\u00fcr eine Woche in der Sonne ist die Algarve ein sch\u00f6nes und erschwingliches Reiseziel. Neben einer beneidenswerten Br\u00e4une k\u00f6nnt ihr k\u00f6stliche Speisen, frisch aus dem Meer und wundersch\u00f6ne Sehensw\u00fcrdigkeiten genie\u00dfen. Die K\u00fcste umfasst gem\u00fctliche K\u00fcstenst\u00e4dte, sch\u00f6ne Buchten und breite Sandstr\u00e4nde. W\u00e4hrend wir in Deutschland vor K\u00e4lte zittern, sind in den historischen St\u00e4dten der Algarve &#8211; wie Faro und Lagos &#8211; die Stra\u00dfencaf\u00e9s gut gef\u00fcllt.<\/p>\n\n\n\n<p>Die <a href=\"https:\/\/www.belvilla.de\/ferienhaus-algarve-portugal\/\" target=\"_blank\" rel=\"noopener noreferrer\">Algarve<\/a> ist auch im Winter ein ideales Ziel f\u00fcr Sportbegeisterte. Zudem z\u00e4hlt die Region als Paradies f\u00fcr Golfer. Mehr als 40 Golfpl\u00e4tze stehen zur Auswahl, mit den sch\u00f6nsten Aussichten auf den Atlantischen Ozean und die h\u00fcgelige Landschaft. Im weitl\u00e4ufigen Naturschutzgebiet Ria Formosa und in den Monchique-Bergen kann man gut wandern. Die Sieben H\u00e4ngenden T\u00e4ler sind als eine der sch\u00f6nsten Wanderrouten Europas bekannt. Ein beliebtes Ziel ist der Monte Gordo. Viele Urlauber kommen jedes Jahr hierher, um den endlosen Sandstrand mit seinen stimmungsvollen Strandbars und der gem\u00fctlichen Promenade zu genie\u00dfen. Die Umgebung ist flach und daher sehr gut geeignet, um Fahrr\u00e4der zu mieten und Ausfl\u00fcge zu unternehmen.<\/p>\n\n\n\n<p><a href=\"https:\/\/www.belvilla.de\/search\/?checkin=&amp;checkout=&amp;children=&amp;filters[location_id]=29118&amp;flexibleDaysCount=3&amp;guests=2&amp;infants=&amp;isTravellingWithPets=false&amp;location=Algarve&amp;pets=&amp;rooms=1&amp;rooms_config=1-2&amp;searchType=region\" target=\"_blank\" rel=\"noopener noreferrer\">Alle Ferienh\u00e4user an der Algarve<\/a><\/p>\n\n\n\n<h2 class=\"wp-block-heading\">Andalusien<\/h2>\n\n\n\n<figure class=\"wp-block-image size-large\"><img loading=\"lazy\" decoding=\"async\" width=\"1096\" height=\"863\" src=\"https:\/\/www.belvilla.de\/blog\/wp-content\/uploads\/sites\/4\/2023\/01\/Shutterstock_458511382-1096x863.jpg\" alt=\"Flamenco in Sevilla\" class=\"wp-image-2250\" \/><figcaption class=\"wp-element-caption\">Flamenco in Sevilla<\/figcaption><\/figure>\n\n\n\n<p>Flamenco, Tapas, schneewei\u00dfe Bergd\u00f6rfer, mittelalterliche St\u00e4dte und maurische Pal\u00e4ste, <a href=\"https:\/\/www.belvilla.de\/ferienhaus-andalusien-binnenland-spanien\/\" target=\"_blank\" rel=\"noopener noreferrer\">Andalusien<\/a> bietet alles f\u00fcr einen unvergesslichen Urlaub. Der Sommer ist oft zu hei\u00df, um die ganze Sch\u00f6nheit der s\u00fcdlichsten Region Spaniens zu erkunden, aber mit einer Durchschnittstemperatur von etwa 17 Grad ist der Winter die ideale Zeit f\u00fcr einen aktiven Urlaub in Andalusien.<\/p>\n\n\n\n<p>Sevilla ist nicht nur eine der sch\u00f6nsten St\u00e4dte in Europa, sondern auch eine der w\u00e4rmsten. Ein Besuch in Granada ist ein Muss, um die Alhambra zu besichtigen und in M\u00e1laga wartet der goldene Strand auf G\u00e4ste, die die gro\u00dfz\u00fcgige Wintersonne genie\u00dfen m\u00f6chten. Diese sch\u00f6ne K\u00fcstenstadt hat \u00fcbrigens noch mehr zu bieten als nur Strandvergn\u00fcgen. <a href=\"https:\/\/www.belvilla.de\/blog\/8-strand-ferienziele-fuer-kulturliebhaber\/\">Kulturliebhaber<\/a> kommen in den zahlreichen Museen der Stadt auf ihre Kosten. Das <em>Museo Automovilistico<\/em> ist mit seiner einzigartigen Sammlung klassischer Cadillacs, Rolls Royce&#8217;s und Jaguars ein Muss f\u00fcr Autoliebhaber. Im Bereich der Kunst habt ihr die Wahl zwischen dem Centre Pompidou, dem Museum Carmen Thyssen und dem Picasso-Museum, um nur einige zu nennen.<\/p>\n\n\n\n<p><a href=\"https:\/\/www.belvilla.de\/search\/?checkin=&amp;checkout=&amp;children=&amp;filters[location_id]=29122&amp;flexibleDaysCount=3&amp;guests=2&amp;infants=&amp;isTravellingWithPets=false&amp;location=Andalusien&amp;pets=&amp;rooms=1&amp;rooms_config=1-2&amp;searchType=region\" target=\"_blank\" rel=\"noopener noreferrer\">Alle Ferienh\u00e4user in Andalusien<\/a><\/p>\n\n\n\n<h2 class=\"wp-block-heading\">Madeira<\/h2>\n\n\n\n<figure class=\"wp-block-image size-large\"><img loading=\"lazy\" decoding=\"async\" width=\"1096\" height=\"863\" src=\"https:\/\/www.belvilla.de\/blog\/wp-content\/uploads\/sites\/4\/2023\/01\/Shutterstock_1027434487-1096x863.jpg\" alt=\"Madeira, die Blumeninsel\" class=\"wp-image-2251\" \/><figcaption class=\"wp-element-caption\">Madeira, die Blumeninsel<\/figcaption><\/figure>\n\n\n\n<p>18 Grad ist die durchschnittliche Wintertemperatur auf <a href=\"https:\/\/www.belvilla.de\/ferienhaus-madeira-portugal\/\" target=\"_blank\" rel=\"noopener noreferrer\">Madeira<\/a>, der portugiesischen Blumeninsel vor der Westk\u00fcste Afrikas. Da die K\u00fcstenlinie haupts\u00e4chlich aus Felsen und Klippen besteht, ist Madeira kein echtes Strandziel. Es ist vor allem das sch\u00f6ne Innere, das die Besucher anzieht. Mit seinen alten Vulkanen, \u00fcppigen W\u00e4ldern, malerischen Bergd\u00f6rfern und der F\u00fclle an subtropischen Blumen ist Madeira ein Wanderparadies. Daher ist die Insel von einem Netz gut ausgeschilderter und gepflegter Wanderwege durchzogen.<\/p>\n\n\n\n<p>Ein Tipp: Mietet euch ein Auto, um Madeiras einzigartige Landschaft zu erkunden. Ein beliebtes Ziel ist der 1.818 Meter hohe Pico do Arieiro, dessen Gipfel man nach einer spektakul\u00e4ren Fahrt \u00fcber schmale Stra\u00dfen und durch tiefe Schluchten mit dem Auto erreichen kann. Ihr werdet mit einem unvergleichlichen Blick \u00fcber die Insel belohnt. Auch die Hauptstadt Funchal ist einen Besuch wert, sei es nur wegen der tropischen und botanischen G\u00e4rten. Von Funchal aus werden verschiedene Bootsausfl\u00fcge organisiert, bei denen ihr an Bord gehen k\u00f6nnt, um unter anderem Delfine und Wale zu beobachten. Ein weiterer empfehlenswerter Tagesausflug ist der Fischerort Camara de Lobos, einer der sch\u00f6nsten Orte auf Madeira, ber\u00fchmt f\u00fcr die Klippen von Cabo Girao. Diese beeindruckende Felsformation l\u00e4sst sich vom h\u00f6chsten Skywalk Europas aus bewundern. Durch das durchsichtige Glas habt ihr einen tollen Blick in die Ferne.<\/p>\n\n\n\n<p><a href=\"https:\/\/www.belvilla.de\/search\/?checkin=&amp;checkout=&amp;children=&amp;filters[location_id]=29660&amp;flexibleDaysCount=3&amp;guests=2&amp;infants=&amp;isTravellingWithPets=false&amp;location=Madeira&amp;pets=&amp;rooms=1&amp;rooms_config=1-2&amp;searchType=region\" target=\"_blank\" rel=\"noopener noreferrer\">Alle Ferienh\u00e4user auf Madeira<\/a><\/p>\n","protected":false},"excerpt":{"rendered":"<p>Wer der Winterk\u00e4lte f\u00fcr eine Woche entfliehen m\u00f6chte, kann aus einer Reihe von europ\u00e4ischen Urlaubszielen w\u00e4hlen, in denen fast immer die Sonne scheint und fr\u00fchlingshafte Temperaturen herrschen. Hier sind die w\u00e4rmsten Sonnenziele im Winter.<\/p>\n","protected":false},"author":10,"featured_media":2252,"comment_status":"open","ping_status":"open","sticky":false,"template":"","format":"standard","meta":{"footnotes":""},"categories":[11],"tags":[140,70],"location":[],"class_list":["post-2238","post","type-post","status-publish","format-standard","has-post-thumbnail","hentry","category-destination","tag-sonnenurlaub","tag-winterurlaub"],"acf":[],"yoast_head":"<!-- This site is optimized with the Yoast SEO plugin v27.5 - https:\/\/yoast.com\/product\/yoast-seo-wordpress\/ -->\n<title>Sonnenurlaub im Winter | Europas w\u00e4rmste Winterziele | Belvilla<\/title>\n<meta name=\"description\" content=\"Wo solltet ihr euch in den Wintermonaten aufhalten, um den Wintersonnenurlaub und die h\u00f6chsten Temperaturen zu genie\u00dfen? Tipps f\u00fcr die w\u00e4rmsten Winterziele.\" \/>\n<meta name=\"robots\" content=\"index, follow, max-snippet:-1, max-image-preview:large, max-video-preview:-1\" \/>\n<link rel=\"canonical\" href=\"https:\/\/www.belvilla.de\/blog\/sonnenurlaub-winter\/\" \/>\n<meta property=\"og:locale\" content=\"de_DE\" \/>\n<meta property=\"og:type\" content=\"article\" \/>\n<meta property=\"og:title\" content=\"Sonnenurlaub im Winter | Europas w\u00e4rmste Winterziele | Belvilla\" \/>\n<meta property=\"og:description\" content=\"Wo solltet ihr euch in den Wintermonaten aufhalten, um den Wintersonnenurlaub und die h\u00f6chsten Temperaturen zu genie\u00dfen? Tipps f\u00fcr die w\u00e4rmsten Winterziele.\" \/>\n<meta property=\"og:url\" content=\"https:\/\/www.belvilla.de\/blog\/sonnenurlaub-winter\/\" \/>\n<meta property=\"og:site_name\" content=\"Belvilla Blog DE\" \/>\n<meta property=\"article:published_time\" content=\"2023-01-24T05:12:59+00:00\" \/>\n<meta property=\"article:modified_time\" content=\"2023-08-28T21:19:16+00:00\" \/>\n<meta property=\"og:image\" content=\"https:\/\/www.belvilla.de\/blog\/wp-content\/uploads\/sites\/4\/2023\/01\/Shutterstock_1820001488.jpg\" \/>\n\t<meta property=\"og:image:width\" content=\"1096\" \/>\n\t<meta property=\"og:image:height\" content=\"683\" \/>\n\t<meta property=\"og:image:type\" content=\"image\/jpeg\" \/>\n<meta name=\"twitter:card\" content=\"summary_large_image\" \/>\n<meta name=\"twitter:label1\" content=\"Verfasst von\" \/>\n\t<meta name=\"twitter:data1\" content=\"\" \/>\n\t<meta name=\"twitter:label2\" content=\"Gesch\u00e4tzte Lesezeit\" \/>\n\t<meta name=\"twitter:data2\" content=\"6\u00a0Minuten\" \/>\n<script type=\"application\/ld+json\" class=\"yoast-schema-graph\">{\"@context\":\"https:\\\/\\\/schema.org\",\"@graph\":[{\"@type\":\"Article\",\"@id\":\"https:\\\/\\\/www.belvilla.de\\\/blog\\\/sonnenurlaub-winter\\\/#article\",\"isPartOf\":{\"@id\":\"https:\\\/\\\/www.belvilla.de\\\/blog\\\/sonnenurlaub-winter\\\/\"},\"author\":{\"name\":\"\",\"@id\":\"\"},\"headline\":\"Die w\u00e4rmsten Reiseziele f\u00fcr Sonnenurlaub im Winter\",\"datePublished\":\"2023-01-24T05:12:59+00:00\",\"dateModified\":\"2023-08-28T21:19:16+00:00\",\"mainEntityOfPage\":{\"@id\":\"https:\\\/\\\/www.belvilla.de\\\/blog\\\/sonnenurlaub-winter\\\/\"},\"wordCount\":891,\"commentCount\":0,\"image\":{\"@id\":\"https:\\\/\\\/www.belvilla.de\\\/blog\\\/sonnenurlaub-winter\\\/#primaryimage\"},\"thumbnailUrl\":\"https:\\\/\\\/www.belvilla.de\\\/blog\\\/wp-content\\\/uploads\\\/sites\\\/4\\\/2023\\\/01\\\/Shutterstock_1820001488.jpg\",\"keywords\":[\"Sonnenurlaub\",\"Winterurlaub\"],\"articleSection\":[\"Destination\"],\"inLanguage\":\"de\",\"potentialAction\":[{\"@type\":\"CommentAction\",\"name\":\"Comment\",\"target\":[\"https:\\\/\\\/www.belvilla.de\\\/blog\\\/sonnenurlaub-winter\\\/#respond\"]}]},{\"@type\":\"WebPage\",\"@id\":\"https:\\\/\\\/www.belvilla.de\\\/blog\\\/sonnenurlaub-winter\\\/\",\"url\":\"https:\\\/\\\/www.belvilla.de\\\/blog\\\/sonnenurlaub-winter\\\/\",\"name\":\"Sonnenurlaub im Winter | Europas w\u00e4rmste Winterziele | Belvilla\",\"isPartOf\":{\"@id\":\"https:\\\/\\\/www.belvilla.de\\\/blog\\\/#website\"},\"primaryImageOfPage\":{\"@id\":\"https:\\\/\\\/www.belvilla.de\\\/blog\\\/sonnenurlaub-winter\\\/#primaryimage\"},\"image\":{\"@id\":\"https:\\\/\\\/www.belvilla.de\\\/blog\\\/sonnenurlaub-winter\\\/#primaryimage\"},\"thumbnailUrl\":\"https:\\\/\\\/www.belvilla.de\\\/blog\\\/wp-content\\\/uploads\\\/sites\\\/4\\\/2023\\\/01\\\/Shutterstock_1820001488.jpg\",\"datePublished\":\"2023-01-24T05:12:59+00:00\",\"dateModified\":\"2023-08-28T21:19:16+00:00\",\"author\":{\"@id\":\"\"},\"description\":\"Wo solltet ihr euch in den Wintermonaten aufhalten, um den Wintersonnenurlaub und die h\u00f6chsten Temperaturen zu genie\u00dfen? Tipps f\u00fcr die w\u00e4rmsten Winterziele.\",\"breadcrumb\":{\"@id\":\"https:\\\/\\\/www.belvilla.de\\\/blog\\\/sonnenurlaub-winter\\\/#breadcrumb\"},\"inLanguage\":\"de\",\"potentialAction\":[{\"@type\":\"ReadAction\",\"target\":[\"https:\\\/\\\/www.belvilla.de\\\/blog\\\/sonnenurlaub-winter\\\/\"]}]},{\"@type\":\"ImageObject\",\"inLanguage\":\"de\",\"@id\":\"https:\\\/\\\/www.belvilla.de\\\/blog\\\/sonnenurlaub-winter\\\/#primaryimage\",\"url\":\"https:\\\/\\\/www.belvilla.de\\\/blog\\\/wp-content\\\/uploads\\\/sites\\\/4\\\/2023\\\/01\\\/Shutterstock_1820001488.jpg\",\"contentUrl\":\"https:\\\/\\\/www.belvilla.de\\\/blog\\\/wp-content\\\/uploads\\\/sites\\\/4\\\/2023\\\/01\\\/Shutterstock_1820001488.jpg\",\"width\":1096,\"height\":683,\"caption\":\"Familie am Strand\"},{\"@type\":\"BreadcrumbList\",\"@id\":\"https:\\\/\\\/www.belvilla.de\\\/blog\\\/sonnenurlaub-winter\\\/#breadcrumb\",\"itemListElement\":[{\"@type\":\"ListItem\",\"position\":1,\"name\":\"Home\",\"item\":\"https:\\\/\\\/www.belvilla.de\\\/blog\\\/\"},{\"@type\":\"ListItem\",\"position\":2,\"name\":\"Die w\u00e4rmsten Reiseziele f\u00fcr Sonnenurlaub im Winter\"}]},{\"@type\":\"WebSite\",\"@id\":\"https:\\\/\\\/www.belvilla.de\\\/blog\\\/#website\",\"url\":\"https:\\\/\\\/www.belvilla.de\\\/blog\\\/\",\"name\":\"Belvilla Blog DE\",\"description\":\"\",\"potentialAction\":[{\"@type\":\"SearchAction\",\"target\":{\"@type\":\"EntryPoint\",\"urlTemplate\":\"https:\\\/\\\/www.belvilla.de\\\/blog\\\/?s={search_term_string}\"},\"query-input\":{\"@type\":\"PropertyValueSpecification\",\"valueRequired\":true,\"valueName\":\"search_term_string\"}}],\"inLanguage\":\"de\"},{\"@type\":\"Person\",\"@id\":\"\"}]}<\/script>\n<!-- \/ Yoast SEO plugin. -->","yoast_head_json":{"title":"Sonnenurlaub im Winter | Europas w\u00e4rmste Winterziele | Belvilla","description":"Wo solltet ihr euch in den Wintermonaten aufhalten, um den Wintersonnenurlaub und die h\u00f6chsten Temperaturen zu genie\u00dfen? Tipps f\u00fcr die w\u00e4rmsten Winterziele.","robots":{"index":"index","follow":"follow","max-snippet":"max-snippet:-1","max-image-preview":"max-image-preview:large","max-video-preview":"max-video-preview:-1"},"canonical":"https:\/\/www.belvilla.de\/blog\/sonnenurlaub-winter\/","og_locale":"de_DE","og_type":"article","og_title":"Sonnenurlaub im Winter | Europas w\u00e4rmste Winterziele | Belvilla","og_description":"Wo solltet ihr euch in den Wintermonaten aufhalten, um den Wintersonnenurlaub und die h\u00f6chsten Temperaturen zu genie\u00dfen? Tipps f\u00fcr die w\u00e4rmsten Winterziele.","og_url":"https:\/\/www.belvilla.de\/blog\/sonnenurlaub-winter\/","og_site_name":"Belvilla Blog DE","article_published_time":"2023-01-24T05:12:59+00:00","article_modified_time":"2023-08-28T21:19:16+00:00","og_image":[{"width":1096,"height":683,"url":"https:\/\/www.belvilla.de\/blog\/wp-content\/uploads\/sites\/4\/2023\/01\/Shutterstock_1820001488.jpg","type":"image\/jpeg"}],"twitter_card":"summary_large_image","twitter_misc":{"Verfasst von":"","Gesch\u00e4tzte Lesezeit":"6\u00a0Minuten"},"schema":{"@context":"https:\/\/schema.org","@graph":[{"@type":"Article","@id":"https:\/\/www.belvilla.de\/blog\/sonnenurlaub-winter\/#article","isPartOf":{"@id":"https:\/\/www.belvilla.de\/blog\/sonnenurlaub-winter\/"},"author":{"name":"","@id":""},"headline":"Die w\u00e4rmsten Reiseziele f\u00fcr Sonnenurlaub im Winter","datePublished":"2023-01-24T05:12:59+00:00","dateModified":"2023-08-28T21:19:16+00:00","mainEntityOfPage":{"@id":"https:\/\/www.belvilla.de\/blog\/sonnenurlaub-winter\/"},"wordCount":891,"commentCount":0,"image":{"@id":"https:\/\/www.belvilla.de\/blog\/sonnenurlaub-winter\/#primaryimage"},"thumbnailUrl":"https:\/\/www.belvilla.de\/blog\/wp-content\/uploads\/sites\/4\/2023\/01\/Shutterstock_1820001488.jpg","keywords":["Sonnenurlaub","Winterurlaub"],"articleSection":["Destination"],"inLanguage":"de","potentialAction":[{"@type":"CommentAction","name":"Comment","target":["https:\/\/www.belvilla.de\/blog\/sonnenurlaub-winter\/#respond"]}]},{"@type":"WebPage","@id":"https:\/\/www.belvilla.de\/blog\/sonnenurlaub-winter\/","url":"https:\/\/www.belvilla.de\/blog\/sonnenurlaub-winter\/","name":"Sonnenurlaub im Winter | Europas w\u00e4rmste Winterziele | Belvilla","isPartOf":{"@id":"https:\/\/www.belvilla.de\/blog\/#website"},"primaryImageOfPage":{"@id":"https:\/\/www.belvilla.de\/blog\/sonnenurlaub-winter\/#primaryimage"},"image":{"@id":"https:\/\/www.belvilla.de\/blog\/sonnenurlaub-winter\/#primaryimage"},"thumbnailUrl":"https:\/\/www.belvilla.de\/blog\/wp-content\/uploads\/sites\/4\/2023\/01\/Shutterstock_1820001488.jpg","datePublished":"2023-01-24T05:12:59+00:00","dateModified":"2023-08-28T21:19:16+00:00","author":{"@id":""},"description":"Wo solltet ihr euch in den Wintermonaten aufhalten, um den Wintersonnenurlaub und die h\u00f6chsten Temperaturen zu genie\u00dfen? Tipps f\u00fcr die w\u00e4rmsten Winterziele.","breadcrumb":{"@id":"https:\/\/www.belvilla.de\/blog\/sonnenurlaub-winter\/#breadcrumb"},"inLanguage":"de","potentialAction":[{"@type":"ReadAction","target":["https:\/\/www.belvilla.de\/blog\/sonnenurlaub-winter\/"]}]},{"@type":"ImageObject","inLanguage":"de","@id":"https:\/\/www.belvilla.de\/blog\/sonnenurlaub-winter\/#primaryimage","url":"https:\/\/www.belvilla.de\/blog\/wp-content\/uploads\/sites\/4\/2023\/01\/Shutterstock_1820001488.jpg","contentUrl":"https:\/\/www.belvilla.de\/blog\/wp-content\/uploads\/sites\/4\/2023\/01\/Shutterstock_1820001488.jpg","width":1096,"height":683,"caption":"Familie am Strand"},{"@type":"BreadcrumbList","@id":"https:\/\/www.belvilla.de\/blog\/sonnenurlaub-winter\/#breadcrumb","itemListElement":[{"@type":"ListItem","position":1,"name":"Home","item":"https:\/\/www.belvilla.de\/blog\/"},{"@type":"ListItem","position":2,"name":"Die w\u00e4rmsten Reiseziele f\u00fcr Sonnenurlaub im Winter"}]},{"@type":"WebSite","@id":"https:\/\/www.belvilla.de\/blog\/#website","url":"https:\/\/www.belvilla.de\/blog\/","name":"Belvilla Blog DE","description":"","potentialAction":[{"@type":"SearchAction","target":{"@type":"EntryPoint","urlTemplate":"https:\/\/www.belvilla.de\/blog\/?s={search_term_string}"},"query-input":{"@type":"PropertyValueSpecification","valueRequired":true,"valueName":"search_term_string"}}],"inLanguage":"de"},{"@type":"Person","@id":""}]}},"_links":{"self":[{"href":"https:\/\/www.belvilla.de\/blog\/wp-json\/wp\/v2\/posts\/2238","targetHints":{"allow":["GET"]}}],"collection":[{"href":"https:\/\/www.belvilla.de\/blog\/wp-json\/wp\/v2\/posts"}],"about":[{"href":"https:\/\/www.belvilla.de\/blog\/wp-json\/wp\/v2\/types\/post"}],"author":[{"embeddable":true,"href":"https:\/\/www.belvilla.de\/blog\/wp-json\/wp\/v2\/users\/10"}],"replies":[{"embeddable":true,"href":"https:\/\/www.belvilla.de\/blog\/wp-json\/wp\/v2\/comments?post=2238"}],"version-history":[{"count":11,"href":"https:\/\/www.belvilla.de\/blog\/wp-json\/wp\/v2\/posts\/2238\/revisions"}],"predecessor-version":[{"id":3300,"href":"https:\/\/www.belvilla.de\/blog\/wp-json\/wp\/v2\/posts\/2238\/revisions\/3300"}],"wp:featuredmedia":[{"embeddable":true,"href":"https:\/\/www.belvilla.de\/blog\/wp-json\/wp\/v2\/media\/2252"}],"wp:attachment":[{"href":"https:\/\/www.belvilla.de\/blog\/wp-json\/wp\/v2\/media?parent=2238"}],"wp:term":[{"taxonomy":"category","embeddable":true,"href":"https:\/\/www.belvilla.de\/blog\/wp-json\/wp\/v2\/categories?post=2238"},{"taxonomy":"post_tag","embeddable":true,"href":"https:\/\/www.belvilla.de\/blog\/wp-json\/wp\/v2\/tags?post=2238"},{"taxonomy":"location","embeddable":true,"href":"https:\/\/www.belvilla.de\/blog\/wp-json\/wp\/v2\/location?post=2238"}],"curies":[{"name":"wp","href":"https:\/\/api.w.org\/{rel}","templated":true}]}}