{"id":1640,"date":"2022-10-30T10:29:00","date_gmt":"2022-10-30T10:29:00","guid":{"rendered":"https:\/\/www.belvilla.de\/blog\/?p=1640"},"modified":"2023-08-28T21:20:23","modified_gmt":"2023-08-28T21:20:23","slug":"silvester-ostsee","status":"publish","type":"post","link":"https:\/\/www.belvilla.de\/blog\/silvester-ostsee\/","title":{"rendered":"Ein traumhaftes Silvester an der Ostsee feiern"},"content":{"rendered":"\n<figure class=\"wp-block-image size-full\"><img loading=\"lazy\" decoding=\"async\" width=\"1024\" height=\"683\" src=\"https:\/\/www.belvilla.de\/blog\/wp-content\/uploads\/sites\/4\/2022\/10\/shutterstock_1672070182.jpg\" alt=\"Feuerwerk in Rostock an der Ostsee\" class=\"wp-image-1643\" srcset=\"https:\/\/www.belvilla.de\/blog\/wp-content\/uploads\/sites\/4\/2022\/10\/shutterstock_1672070182.jpg 1024w, https:\/\/www.belvilla.de\/blog\/wp-content\/uploads\/sites\/4\/2022\/10\/shutterstock_1672070182-750x500.jpg 750w, https:\/\/www.belvilla.de\/blog\/wp-content\/uploads\/sites\/4\/2022\/10\/shutterstock_1672070182-300x200.jpg 300w\" sizes=\"auto, (max-width: 1024px) 100vw, 1024px\" \/><figcaption class=\"wp-element-caption\">Feuerwerk in Rostock an der Ostsee<\/figcaption><\/figure>\n\n\n\n<p>Wer war nicht auch schon einmal in dieser Situation: Freunde fragen neugierig, wie die eigenen Pl\u00e4ne f\u00fcr den kommenden Jahreswechsel sind. Wer an dieser Stelle schon des \u00d6fteren mit \u201eAch, eigentlich nichts\u201c geantwortet hat, f\u00fcr den ist es wom\u00f6glich l\u00e4ngst an der Zeit, sich nach mehr umzusehen. Ein traumhaftes Silvester an der Ostsee feiern, wieso eigentlich nicht?<\/p>\n\n\n\n<p>Die St\u00e4dte und Regionen rund um die <a href=\"https:\/\/www.belvilla.de\/ferienwohnung-ostsee\/\">Ostsee<\/a> sind Jahr f\u00fcr Jahr ein beliebtes Ziel f\u00fcr Silvester. Ob es eine ausgelassene Jahreswechselparty sein soll, oder ein wirklich entspannter und besinnlicher Abend zusammen mit dem Partner oder der Familie, die Ostsee kann hier wirklich jedem etwas bieten.<\/p>\n\n\n\n<p>Die Vorstellung, sich zum letzten Tag des Jahres an einen flachen Sandstrand zu stellen und sich in der Ferne ein Feuerwerk \u00fcber dem weiten Meer anzusehen, ist f\u00fcr viele attraktiv. Nicht ohne Grund zieht es jedes Jahr viele Touristen und Besucher an die Ostsee, um Silvester zu feiern.<\/p>\n\n\n\n<h2 class=\"wp-block-heading\">Silvester an der Ostsee<\/h2>\n\n\n\n<figure class=\"wp-block-image size-full\"><img loading=\"lazy\" decoding=\"async\" width=\"1024\" height=\"683\" src=\"https:\/\/www.belvilla.de\/blog\/wp-content\/uploads\/sites\/4\/2022\/10\/shutterstock_516374167.jpg\" alt=\"Weg zum Ostseestrand mit Blick auf die Ostsee\" class=\"wp-image-1644\" srcset=\"https:\/\/www.belvilla.de\/blog\/wp-content\/uploads\/sites\/4\/2022\/10\/shutterstock_516374167.jpg 1024w, https:\/\/www.belvilla.de\/blog\/wp-content\/uploads\/sites\/4\/2022\/10\/shutterstock_516374167-750x500.jpg 750w, https:\/\/www.belvilla.de\/blog\/wp-content\/uploads\/sites\/4\/2022\/10\/shutterstock_516374167-300x200.jpg 300w\" sizes=\"auto, (max-width: 1024px) 100vw, 1024px\" \/><figcaption class=\"wp-element-caption\">Weg zum Ostseestrand mit Blick auf die Ostsee<\/figcaption><\/figure>\n\n\n\n<p>Ein Silvester an der Ostsee ist f\u00fcr Touristen ein einzigartiges Erlebnis. Sich zu Mitternacht ans Meer zu stellen, und sich in der frischen Meeresluft von den schillernden Farben und den Reflektionen im Wasser verzaubern zu lassen &#8211; Was kann zum neuen Jahr sch\u00f6ner sein?<\/p>\n\n\n\n<p>Manchmal rauscht das Jahr an uns vorbei, und dann sind es auf einmal nur noch wenige Wochen bis Silvester. Deshalb fangt am besten jetzt schon an zu Planen! Wir stellen euch die sch\u00f6nsten Orte f\u00fcr ein traumhaftes Silvester vor.<\/p>\n\n\n\n<p>Wenn ihr euch gerne eine Auszeit zum Jahreswechsel g\u00f6nnen wollt, findet ihr hier eure Inspiration. Die begehrten Regionen rund um die Ostsee bieten an Silvester M\u00f6glichkeiten f\u00fcr jeden Geschmack. <\/p>\n\n\n\n<h2 class=\"wp-block-heading\">Silvester an der Ostsee in Warnem\u00fcnde<\/h2>\n\n\n\n<figure class=\"wp-block-image size-full\"><img loading=\"lazy\" decoding=\"async\" width=\"1024\" height=\"683\" src=\"https:\/\/www.belvilla.de\/blog\/wp-content\/uploads\/sites\/4\/2022\/10\/shutterstock_64073803.jpg\" alt=\"Feuerwerk am Leuchtturm in Warnem\u00fcnde\" class=\"wp-image-1645\" srcset=\"https:\/\/www.belvilla.de\/blog\/wp-content\/uploads\/sites\/4\/2022\/10\/shutterstock_64073803.jpg 1024w, https:\/\/www.belvilla.de\/blog\/wp-content\/uploads\/sites\/4\/2022\/10\/shutterstock_64073803-750x500.jpg 750w, https:\/\/www.belvilla.de\/blog\/wp-content\/uploads\/sites\/4\/2022\/10\/shutterstock_64073803-300x200.jpg 300w\" sizes=\"auto, (max-width: 1024px) 100vw, 1024px\" \/><figcaption class=\"wp-element-caption\">Feuerwerk am Leuchtturm in Warnem\u00fcnde<\/figcaption><\/figure>\n\n\n\n<p>Warnem\u00fcnde liegt direkt an der Ostsee, ist ein Ortsteil Rostocks und kann seinen Besuchern jede Menge bieten. Der 5 km lange Sandstrand und ein 37 m hoher Leuchtturm ziehen \u00fcbers ganze Jahr verteilt Besucher an. Silvester an der Ostsee in Warnem\u00fcnde zu feiern, geh\u00f6rt zu den gr\u00f6\u00dften Ereignissen des Ortes.<\/p>\n\n\n\n<p>Zu den absoluten Highlights geh\u00f6rt das Warnem\u00fcnder Turmleuchten, das 2015 erstmalig als \u201eLeuchtturm in Flammen\u201c startete und seitdem sehr beliebt ist. Bei dieser Attraktion wird der Leuchtturm mit Licht, Feuerwerk, Musik und spannenden Lasereffekten beleuchtet. Zu bestaunen ist das Spektakel vom Strand aus, von der schicken Promenade und direkt am Leuchtturm. Die Veranstalter rechnen mit mehreren 10.000 Zuschauern. Fr\u00fchzeitiges Erscheinen sorgt f\u00fcr die besten Pl\u00e4tze!<\/p>\n\n\n\n<p>Vom Ostseestrand aus gibt es zudem ein atemberaubendes Silvesterfeuerwerk. An diesen Pl\u00e4tzen k\u00f6nnt ihr euch das Feuerwerk auch besonders gut ansehen:&nbsp;<\/p>\n\n\n\n<ul class=\"wp-block-list\">\n<li>Alter Strom (die Flaniermeile Warnem\u00fcndes)<\/li>\n\n\n\n<li>Mole<\/li>\n<\/ul>\n\n\n\n<p>Zudem gibt es in den ans\u00e4ssigen Hotels in Warnem\u00fcnde oft Silvesterpartys und Veranstaltungen, die f\u00fcr die richtige Silvesterstimmung sorgen. Wer Silvester an der Ostsee in Warnem\u00fcnde feiert, hat au\u00dferdem den Vorteil, es nicht besonders weit nach Rostock in die Stadt zu haben. Falls ihr also noch ausgelassen in einem der Clubs in Rostock feiern wollen, seid ihr Silvester in Warnem\u00fcnde am richtigen Ort.<\/p>\n\n\n\n<h2 class=\"wp-block-heading\">Silvester an der Ostsee auf Usedom<\/h2>\n\n\n\n<figure class=\"wp-block-image\"><img decoding=\"async\" src=\"https:\/\/www.belvilla.de\/eadd7f53-f7a2-483c-9c90-c7bd43293110\" alt=\"\" \/><figcaption class=\"wp-element-caption\">Usedom im Winter<\/figcaption><\/figure>\n\n\n\n<p>Ebenfalls sehr beliebt ist Silvester auf Usedom. Kein Geheimtipp, aber dennoch wundersch\u00f6n, sind die Seebr\u00fccken, die es in den meisten K\u00fcstenorten auf Usedom gibt. Der Blick auf die weite Ostsee und das Rauschen der Wellen sind an Silvester auf Usedom wundersch\u00f6n.<\/p>\n\n\n\n<p>Ihr habt es hier nicht weit zu den begehrten und belebten Strandpromenaden, von denen aus ihr das Feuerwerk gut sehen k\u00f6nnt. Ein paar Orte an der Ostsee, die sich daf\u00fcr eignen, sind \u00dcckeritz, Bansin und Zinnowitz.<\/p>\n\n\n\n<p>Wer ungern frierend auf den Countdown warten will, kann sich f\u00fcr eine Veranstaltung in einer der Hotels auf Usedom entscheiden. <\/p>\n\n\n\n<p>Wenn ihr es gerne ruhiger angeht, aber trotzdem nicht zu Hause bleiben wollt, entscheidet euch f\u00fcr ein Ferienhaus von <a href=\"https:\/\/www.belvilla.de\/blog\/10-gruende-belvilla-zu-waehlen\/\">Belvilla<\/a>. Davon gibt es auch auf Usedom eine gro\u00dfe Auswahl, Unterk\u00fcnfte f\u00fcr Familien, Freunde, als auch tierfreundliche Ferienwohnungen. Oder feiert eure eigene kleine Silvesterparty auf der Insel. F\u00fcr weitere g\u00fcnstige Angebote f\u00fcr einen Urlaub \u00fcber Weihnachten und Silvester, schaut euch <a href=\"https:\/\/www.belvilla.de\/guenstiger-urlaub-weihnachten-silvester\/\">unsere Auswahl an Ferienh\u00e4usern und Ferienwohnungen<\/a> an.<\/p>\n","protected":false},"excerpt":{"rendered":"<p>Wer noch nicht genau wei\u00df, wo es f\u00fcr die Neujahrsfeier hingehen soll, sollte ein Silvester an der Ostsee in Betracht ziehen. Wir haben die sch\u00f6nsten Orte f\u00fcr ein unvergessliches Neujahrsevent an der Ostsee f\u00fcr euch gesammelt, und stellen sie euch hier vor.<\/p>\n","protected":false},"author":6,"featured_media":1642,"comment_status":"open","ping_status":"open","sticky":false,"template":"","format":"standard","meta":{"footnotes":""},"categories":[11],"tags":[95,92,91,93,94],"location":[],"class_list":["post-1640","post","type-post","status-publish","format-standard","has-post-thumbnail","hentry","category-destination","tag-neujahr","tag-ostsee","tag-silvester","tag-usedom","tag-warnemuende"],"acf":[],"yoast_head":"<!-- This site is optimized with the Yoast SEO plugin v27.5 - https:\/\/yoast.com\/product\/yoast-seo-wordpress\/ -->\n<title>Ein traumhaftes Silvester an der Ostsee feiern | Belvilla<\/title>\n<meta name=\"description\" content=\"Wer will nicht gerne den Jahreswechsel am Strand mit Meerblick verbringen? Silvester an der Ostsee macht es m\u00f6glich. Die sch\u00f6nsten Orte daf\u00fcr findet ihr hier.\" \/>\n<meta name=\"robots\" content=\"index, follow, max-snippet:-1, max-image-preview:large, max-video-preview:-1\" \/>\n<link rel=\"canonical\" href=\"https:\/\/www.belvilla.de\/blog\/silvester-ostsee\/\" \/>\n<meta property=\"og:locale\" content=\"de_DE\" \/>\n<meta property=\"og:type\" content=\"article\" \/>\n<meta property=\"og:title\" content=\"Ein traumhaftes Silvester an der Ostsee feiern | Belvilla\" \/>\n<meta property=\"og:description\" content=\"Wer will nicht gerne den Jahreswechsel am Strand mit Meerblick verbringen? Silvester an der Ostsee macht es m\u00f6glich. Die sch\u00f6nsten Orte daf\u00fcr findet ihr hier.\" \/>\n<meta property=\"og:url\" content=\"https:\/\/www.belvilla.de\/blog\/silvester-ostsee\/\" \/>\n<meta property=\"og:site_name\" content=\"Belvilla Blog DE\" \/>\n<meta property=\"article:published_time\" content=\"2022-10-30T10:29:00+00:00\" \/>\n<meta property=\"article:modified_time\" content=\"2023-08-28T21:20:23+00:00\" \/>\n<meta property=\"og:image\" content=\"https:\/\/www.belvilla.de\/blog\/wp-content\/uploads\/sites\/4\/2022\/10\/shutterstock_1588941100.jpg\" \/>\n\t<meta property=\"og:image:width\" content=\"1024\" \/>\n\t<meta property=\"og:image:height\" content=\"683\" \/>\n\t<meta property=\"og:image:type\" content=\"image\/jpeg\" \/>\n<meta name=\"twitter:card\" content=\"summary_large_image\" \/>\n<meta name=\"twitter:label1\" content=\"Verfasst von\" \/>\n\t<meta name=\"twitter:data1\" content=\"\" \/>\n\t<meta name=\"twitter:label2\" content=\"Gesch\u00e4tzte Lesezeit\" \/>\n\t<meta name=\"twitter:data2\" content=\"5\u00a0Minuten\" \/>\n<script type=\"application\/ld+json\" class=\"yoast-schema-graph\">{\"@context\":\"https:\\\/\\\/schema.org\",\"@graph\":[{\"@type\":\"Article\",\"@id\":\"https:\\\/\\\/www.belvilla.de\\\/blog\\\/silvester-ostsee\\\/#article\",\"isPartOf\":{\"@id\":\"https:\\\/\\\/www.belvilla.de\\\/blog\\\/silvester-ostsee\\\/\"},\"author\":{\"name\":\"\",\"@id\":\"\"},\"headline\":\"Ein traumhaftes Silvester an der Ostsee feiern\",\"datePublished\":\"2022-10-30T10:29:00+00:00\",\"dateModified\":\"2023-08-28T21:20:23+00:00\",\"mainEntityOfPage\":{\"@id\":\"https:\\\/\\\/www.belvilla.de\\\/blog\\\/silvester-ostsee\\\/\"},\"wordCount\":724,\"commentCount\":0,\"image\":{\"@id\":\"https:\\\/\\\/www.belvilla.de\\\/blog\\\/silvester-ostsee\\\/#primaryimage\"},\"thumbnailUrl\":\"https:\\\/\\\/www.belvilla.de\\\/blog\\\/wp-content\\\/uploads\\\/sites\\\/4\\\/2022\\\/10\\\/shutterstock_1588941100.jpg\",\"keywords\":[\"Neujahr\",\"Ostsee\",\"Silvester\",\"Usedom\",\"Warnem\u00fcnde\"],\"articleSection\":[\"Destination\"],\"inLanguage\":\"de\",\"potentialAction\":[{\"@type\":\"CommentAction\",\"name\":\"Comment\",\"target\":[\"https:\\\/\\\/www.belvilla.de\\\/blog\\\/silvester-ostsee\\\/#respond\"]}]},{\"@type\":\"WebPage\",\"@id\":\"https:\\\/\\\/www.belvilla.de\\\/blog\\\/silvester-ostsee\\\/\",\"url\":\"https:\\\/\\\/www.belvilla.de\\\/blog\\\/silvester-ostsee\\\/\",\"name\":\"Ein traumhaftes Silvester an der Ostsee feiern | Belvilla\",\"isPartOf\":{\"@id\":\"https:\\\/\\\/www.belvilla.de\\\/blog\\\/#website\"},\"primaryImageOfPage\":{\"@id\":\"https:\\\/\\\/www.belvilla.de\\\/blog\\\/silvester-ostsee\\\/#primaryimage\"},\"image\":{\"@id\":\"https:\\\/\\\/www.belvilla.de\\\/blog\\\/silvester-ostsee\\\/#primaryimage\"},\"thumbnailUrl\":\"https:\\\/\\\/www.belvilla.de\\\/blog\\\/wp-content\\\/uploads\\\/sites\\\/4\\\/2022\\\/10\\\/shutterstock_1588941100.jpg\",\"datePublished\":\"2022-10-30T10:29:00+00:00\",\"dateModified\":\"2023-08-28T21:20:23+00:00\",\"author\":{\"@id\":\"\"},\"description\":\"Wer will nicht gerne den Jahreswechsel am Strand mit Meerblick verbringen? Silvester an der Ostsee macht es m\u00f6glich. Die sch\u00f6nsten Orte daf\u00fcr findet ihr hier.\",\"breadcrumb\":{\"@id\":\"https:\\\/\\\/www.belvilla.de\\\/blog\\\/silvester-ostsee\\\/#breadcrumb\"},\"inLanguage\":\"de\",\"potentialAction\":[{\"@type\":\"ReadAction\",\"target\":[\"https:\\\/\\\/www.belvilla.de\\\/blog\\\/silvester-ostsee\\\/\"]}]},{\"@type\":\"ImageObject\",\"inLanguage\":\"de\",\"@id\":\"https:\\\/\\\/www.belvilla.de\\\/blog\\\/silvester-ostsee\\\/#primaryimage\",\"url\":\"https:\\\/\\\/www.belvilla.de\\\/blog\\\/wp-content\\\/uploads\\\/sites\\\/4\\\/2022\\\/10\\\/shutterstock_1588941100.jpg\",\"contentUrl\":\"https:\\\/\\\/www.belvilla.de\\\/blog\\\/wp-content\\\/uploads\\\/sites\\\/4\\\/2022\\\/10\\\/shutterstock_1588941100.jpg\",\"width\":1024,\"height\":683,\"caption\":\"Silvester Feuerwerk an der Ostsee\"},{\"@type\":\"BreadcrumbList\",\"@id\":\"https:\\\/\\\/www.belvilla.de\\\/blog\\\/silvester-ostsee\\\/#breadcrumb\",\"itemListElement\":[{\"@type\":\"ListItem\",\"position\":1,\"name\":\"Home\",\"item\":\"https:\\\/\\\/www.belvilla.de\\\/blog\\\/\"},{\"@type\":\"ListItem\",\"position\":2,\"name\":\"Ein traumhaftes Silvester an der Ostsee feiern\"}]},{\"@type\":\"WebSite\",\"@id\":\"https:\\\/\\\/www.belvilla.de\\\/blog\\\/#website\",\"url\":\"https:\\\/\\\/www.belvilla.de\\\/blog\\\/\",\"name\":\"Belvilla Blog DE\",\"description\":\"\",\"potentialAction\":[{\"@type\":\"SearchAction\",\"target\":{\"@type\":\"EntryPoint\",\"urlTemplate\":\"https:\\\/\\\/www.belvilla.de\\\/blog\\\/?s={search_term_string}\"},\"query-input\":{\"@type\":\"PropertyValueSpecification\",\"valueRequired\":true,\"valueName\":\"search_term_string\"}}],\"inLanguage\":\"de\"},{\"@type\":\"Person\",\"@id\":\"\"}]}<\/script>\n<!-- \/ Yoast SEO plugin. -->","yoast_head_json":{"title":"Ein traumhaftes Silvester an der Ostsee feiern | Belvilla","description":"Wer will nicht gerne den Jahreswechsel am Strand mit Meerblick verbringen? Silvester an der Ostsee macht es m\u00f6glich. Die sch\u00f6nsten Orte daf\u00fcr findet ihr hier.","robots":{"index":"index","follow":"follow","max-snippet":"max-snippet:-1","max-image-preview":"max-image-preview:large","max-video-preview":"max-video-preview:-1"},"canonical":"https:\/\/www.belvilla.de\/blog\/silvester-ostsee\/","og_locale":"de_DE","og_type":"article","og_title":"Ein traumhaftes Silvester an der Ostsee feiern | Belvilla","og_description":"Wer will nicht gerne den Jahreswechsel am Strand mit Meerblick verbringen? Silvester an der Ostsee macht es m\u00f6glich. Die sch\u00f6nsten Orte daf\u00fcr findet ihr hier.","og_url":"https:\/\/www.belvilla.de\/blog\/silvester-ostsee\/","og_site_name":"Belvilla Blog DE","article_published_time":"2022-10-30T10:29:00+00:00","article_modified_time":"2023-08-28T21:20:23+00:00","og_image":[{"width":1024,"height":683,"url":"https:\/\/www.belvilla.de\/blog\/wp-content\/uploads\/sites\/4\/2022\/10\/shutterstock_1588941100.jpg","type":"image\/jpeg"}],"twitter_card":"summary_large_image","twitter_misc":{"Verfasst von":"","Gesch\u00e4tzte Lesezeit":"5\u00a0Minuten"},"schema":{"@context":"https:\/\/schema.org","@graph":[{"@type":"Article","@id":"https:\/\/www.belvilla.de\/blog\/silvester-ostsee\/#article","isPartOf":{"@id":"https:\/\/www.belvilla.de\/blog\/silvester-ostsee\/"},"author":{"name":"","@id":""},"headline":"Ein traumhaftes Silvester an der Ostsee feiern","datePublished":"2022-10-30T10:29:00+00:00","dateModified":"2023-08-28T21:20:23+00:00","mainEntityOfPage":{"@id":"https:\/\/www.belvilla.de\/blog\/silvester-ostsee\/"},"wordCount":724,"commentCount":0,"image":{"@id":"https:\/\/www.belvilla.de\/blog\/silvester-ostsee\/#primaryimage"},"thumbnailUrl":"https:\/\/www.belvilla.de\/blog\/wp-content\/uploads\/sites\/4\/2022\/10\/shutterstock_1588941100.jpg","keywords":["Neujahr","Ostsee","Silvester","Usedom","Warnem\u00fcnde"],"articleSection":["Destination"],"inLanguage":"de","potentialAction":[{"@type":"CommentAction","name":"Comment","target":["https:\/\/www.belvilla.de\/blog\/silvester-ostsee\/#respond"]}]},{"@type":"WebPage","@id":"https:\/\/www.belvilla.de\/blog\/silvester-ostsee\/","url":"https:\/\/www.belvilla.de\/blog\/silvester-ostsee\/","name":"Ein traumhaftes Silvester an der Ostsee feiern | Belvilla","isPartOf":{"@id":"https:\/\/www.belvilla.de\/blog\/#website"},"primaryImageOfPage":{"@id":"https:\/\/www.belvilla.de\/blog\/silvester-ostsee\/#primaryimage"},"image":{"@id":"https:\/\/www.belvilla.de\/blog\/silvester-ostsee\/#primaryimage"},"thumbnailUrl":"https:\/\/www.belvilla.de\/blog\/wp-content\/uploads\/sites\/4\/2022\/10\/shutterstock_1588941100.jpg","datePublished":"2022-10-30T10:29:00+00:00","dateModified":"2023-08-28T21:20:23+00:00","author":{"@id":""},"description":"Wer will nicht gerne den Jahreswechsel am Strand mit Meerblick verbringen? Silvester an der Ostsee macht es m\u00f6glich. Die sch\u00f6nsten Orte daf\u00fcr findet ihr hier.","breadcrumb":{"@id":"https:\/\/www.belvilla.de\/blog\/silvester-ostsee\/#breadcrumb"},"inLanguage":"de","potentialAction":[{"@type":"ReadAction","target":["https:\/\/www.belvilla.de\/blog\/silvester-ostsee\/"]}]},{"@type":"ImageObject","inLanguage":"de","@id":"https:\/\/www.belvilla.de\/blog\/silvester-ostsee\/#primaryimage","url":"https:\/\/www.belvilla.de\/blog\/wp-content\/uploads\/sites\/4\/2022\/10\/shutterstock_1588941100.jpg","contentUrl":"https:\/\/www.belvilla.de\/blog\/wp-content\/uploads\/sites\/4\/2022\/10\/shutterstock_1588941100.jpg","width":1024,"height":683,"caption":"Silvester Feuerwerk an der Ostsee"},{"@type":"BreadcrumbList","@id":"https:\/\/www.belvilla.de\/blog\/silvester-ostsee\/#breadcrumb","itemListElement":[{"@type":"ListItem","position":1,"name":"Home","item":"https:\/\/www.belvilla.de\/blog\/"},{"@type":"ListItem","position":2,"name":"Ein traumhaftes Silvester an der Ostsee feiern"}]},{"@type":"WebSite","@id":"https:\/\/www.belvilla.de\/blog\/#website","url":"https:\/\/www.belvilla.de\/blog\/","name":"Belvilla Blog DE","description":"","potentialAction":[{"@type":"SearchAction","target":{"@type":"EntryPoint","urlTemplate":"https:\/\/www.belvilla.de\/blog\/?s={search_term_string}"},"query-input":{"@type":"PropertyValueSpecification","valueRequired":true,"valueName":"search_term_string"}}],"inLanguage":"de"},{"@type":"Person","@id":""}]}},"_links":{"self":[{"href":"https:\/\/www.belvilla.de\/blog\/wp-json\/wp\/v2\/posts\/1640","targetHints":{"allow":["GET"]}}],"collection":[{"href":"https:\/\/www.belvilla.de\/blog\/wp-json\/wp\/v2\/posts"}],"about":[{"href":"https:\/\/www.belvilla.de\/blog\/wp-json\/wp\/v2\/types\/post"}],"author":[{"embeddable":true,"href":"https:\/\/www.belvilla.de\/blog\/wp-json\/wp\/v2\/users\/6"}],"replies":[{"embeddable":true,"href":"https:\/\/www.belvilla.de\/blog\/wp-json\/wp\/v2\/comments?post=1640"}],"version-history":[{"count":9,"href":"https:\/\/www.belvilla.de\/blog\/wp-json\/wp\/v2\/posts\/1640\/revisions"}],"predecessor-version":[{"id":3327,"href":"https:\/\/www.belvilla.de\/blog\/wp-json\/wp\/v2\/posts\/1640\/revisions\/3327"}],"wp:featuredmedia":[{"embeddable":true,"href":"https:\/\/www.belvilla.de\/blog\/wp-json\/wp\/v2\/media\/1642"}],"wp:attachment":[{"href":"https:\/\/www.belvilla.de\/blog\/wp-json\/wp\/v2\/media?parent=1640"}],"wp:term":[{"taxonomy":"category","embeddable":true,"href":"https:\/\/www.belvilla.de\/blog\/wp-json\/wp\/v2\/categories?post=1640"},{"taxonomy":"post_tag","embeddable":true,"href":"https:\/\/www.belvilla.de\/blog\/wp-json\/wp\/v2\/tags?post=1640"},{"taxonomy":"location","embeddable":true,"href":"https:\/\/www.belvilla.de\/blog\/wp-json\/wp\/v2\/location?post=1640"}],"curies":[{"name":"wp","href":"https:\/\/api.w.org\/{rel}","templated":true}]}}