{"id":1549,"date":"2022-10-23T09:33:00","date_gmt":"2022-10-23T09:33:00","guid":{"rendered":"https:\/\/www.belvilla.de\/blog\/?p=1549"},"modified":"2023-08-28T21:20:29","modified_gmt":"2023-08-28T21:20:29","slug":"urlaub-herbstferien","status":"publish","type":"post","link":"https:\/\/www.belvilla.de\/blog\/urlaub-herbstferien\/","title":{"rendered":"Die sch\u00f6nsten Orte f\u00fcr Urlaub in den Herbstferien"},"content":{"rendered":"\n<p>Manche bezeichnen den <a href=\"https:\/\/www.belvilla.de\/blog\/schoenste-weinregionen\/\">Herbst<\/a> als die sch\u00f6nste Zeit des Jahres. Das ist auch nicht verwunderlich. Der Anblick der gelben und orangen Bl\u00e4tter an den B\u00e4umen und die ersten kalten Tage geben nach einem hei\u00dfen Sommer ein tolles Gef\u00fchl. Dieses Gef\u00fchl kann besonders mit einem sch\u00f6nen Urlaub in den Herbstferien verst\u00e4rkt werden. Daf\u00fcr bietet Deutschland viele Regionen, die sich hervorragend eignen. Wir zeigen in diesem Artikel, wo Urlaub in den Herbstferien Spa\u00df macht.<\/p>\n\n\n\n<h2 class=\"wp-block-heading\">Wo Urlaub in den Herbstferien planen?<\/h2>\n\n\n\n<figure class=\"wp-block-image size-full\"><img loading=\"lazy\" decoding=\"async\" width=\"1024\" height=\"683\" src=\"https:\/\/www.belvilla.de\/blog\/wp-content\/uploads\/sites\/4\/2022\/10\/shutterstock_1485992198.jpg\" alt=\"Wald im Herbst mit gef\u00e4rbten Bl\u00e4ttern\" class=\"wp-image-1552\" srcset=\"https:\/\/www.belvilla.de\/blog\/wp-content\/uploads\/sites\/4\/2022\/10\/shutterstock_1485992198.jpg 1024w, https:\/\/www.belvilla.de\/blog\/wp-content\/uploads\/sites\/4\/2022\/10\/shutterstock_1485992198-750x500.jpg 750w, https:\/\/www.belvilla.de\/blog\/wp-content\/uploads\/sites\/4\/2022\/10\/shutterstock_1485992198-300x200.jpg 300w\" sizes=\"auto, (max-width: 1024px) 100vw, 1024px\" \/><figcaption class=\"wp-element-caption\">Wald im Herbst mit gef\u00e4rbten Bl\u00e4ttern<\/figcaption><\/figure>\n\n\n\n<p>Deutschland hat viele Regionen, in denen sich ein Urlaub in den Herbstferien lohnt. Dabei kann einerseits von weniger Touristen und andererseits von einer sch\u00f6nen Herbstlandschaft profitiert werden. Wer das Meer liebt, jedoch nicht unbedingt einen Badeurlaub ben\u00f6tigt, kann auch im Herbst an die Ostsee reisen. Ebenso bietet Deutschland mit dem Schwarzwald und dem Bayerischen Wald riesige W\u00e4lder, die Naturliebhaber gl\u00fccklich machen.<\/p>\n\n\n\n<p>Und auch die deutschen St\u00e4dte laden zum Urlaub in den Herbstferien ein. Zu der Jahreszeit sind oftmals weitaus weniger Touristen in den Orten als im Sommer, was einen Urlaub entspannter macht. Im Folgenden gehen wir im Detail auf die sch\u00f6nsten Orte f\u00fcr einen Urlaub in den Herbstferien und die Vorteile eines Herbsturlaubs ein.<\/p>\n\n\n\n<h2 class=\"wp-block-heading\">G\u00fcnstig Urlaub in den Herbstferien in Deutschland machen<\/h2>\n\n\n\n<p>Viele Menschen verreisen lieber in den Herbstferien, da die Unterk\u00fcnfte oftmals g\u00fcnstiger sind als in den Sommerferien. Dadurch ist es m\u00f6glich, bei einem Urlaub in den Herbstferien in Deutschland viel zu sparen. Besonders touristische Orte, haben im Herbst oftmals weniger Besucher. Dadurch sinken nicht nur die Preise, sondern auch die Umgebung kann viel entspannter erkundet werden.&nbsp;<\/p>\n\n\n\n<h3 class=\"wp-block-heading\">Die leeren Str\u00e4nde der Ostsee genie\u00dfen<\/h3>\n\n\n\n<figure class=\"wp-block-image size-full\"><img loading=\"lazy\" decoding=\"async\" width=\"1024\" height=\"683\" src=\"https:\/\/www.belvilla.de\/blog\/wp-content\/uploads\/sites\/4\/2022\/10\/shutterstock_720557830.jpg\" alt=\"Paar sitzt auf einer Bank am Ostseestrand\" class=\"wp-image-1553\" srcset=\"https:\/\/www.belvilla.de\/blog\/wp-content\/uploads\/sites\/4\/2022\/10\/shutterstock_720557830.jpg 1024w, https:\/\/www.belvilla.de\/blog\/wp-content\/uploads\/sites\/4\/2022\/10\/shutterstock_720557830-750x500.jpg 750w, https:\/\/www.belvilla.de\/blog\/wp-content\/uploads\/sites\/4\/2022\/10\/shutterstock_720557830-300x200.jpg 300w\" sizes=\"auto, (max-width: 1024px) 100vw, 1024px\" \/><figcaption class=\"wp-element-caption\">Paar sitzt auf einer Bank am Ostseestrand<\/figcaption><\/figure>\n\n\n\n<p>Wer einen langen Strandspaziergang mag, wird diesen ganz besonders im Herbst an der Ostsee lieben. Die langen Sandstr\u00e4nde sind oftmals in der Nebensaison menschenleer und laden zu entspannten, kilometerlangen Spazierg\u00e4ngen ein. Zus\u00e4tzlich lassen sich Orte wie Rostock, die Insel R\u00fcgen oder Usedom ganz gelassen erkunden, ohne die vielen Menschenmassen vom Sommer. Im Urlaub in den Herbstferien k\u00f6nnt ihr hier besonders entspannen.<\/p>\n\n\n\n<h3 class=\"wp-block-heading\">Wandern mit sch\u00f6nem Herbstpanorama im Harz<\/h3>\n\n\n\n<figure class=\"wp-block-image size-full\"><img loading=\"lazy\" decoding=\"async\" width=\"1024\" height=\"683\" src=\"https:\/\/www.belvilla.de\/blog\/wp-content\/uploads\/sites\/4\/2022\/10\/shutterstock_558484786.jpg\" alt=\"Aussicht auf den Nationalpark Harz im Herbst\" class=\"wp-image-1554\" srcset=\"https:\/\/www.belvilla.de\/blog\/wp-content\/uploads\/sites\/4\/2022\/10\/shutterstock_558484786.jpg 1024w, https:\/\/www.belvilla.de\/blog\/wp-content\/uploads\/sites\/4\/2022\/10\/shutterstock_558484786-750x500.jpg 750w, https:\/\/www.belvilla.de\/blog\/wp-content\/uploads\/sites\/4\/2022\/10\/shutterstock_558484786-300x200.jpg 300w\" sizes=\"auto, (max-width: 1024px) 100vw, 1024px\" \/><figcaption class=\"wp-element-caption\">Aussicht auf den Nationalpark Harz im Herbst<\/figcaption><\/figure>\n\n\n\n<p>Ebenso sch\u00f6n k\u00f6nnt ihr im Nationalpark Harz einen Urlaub in den Herbstferien gestalten. Hier k\u00f6nnen bei angenehmen Temperaturen zum Wandern nicht nur der Berg <a href=\"https:\/\/www.belvilla.de\/blog\/brocken-im-harz\/\">Brocken<\/a> erklommen, sondern auch viele Tropfsteinh\u00f6hlen erkundet werden. Die herbstliche Atmosph\u00e4re l\u00e4sst dabei Wanderungen rund um Orte wie Wernigerode oder Ilsenburg malerisch erscheinen. Dabei erzeugen die gelb gef\u00e4rbten Bl\u00e4tter der W\u00e4lder einen einzigartig sch\u00f6nen Anblick.&nbsp;<\/p>\n\n\n\n<p>Nach dem Genie\u00dfen des Herbstpanoramas der farbenfrohen Laubb\u00e4ume l\u00e4sst sich der Tag hervorragend in der warmen Ferienunterkunft ausklingen. Mit voller Energie k\u00f6nnen am n\u00e4chsten Tag wieder die Wanderschuhe angezogen werden. Ein ganz besonderes Erlebnis erhalten Fr\u00fchaufsteher, die sich f\u00fcr einen Sonnenaufgang auf den Gipfel des Brockens begeben.<\/p>\n\n\n\n<h2 class=\"wp-block-heading\">Urlaub in den Herbstferien mit Kindern<\/h2>\n\n\n\n<p>Die meisten Familien werden einen Urlaub in den Herbstferien mit Kindern planen. Dabei ist oftmals auf einiges zu achten, damit die Kleinen auch eine tolle Ferienzeit erleben. Eventuell sollten Ausfl\u00fcge mit k\u00fcrzeren Laufwegen und ausreichend Spiel und Spa\u00df f\u00fcr die Kinder eingeplant werden. Daf\u00fcr gibt es in Bayern viele Regionen, die eine solche Kombination zulassen. Ebenso hat die Region rund um den Spreewald, in Brandenburg, einiges f\u00fcr den <a href=\"https:\/\/www.belvilla.de\/blog\/sportmitfamilie-imurlaub\/\">Familienurlaub<\/a> im Herbst zu bieten.<\/p>\n\n\n\n<h3 class=\"wp-block-heading\">Die Vielseitigkeit Bayerns entdecken<\/h3>\n\n\n\n<figure class=\"wp-block-image size-full\"><img loading=\"lazy\" decoding=\"async\" width=\"1024\" height=\"683\" src=\"https:\/\/www.belvilla.de\/blog\/wp-content\/uploads\/sites\/4\/2022\/10\/shutterstock_1201425736.jpg\" alt=\"Vater und Sohn am See im Allg\u00e4u\" class=\"wp-image-1555\" srcset=\"https:\/\/www.belvilla.de\/blog\/wp-content\/uploads\/sites\/4\/2022\/10\/shutterstock_1201425736.jpg 1024w, https:\/\/www.belvilla.de\/blog\/wp-content\/uploads\/sites\/4\/2022\/10\/shutterstock_1201425736-750x500.jpg 750w, https:\/\/www.belvilla.de\/blog\/wp-content\/uploads\/sites\/4\/2022\/10\/shutterstock_1201425736-300x200.jpg 300w\" sizes=\"auto, (max-width: 1024px) 100vw, 1024px\" \/><figcaption class=\"wp-element-caption\">Vater und Sohn am See im Allg\u00e4u<\/figcaption><\/figure>\n\n\n\n<p>Das Bundesland Bayern bietet neben malerischen Berglandschaften wie den Alpen im Allg\u00e4u, wundersch\u00f6nen W\u00e4ldern wie den Bayerischen Wald auch einige Freizeitparks. So k\u00f6nnt ihr einen Urlaub in Bayern traumhaft mit Aktivit\u00e4ten im Freien und Unterhaltung f\u00fcr die Kleinen kombinieren. Vom Allg\u00e4u ist es au\u00dferdem etwa nur eine Stunde Autofahrt bis in das Legoland Deutschland in G\u00fcnzburg.&nbsp;<\/p>\n\n\n\n<p>Viele Berggipfel in der N\u00e4he des Allg\u00e4us sind mit einer Seilbahn zu erreichen, wodurch auch die Kleinen den wundersch\u00f6nen Ausblick genie\u00dfen k\u00f6nnen. Zudem locken viele Erlebnisb\u00e4der zum Spielen im warmen Wasser ein. Dadurch bietet der Urlaub in Bayern in Regionen wie dem Allg\u00e4u ein traumhaftes Reiseziel f\u00fcr den Urlaub in den Herbstferien mit Kindern.<\/p>\n\n\n\n<h3 class=\"wp-block-heading\">Den Spreewald im Herbst genie\u00dfen<\/h3>\n\n\n\n<figure class=\"wp-block-image size-full\"><img loading=\"lazy\" decoding=\"async\" width=\"1024\" height=\"683\" src=\"https:\/\/www.belvilla.de\/blog\/wp-content\/uploads\/sites\/4\/2022\/10\/shutterstock_766315534.jpg\" alt=\"Fluss im Spreewald im Herbst\" class=\"wp-image-1556\" srcset=\"https:\/\/www.belvilla.de\/blog\/wp-content\/uploads\/sites\/4\/2022\/10\/shutterstock_766315534.jpg 1024w, https:\/\/www.belvilla.de\/blog\/wp-content\/uploads\/sites\/4\/2022\/10\/shutterstock_766315534-750x500.jpg 750w, https:\/\/www.belvilla.de\/blog\/wp-content\/uploads\/sites\/4\/2022\/10\/shutterstock_766315534-300x200.jpg 300w\" sizes=\"auto, (max-width: 1024px) 100vw, 1024px\" \/><figcaption class=\"wp-element-caption\">Fluss im Spreewald im Herbst<\/figcaption><\/figure>\n\n\n\n<p>Auch der Osten Deutschlands hat beispielsweise mit dem Spreewald in Brandenburg Vieles zu bieten, sodass der Urlaub in den Herbstferien mit den Kindern unvergesslich wird. Einerseits k\u00f6nnt ihr das Biosph\u00e4renreservat Spreewald zu Fu\u00df oder auf dem Wasser erkunden. Andererseits befindet sich das gr\u00f6\u00dfte Erlebnisbad Europas, das Tropical Islands, nur unweit vom Spreewald entfernt.&nbsp;<\/p>\n\n\n\n<p>Somit lassen auch hier ein aktiver Urlaub in der Natur mit Spiel und Spa\u00df f\u00fcr die Kleinen hervorragend verbinden. Zus\u00e4tzlich kann ein Tagesausflug in das nicht allzu weit entfernte Berlin unternommen werden. Dadurch bietet die Region in Brandenburg sicherlich f\u00fcr viele Familien eine vielseitige Abwechslung, wodurch keine Langeweile aufkommt.<\/p>\n\n\n\n<p>Welche der genannten Regionen letztlich am besten geeignet sind, h\u00e4ngt ganz von den eigenen Vorlieben ab. Jedoch ist eines sicher: Deutschland bietet viele Regionen, die perfekt f\u00fcr einen Urlaub in den Herbstferien geeignet sind. Egal, ob allein oder mit der gesamten Familie. Es gibt Vieles zu entdecken und viele Vorteile, die die bunte Jahreszeit bietet.<\/p>\n","protected":false},"excerpt":{"rendered":"<p>Deutschland eignet sich hervorragend f\u00fcr einen Urlaub in den Herbstferien. Oftmals sind die Unterk\u00fcnfte in der Nebensaison g\u00fcnstiger und die Orte weniger voll. In diesem Artikel haben wir die sch\u00f6nsten Orte f\u00fcr einen Herbsturlaub zusammengestellt.<\/p>\n","protected":false},"author":6,"featured_media":1550,"comment_status":"open","ping_status":"open","sticky":false,"template":"","format":"standard","meta":{"footnotes":""},"categories":[5],"tags":[66,51,64,59,65,67],"location":[],"class_list":["post-1549","post","type-post","status-publish","format-standard","has-post-thumbnail","hentry","category-discovery","tag-ferien-im-herbst","tag-herbst","tag-herbstferien","tag-herbsturlaub","tag-urlaub-im-herbst","tag-urlaub-in-den-herbstferien"],"acf":[],"yoast_head":"<!-- This site is optimized with the Yoast SEO plugin v27.5 - https:\/\/yoast.com\/product\/yoast-seo-wordpress\/ -->\n<title>Die sch\u00f6nsten Orte f\u00fcr Urlaub in den Herbstferien | Belvilla<\/title>\n<meta name=\"description\" content=\"Der n\u00e4chste Urlaub in den Herbstferien wird geplant? Wir zeigen, wohin eure n\u00e4chste Reise gehen kann. Wir haben die sch\u00f6nsten Orte f\u00fcr euren Herbsturlaub zusammengestellt.\" \/>\n<meta name=\"robots\" content=\"index, follow, max-snippet:-1, max-image-preview:large, max-video-preview:-1\" \/>\n<link rel=\"canonical\" href=\"https:\/\/www.belvilla.de\/blog\/urlaub-herbstferien\/\" \/>\n<meta property=\"og:locale\" content=\"de_DE\" \/>\n<meta property=\"og:type\" content=\"article\" \/>\n<meta property=\"og:title\" content=\"Die sch\u00f6nsten Orte f\u00fcr Urlaub in den Herbstferien | Belvilla\" \/>\n<meta property=\"og:description\" content=\"Der n\u00e4chste Urlaub in den Herbstferien wird geplant? Wir zeigen, wohin eure n\u00e4chste Reise gehen kann. Wir haben die sch\u00f6nsten Orte f\u00fcr euren Herbsturlaub zusammengestellt.\" \/>\n<meta property=\"og:url\" content=\"https:\/\/www.belvilla.de\/blog\/urlaub-herbstferien\/\" \/>\n<meta property=\"og:site_name\" content=\"Belvilla Blog DE\" \/>\n<meta property=\"article:published_time\" content=\"2022-10-23T09:33:00+00:00\" \/>\n<meta property=\"article:modified_time\" content=\"2023-08-28T21:20:29+00:00\" \/>\n<meta property=\"og:image\" content=\"https:\/\/www.belvilla.de\/blog\/wp-content\/uploads\/sites\/4\/2022\/10\/shutterstock_1438256546.jpg\" \/>\n\t<meta property=\"og:image:width\" content=\"1024\" \/>\n\t<meta property=\"og:image:height\" content=\"683\" \/>\n\t<meta property=\"og:image:type\" content=\"image\/jpeg\" \/>\n<meta name=\"twitter:card\" content=\"summary_large_image\" \/>\n<meta name=\"twitter:label1\" content=\"Verfasst von\" \/>\n\t<meta name=\"twitter:data1\" content=\"\" \/>\n\t<meta name=\"twitter:label2\" content=\"Gesch\u00e4tzte Lesezeit\" \/>\n\t<meta name=\"twitter:data2\" content=\"6\u00a0Minuten\" \/>\n<script type=\"application\/ld+json\" class=\"yoast-schema-graph\">{\"@context\":\"https:\\\/\\\/schema.org\",\"@graph\":[{\"@type\":\"Article\",\"@id\":\"https:\\\/\\\/www.belvilla.de\\\/blog\\\/urlaub-herbstferien\\\/#article\",\"isPartOf\":{\"@id\":\"https:\\\/\\\/www.belvilla.de\\\/blog\\\/urlaub-herbstferien\\\/\"},\"author\":{\"name\":\"\",\"@id\":\"\"},\"headline\":\"Die sch\u00f6nsten Orte f\u00fcr Urlaub in den Herbstferien\",\"datePublished\":\"2022-10-23T09:33:00+00:00\",\"dateModified\":\"2023-08-28T21:20:29+00:00\",\"mainEntityOfPage\":{\"@id\":\"https:\\\/\\\/www.belvilla.de\\\/blog\\\/urlaub-herbstferien\\\/\"},\"wordCount\":915,\"commentCount\":0,\"image\":{\"@id\":\"https:\\\/\\\/www.belvilla.de\\\/blog\\\/urlaub-herbstferien\\\/#primaryimage\"},\"thumbnailUrl\":\"https:\\\/\\\/www.belvilla.de\\\/blog\\\/wp-content\\\/uploads\\\/sites\\\/4\\\/2022\\\/10\\\/shutterstock_1438256546.jpg\",\"keywords\":[\"Ferien im Herbst\",\"herbst\",\"Herbstferien\",\"herbsturlaub\",\"Urlaub im Herbst\",\"Urlaub in den Herbstferien\"],\"articleSection\":[\"Discovery\"],\"inLanguage\":\"de\",\"potentialAction\":[{\"@type\":\"CommentAction\",\"name\":\"Comment\",\"target\":[\"https:\\\/\\\/www.belvilla.de\\\/blog\\\/urlaub-herbstferien\\\/#respond\"]}]},{\"@type\":\"WebPage\",\"@id\":\"https:\\\/\\\/www.belvilla.de\\\/blog\\\/urlaub-herbstferien\\\/\",\"url\":\"https:\\\/\\\/www.belvilla.de\\\/blog\\\/urlaub-herbstferien\\\/\",\"name\":\"Die sch\u00f6nsten Orte f\u00fcr Urlaub in den Herbstferien | Belvilla\",\"isPartOf\":{\"@id\":\"https:\\\/\\\/www.belvilla.de\\\/blog\\\/#website\"},\"primaryImageOfPage\":{\"@id\":\"https:\\\/\\\/www.belvilla.de\\\/blog\\\/urlaub-herbstferien\\\/#primaryimage\"},\"image\":{\"@id\":\"https:\\\/\\\/www.belvilla.de\\\/blog\\\/urlaub-herbstferien\\\/#primaryimage\"},\"thumbnailUrl\":\"https:\\\/\\\/www.belvilla.de\\\/blog\\\/wp-content\\\/uploads\\\/sites\\\/4\\\/2022\\\/10\\\/shutterstock_1438256546.jpg\",\"datePublished\":\"2022-10-23T09:33:00+00:00\",\"dateModified\":\"2023-08-28T21:20:29+00:00\",\"author\":{\"@id\":\"\"},\"description\":\"Der n\u00e4chste Urlaub in den Herbstferien wird geplant? Wir zeigen, wohin eure n\u00e4chste Reise gehen kann. Wir haben die sch\u00f6nsten Orte f\u00fcr euren Herbsturlaub zusammengestellt.\",\"breadcrumb\":{\"@id\":\"https:\\\/\\\/www.belvilla.de\\\/blog\\\/urlaub-herbstferien\\\/#breadcrumb\"},\"inLanguage\":\"de\",\"potentialAction\":[{\"@type\":\"ReadAction\",\"target\":[\"https:\\\/\\\/www.belvilla.de\\\/blog\\\/urlaub-herbstferien\\\/\"]}]},{\"@type\":\"ImageObject\",\"inLanguage\":\"de\",\"@id\":\"https:\\\/\\\/www.belvilla.de\\\/blog\\\/urlaub-herbstferien\\\/#primaryimage\",\"url\":\"https:\\\/\\\/www.belvilla.de\\\/blog\\\/wp-content\\\/uploads\\\/sites\\\/4\\\/2022\\\/10\\\/shutterstock_1438256546.jpg\",\"contentUrl\":\"https:\\\/\\\/www.belvilla.de\\\/blog\\\/wp-content\\\/uploads\\\/sites\\\/4\\\/2022\\\/10\\\/shutterstock_1438256546.jpg\",\"width\":1024,\"height\":683,\"caption\":\"Familie zusammen drau\u00dfen bei Sonnenuntergang\"},{\"@type\":\"BreadcrumbList\",\"@id\":\"https:\\\/\\\/www.belvilla.de\\\/blog\\\/urlaub-herbstferien\\\/#breadcrumb\",\"itemListElement\":[{\"@type\":\"ListItem\",\"position\":1,\"name\":\"Home\",\"item\":\"https:\\\/\\\/www.belvilla.de\\\/blog\\\/\"},{\"@type\":\"ListItem\",\"position\":2,\"name\":\"Die sch\u00f6nsten Orte f\u00fcr Urlaub in den Herbstferien\"}]},{\"@type\":\"WebSite\",\"@id\":\"https:\\\/\\\/www.belvilla.de\\\/blog\\\/#website\",\"url\":\"https:\\\/\\\/www.belvilla.de\\\/blog\\\/\",\"name\":\"Belvilla Blog DE\",\"description\":\"\",\"potentialAction\":[{\"@type\":\"SearchAction\",\"target\":{\"@type\":\"EntryPoint\",\"urlTemplate\":\"https:\\\/\\\/www.belvilla.de\\\/blog\\\/?s={search_term_string}\"},\"query-input\":{\"@type\":\"PropertyValueSpecification\",\"valueRequired\":true,\"valueName\":\"search_term_string\"}}],\"inLanguage\":\"de\"},{\"@type\":\"Person\",\"@id\":\"\"}]}<\/script>\n<!-- \/ Yoast SEO plugin. -->","yoast_head_json":{"title":"Die sch\u00f6nsten Orte f\u00fcr Urlaub in den Herbstferien | Belvilla","description":"Der n\u00e4chste Urlaub in den Herbstferien wird geplant? Wir zeigen, wohin eure n\u00e4chste Reise gehen kann. Wir haben die sch\u00f6nsten Orte f\u00fcr euren Herbsturlaub zusammengestellt.","robots":{"index":"index","follow":"follow","max-snippet":"max-snippet:-1","max-image-preview":"max-image-preview:large","max-video-preview":"max-video-preview:-1"},"canonical":"https:\/\/www.belvilla.de\/blog\/urlaub-herbstferien\/","og_locale":"de_DE","og_type":"article","og_title":"Die sch\u00f6nsten Orte f\u00fcr Urlaub in den Herbstferien | Belvilla","og_description":"Der n\u00e4chste Urlaub in den Herbstferien wird geplant? Wir zeigen, wohin eure n\u00e4chste Reise gehen kann. Wir haben die sch\u00f6nsten Orte f\u00fcr euren Herbsturlaub zusammengestellt.","og_url":"https:\/\/www.belvilla.de\/blog\/urlaub-herbstferien\/","og_site_name":"Belvilla Blog DE","article_published_time":"2022-10-23T09:33:00+00:00","article_modified_time":"2023-08-28T21:20:29+00:00","og_image":[{"width":1024,"height":683,"url":"https:\/\/www.belvilla.de\/blog\/wp-content\/uploads\/sites\/4\/2022\/10\/shutterstock_1438256546.jpg","type":"image\/jpeg"}],"twitter_card":"summary_large_image","twitter_misc":{"Verfasst von":"","Gesch\u00e4tzte Lesezeit":"6\u00a0Minuten"},"schema":{"@context":"https:\/\/schema.org","@graph":[{"@type":"Article","@id":"https:\/\/www.belvilla.de\/blog\/urlaub-herbstferien\/#article","isPartOf":{"@id":"https:\/\/www.belvilla.de\/blog\/urlaub-herbstferien\/"},"author":{"name":"","@id":""},"headline":"Die sch\u00f6nsten Orte f\u00fcr Urlaub in den Herbstferien","datePublished":"2022-10-23T09:33:00+00:00","dateModified":"2023-08-28T21:20:29+00:00","mainEntityOfPage":{"@id":"https:\/\/www.belvilla.de\/blog\/urlaub-herbstferien\/"},"wordCount":915,"commentCount":0,"image":{"@id":"https:\/\/www.belvilla.de\/blog\/urlaub-herbstferien\/#primaryimage"},"thumbnailUrl":"https:\/\/www.belvilla.de\/blog\/wp-content\/uploads\/sites\/4\/2022\/10\/shutterstock_1438256546.jpg","keywords":["Ferien im Herbst","herbst","Herbstferien","herbsturlaub","Urlaub im Herbst","Urlaub in den Herbstferien"],"articleSection":["Discovery"],"inLanguage":"de","potentialAction":[{"@type":"CommentAction","name":"Comment","target":["https:\/\/www.belvilla.de\/blog\/urlaub-herbstferien\/#respond"]}]},{"@type":"WebPage","@id":"https:\/\/www.belvilla.de\/blog\/urlaub-herbstferien\/","url":"https:\/\/www.belvilla.de\/blog\/urlaub-herbstferien\/","name":"Die sch\u00f6nsten Orte f\u00fcr Urlaub in den Herbstferien | Belvilla","isPartOf":{"@id":"https:\/\/www.belvilla.de\/blog\/#website"},"primaryImageOfPage":{"@id":"https:\/\/www.belvilla.de\/blog\/urlaub-herbstferien\/#primaryimage"},"image":{"@id":"https:\/\/www.belvilla.de\/blog\/urlaub-herbstferien\/#primaryimage"},"thumbnailUrl":"https:\/\/www.belvilla.de\/blog\/wp-content\/uploads\/sites\/4\/2022\/10\/shutterstock_1438256546.jpg","datePublished":"2022-10-23T09:33:00+00:00","dateModified":"2023-08-28T21:20:29+00:00","author":{"@id":""},"description":"Der n\u00e4chste Urlaub in den Herbstferien wird geplant? Wir zeigen, wohin eure n\u00e4chste Reise gehen kann. Wir haben die sch\u00f6nsten Orte f\u00fcr euren Herbsturlaub zusammengestellt.","breadcrumb":{"@id":"https:\/\/www.belvilla.de\/blog\/urlaub-herbstferien\/#breadcrumb"},"inLanguage":"de","potentialAction":[{"@type":"ReadAction","target":["https:\/\/www.belvilla.de\/blog\/urlaub-herbstferien\/"]}]},{"@type":"ImageObject","inLanguage":"de","@id":"https:\/\/www.belvilla.de\/blog\/urlaub-herbstferien\/#primaryimage","url":"https:\/\/www.belvilla.de\/blog\/wp-content\/uploads\/sites\/4\/2022\/10\/shutterstock_1438256546.jpg","contentUrl":"https:\/\/www.belvilla.de\/blog\/wp-content\/uploads\/sites\/4\/2022\/10\/shutterstock_1438256546.jpg","width":1024,"height":683,"caption":"Familie zusammen drau\u00dfen bei Sonnenuntergang"},{"@type":"BreadcrumbList","@id":"https:\/\/www.belvilla.de\/blog\/urlaub-herbstferien\/#breadcrumb","itemListElement":[{"@type":"ListItem","position":1,"name":"Home","item":"https:\/\/www.belvilla.de\/blog\/"},{"@type":"ListItem","position":2,"name":"Die sch\u00f6nsten Orte f\u00fcr Urlaub in den Herbstferien"}]},{"@type":"WebSite","@id":"https:\/\/www.belvilla.de\/blog\/#website","url":"https:\/\/www.belvilla.de\/blog\/","name":"Belvilla Blog DE","description":"","potentialAction":[{"@type":"SearchAction","target":{"@type":"EntryPoint","urlTemplate":"https:\/\/www.belvilla.de\/blog\/?s={search_term_string}"},"query-input":{"@type":"PropertyValueSpecification","valueRequired":true,"valueName":"search_term_string"}}],"inLanguage":"de"},{"@type":"Person","@id":""}]}},"_links":{"self":[{"href":"https:\/\/www.belvilla.de\/blog\/wp-json\/wp\/v2\/posts\/1549","targetHints":{"allow":["GET"]}}],"collection":[{"href":"https:\/\/www.belvilla.de\/blog\/wp-json\/wp\/v2\/posts"}],"about":[{"href":"https:\/\/www.belvilla.de\/blog\/wp-json\/wp\/v2\/types\/post"}],"author":[{"embeddable":true,"href":"https:\/\/www.belvilla.de\/blog\/wp-json\/wp\/v2\/users\/6"}],"replies":[{"embeddable":true,"href":"https:\/\/www.belvilla.de\/blog\/wp-json\/wp\/v2\/comments?post=1549"}],"version-history":[{"count":5,"href":"https:\/\/www.belvilla.de\/blog\/wp-json\/wp\/v2\/posts\/1549\/revisions"}],"predecessor-version":[{"id":3328,"href":"https:\/\/www.belvilla.de\/blog\/wp-json\/wp\/v2\/posts\/1549\/revisions\/3328"}],"wp:featuredmedia":[{"embeddable":true,"href":"https:\/\/www.belvilla.de\/blog\/wp-json\/wp\/v2\/media\/1550"}],"wp:attachment":[{"href":"https:\/\/www.belvilla.de\/blog\/wp-json\/wp\/v2\/media?parent=1549"}],"wp:term":[{"taxonomy":"category","embeddable":true,"href":"https:\/\/www.belvilla.de\/blog\/wp-json\/wp\/v2\/categories?post=1549"},{"taxonomy":"post_tag","embeddable":true,"href":"https:\/\/www.belvilla.de\/blog\/wp-json\/wp\/v2\/tags?post=1549"},{"taxonomy":"location","embeddable":true,"href":"https:\/\/www.belvilla.de\/blog\/wp-json\/wp\/v2\/location?post=1549"}],"curies":[{"name":"wp","href":"https:\/\/api.w.org\/{rel}","templated":true}]}}